{"id":48954,"date":"2025-04-24T10:41:10","date_gmt":"2025-04-24T10:41:10","guid":{"rendered":"https:\/\/www.europesays.com\/fr\/48954\/"},"modified":"2025-04-24T10:41:10","modified_gmt":"2025-04-24T10:41:10","slug":"action-frappe-fort-avec-cette-table-jardiniere-a-moins-de-10-e-pour-balcon-malin","status":"publish","type":"post","link":"https:\/\/www.europesays.com\/fr\/48954\/","title":{"rendered":"Action frappe fort avec cette table-jardini\u00e8re \u00e0 moins de 10 \u20ac pour balcon malin"},"content":{"rendered":"<p>\t\t\t\t\t Un meuble 2-en-1 pens\u00e9 pour les petits espaces<\/p>\n<p class=\"\" data-start=\"1019\" data-end=\"1333\">Les balcons urbains sont souvent exigus, et chaque centim\u00e8tre compte. Avec cette <a href=\"https:\/\/www.action.com\/fr-fr\/p\/3211099\/table-de-balcon-avec-jardiniere-toledo\/\" target=\"_blank\" rel=\"noopener\"><strong data-start=\"1100\" data-end=\"1131\">table-jardini\u00e8re ing\u00e9nieuse<\/strong><\/a>, Action propose une solution \u00e0 la fois <strong data-start=\"1171\" data-end=\"1210\">compacte, polyvalente et d\u00e9corative<\/strong>. Gr\u00e2ce \u00e0 son syst\u00e8me de fixation, elle <strong data-start=\"1250\" data-end=\"1300\">s\u2019accroche directement \u00e0 la rambarde du balcon<\/strong>, lib\u00e9rant ainsi l\u2019espace au sol.<\/p>\n<p class=\"\" data-start=\"1335\" data-end=\"1686\">La partie sup\u00e9rieure peut accueillir <strong data-start=\"1372\" data-end=\"1443\">une tasse, un livre, une tablette ou un petit d\u00e9jeuner en ext\u00e9rieur<\/strong>, tandis que le compartiment inf\u00e9rieur int\u00e8gre une <strong data-start=\"1494\" data-end=\"1580\">jardini\u00e8re pratique pour y planter fleurs, herbes aromatiques ou plantes tombantes<\/strong>. L\u2019ensemble est con\u00e7u pour <strong data-start=\"1608\" data-end=\"1686\">optimiser la surface sans sacrifier ni la fonctionnalit\u00e9, ni l\u2019esth\u00e9tique.<\/strong><\/p>\n<p><img loading=\"lazy\" decoding=\"async\" class=\"size-full wp-image-17929\" src=\"data:image\/svg+xml,%3Csvg%20xmlns=\" http:=\"\" alt=\"Table Jardinie\u0300re Balcon Action\" width=\"1368\" height=\"1368\" data-lazy- data-lazy- data-lazy-src=\"https:\/\/www.europesays.com\/fr\/wp-content\/uploads\/2025\/04\/table-jardiniere-balcon-Action.jpeg\"\/>\u00a9 Action<br \/>\n Un design sobre et une conception \u00e9coresponsable<\/p>\n<p class=\"\" data-start=\"1746\" data-end=\"2073\">La table Toledo s\u00e9duit aussi par sa <strong data-start=\"1782\" data-end=\"1814\">ligne sobre et contemporaine<\/strong>, qui s\u2019adapte \u00e0 tous les styles d\u2019am\u00e9nagement ext\u00e9rieur. Fabriqu\u00e9e en <strong data-start=\"1885\" data-end=\"1914\">plastique recycl\u00e9 \u00e0 100 %<\/strong>, elle r\u00e9siste bien aux intemp\u00e9ries, aux UV et aux variations de temp\u00e9rature. Un atout pour ceux qui cherchent <strong data-start=\"2025\" data-end=\"2072\">une solution durable et facile \u00e0 entretenir<\/strong>.<\/p>\n<p class=\"\" data-start=\"2075\" data-end=\"2224\">Son coloris noir discret et \u00e9l\u00e9gant en fait un <strong data-start=\"2122\" data-end=\"2153\">\u00e9l\u00e9ment neutre et modulable<\/strong>, aussi \u00e0 l\u2019aise sur un balcon v\u00e9g\u00e9talis\u00e9 que sur une terrasse moderne.<\/p>\n<p>Installation rapide, usage quotidien<\/p>\n<p class=\"\" data-start=\"2272\" data-end=\"2606\">Aucune comp\u00e9tence particuli\u00e8re n\u2019est requise pour l\u2019installation : <strong data-start=\"2339\" data-end=\"2399\">la table s\u2019accroche simplement sur une rambarde standard<\/strong>. Elle reste bien stable une fois en place, m\u00eame si elle est charg\u00e9e de quelques objets ou de terreau. Elle peut \u00eatre install\u00e9e <strong data-start=\"2527\" data-end=\"2581\">temporairement ou laiss\u00e9e en place toute la saison<\/strong>, en fonction des envies.<\/p>\n<p class=\"\" data-start=\"2608\" data-end=\"2879\">Une fois fix\u00e9e, elle devient un <strong data-start=\"2640\" data-end=\"2668\">\u00e9l\u00e9ment multifonctionnel<\/strong> du quotidien : coin caf\u00e9, support pour ordinateur portable, mini-bureau d\u2019ext\u00e9rieur, \u00e9tag\u00e8re d\u00e9co\u2026 <strong data-start=\"2768\" data-end=\"2791\">et jardini\u00e8re utile<\/strong>, notamment pour les citadins qui veulent cultiver des herbes fra\u00eeches \u00e0 port\u00e9e de main.<\/p>\n<p> Un prix mini pour un effet maxi<\/p>\n<p class=\"\" data-start=\"2922\" data-end=\"3222\">Propos\u00e9e \u00e0 <a href=\"https:\/\/www.action.com\/fr-fr\/p\/3211099\/table-de-balcon-avec-jardiniere-toledo\/\" target=\"_blank\" rel=\"noopener\"><strong data-start=\"2933\" data-end=\"2956\">7,95 \u20ac en promotion<\/strong><\/a> dans tous les magasins Action du 23 au 29 avril, la table-jardini\u00e8re Toledo repr\u00e9sente une <strong data-start=\"3048\" data-end=\"3084\">opportunit\u00e9 \u00e0 saisir sans tarder<\/strong>. En dehors de cette p\u00e9riode, son prix habituel reste tr\u00e8s attractif, mais l\u2019offre en cours rend ce petit meuble encore plus irr\u00e9sistible.<\/p>\n<p><img loading=\"lazy\" decoding=\"async\" class=\"size-full wp-image-17931\" src=\"data:image\/svg+xml,%3Csvg%20xmlns=\" http:=\"\" alt=\"promo action jardinie\u0300re balcon\" width=\"2120\" height=\"1414\" data-lazy- data-lazy- data-lazy-src=\"https:\/\/www.europesays.com\/fr\/wp-content\/uploads\/2025\/04\/promo-action-jardiniere-balcon.jpg\"\/>\u00a9 iStock<\/p>\n<p>Attention :<\/p>\n<p> cette promotion est valable uniquement en magasin, dans la limite des stocks disponibles. Compte tenu de l\u2019int\u00e9r\u00eat qu\u2019elle suscite et de son excellent rapport qualit\u00e9-prix, il est vivement recommand\u00e9 de ne pas attendre la derni\u00e8re minute.\n<\/p>\n<p> Tableau des sp\u00e9cifications techniques<\/p>\n<tr data-start=\"3527\" data-end=\"3610\">\n<strong data-start=\"3529\" data-end=\"3549\">Caract\u00e9ristiques<\/strong><br \/>\n<strong data-start=\"3559\" data-end=\"3570\">D\u00e9tails<\/strong><br \/>\n<\/tr>\n<tr data-start=\"3695\" data-end=\"3778\">\n<td class=\"max-w-[calc(var(--thread-content-max-width)*2\/3)]\" data-start=\"3695\" data-end=\"3725\"><strong data-start=\"3697\" data-end=\"3715\">Nom du produit<\/strong><\/td>\n<td class=\"max-w-[calc(var(--thread-content-max-width)*2\/3)]\" data-start=\"3725\" data-end=\"3778\">Table de balcon avec jardini\u00e8re Toledo<\/td>\n<\/tr>\n<tr data-start=\"3779\" data-end=\"3862\">\n<td class=\"max-w-[calc(var(--thread-content-max-width)*2\/3)]\" data-start=\"3779\" data-end=\"3809\"><strong data-start=\"3781\" data-end=\"3795\">Dimensions<\/strong><\/td>\n<td class=\"max-w-[calc(var(--thread-content-max-width)*2\/3)]\" data-start=\"3809\" data-end=\"3862\">39 x 54 x 26 cm<\/td>\n<\/tr>\n<tr data-start=\"3863\" data-end=\"3946\">\n<td class=\"max-w-[calc(var(--thread-content-max-width)*2\/3)]\" data-start=\"3863\" data-end=\"3893\"><strong data-start=\"3865\" data-end=\"3877\">Mat\u00e9riau<\/strong><\/td>\n<td class=\"max-w-[calc(var(--thread-content-max-width)*2\/3)]\" data-start=\"3893\" data-end=\"3946\">Plastique recycl\u00e9 \u00e0 100 %<\/td>\n<\/tr>\n<tr data-start=\"3947\" data-end=\"4030\">\n<td class=\"max-w-[calc(var(--thread-content-max-width)*2\/3)]\" data-start=\"3947\" data-end=\"3977\"><strong data-start=\"3949\" data-end=\"3960\">Couleur<\/strong><\/td>\n<td class=\"max-w-[calc(var(--thread-content-max-width)*2\/3)]\" data-start=\"3977\" data-end=\"4030\">Noir<\/td>\n<\/tr>\n<tr data-start=\"4031\" data-end=\"4114\">\n<td class=\"max-w-[calc(var(--thread-content-max-width)*2\/3)]\" data-start=\"4031\" data-end=\"4061\"><strong data-start=\"4033\" data-end=\"4048\">Utilisation<\/strong><\/td>\n<td class=\"max-w-[calc(var(--thread-content-max-width)*2\/3)] min-w-[calc(var(--thread-content-max-width)\/3)]\" data-start=\"4061\" data-end=\"4114\">Ext\u00e9rieure \u2013 \u00e0 fixer sur une rambarde de balcon<\/td>\n<\/tr>\n<tr data-start=\"4115\" data-end=\"4198\">\n<td class=\"max-w-[calc(var(--thread-content-max-width)*2\/3)]\" data-start=\"4115\" data-end=\"4145\"><strong data-start=\"4117\" data-end=\"4129\">Fixation<\/strong><\/td>\n<td class=\"max-w-[calc(var(--thread-content-max-width)*2\/3)]\" data-start=\"4145\" data-end=\"4198\">Accroche simple, sans outil<\/td>\n<\/tr>\n<tr data-start=\"4199\" data-end=\"4282\">\n<td class=\"max-w-[calc(var(--thread-content-max-width)*2\/3)]\" data-start=\"4199\" data-end=\"4229\"><strong data-start=\"4201\" data-end=\"4227\">Capacit\u00e9 de plantation<\/strong><\/td>\n<td class=\"max-w-[calc(var(--thread-content-max-width)*2\/3)] min-w-[calc(var(--thread-content-max-width)\/3)]\" data-start=\"4229\" data-end=\"4282\">Jardini\u00e8re int\u00e9gr\u00e9e (fleurs, aromatiques\u2026)<\/td>\n<\/tr>\n<tr data-start=\"4283\" data-end=\"4366\">\n<td class=\"max-w-[calc(var(--thread-content-max-width)*2\/3)]\" data-start=\"4283\" data-end=\"4313\"><strong data-start=\"4285\" data-end=\"4298\">Entretien<\/strong><\/td>\n<td class=\"max-w-[calc(var(--thread-content-max-width)*2\/3)]\" data-start=\"4313\" data-end=\"4366\">Nettoyage \u00e0 l\u2019eau claire<\/td>\n<\/tr>\n<tr data-start=\"4367\" data-end=\"4450\">\n<td class=\"max-w-[calc(var(--thread-content-max-width)*2\/3)]\" data-start=\"4367\" data-end=\"4397\"><strong data-start=\"4369\" data-end=\"4390\">Prix promotionnel<\/strong><\/td>\n<td class=\"max-w-[calc(var(--thread-content-max-width)*2\/3)]\" data-start=\"4397\" data-end=\"4450\">7,95 \u20ac<\/td>\n<\/tr>\n<tr data-start=\"4451\" data-end=\"4534\">\n<td class=\"max-w-[calc(var(--thread-content-max-width)*2\/3)]\" data-start=\"4451\" data-end=\"4481\"><strong data-start=\"4453\" data-end=\"4477\">P\u00e9riode de promotion<\/strong><\/td>\n<td class=\"max-w-[calc(var(--thread-content-max-width)*2\/3)] min-w-[calc(var(--thread-content-max-width)\/3)]\" data-start=\"4481\" data-end=\"4534\">Du 23\/04 au 29\/04 (en magasin uniquement)<\/td>\n<\/tr>\n<tr data-start=\"4535\" data-end=\"4618\">\n<td class=\"max-w-[calc(var(--thread-content-max-width)*2\/3)]\" data-start=\"4535\" data-end=\"4565\"><strong data-start=\"4537\" data-end=\"4558\">R\u00e9f\u00e9rence produit<\/strong><\/td>\n<td class=\"max-w-[calc(var(--thread-content-max-width)*2\/3)]\" data-start=\"4565\" data-end=\"4618\">3211099<\/td>\n<\/tr>\n<p> Une belle id\u00e9e pour profiter pleinement de son ext\u00e9rieur<\/p>\n<p class=\"\" data-start=\"4686\" data-end=\"4970\">Avec la table-jardini\u00e8re Toledo, Action propose <strong data-start=\"4734\" data-end=\"4772\">une r\u00e9ponse simple et intelligente<\/strong> aux d\u00e9fis d\u2019am\u00e9nagement ext\u00e9rieur en milieu urbain. \u00c0 la fois <strong data-start=\"4835\" data-end=\"4888\">design, fonctionnelle, robuste et ultra-abordable<\/strong>, elle permet de <strong data-start=\"4905\" data-end=\"4969\">transformer un balcon banal en coin cosy, pratique et fleuri<\/strong>.<\/p>\n<p class=\"\" data-start=\"4972\" data-end=\"5205\">Cette offre sp\u00e9ciale, <strong data-start=\"4994\" data-end=\"5027\">valable une semaine seulement<\/strong>, combine esth\u00e9tique, \u00e9cologie et praticit\u00e9 \u00e0 prix mini. Pour en profiter, <strong data-start=\"5102\" data-end=\"5146\">rendez-vous en magasin avant le 29 avril<\/strong> \u2013 car \u00e0 ce prix-l\u00e0, il n\u2019y en aura pas pour tout le monde.<\/p>\n","protected":false},"excerpt":{"rendered":"Un meuble 2-en-1 pens\u00e9 pour les petits espaces Les balcons urbains sont souvent exigus, et chaque centim\u00e8tre compte.&hellip;\n","protected":false},"author":2,"featured_media":48955,"comment_status":"","ping_status":"","sticky":false,"template":"","format":"standard","meta":{"footnotes":""},"categories":[7],"tags":[14071,1011,27,14072,56,43,40,41,39,4611,42,44],"class_list":{"0":"post-48954","1":"post","2":"type-post","3":"status-publish","4":"format-standard","5":"has-post-thumbnail","7":"category-sciences-et-technologies","8":"tag-balcon","9":"tag-fr","10":"tag-france","11":"tag-jardiniere","12":"tag-push","13":"tag-science","14":"tag-science-and-technology","15":"tag-sciences","16":"tag-sciences-et-technologies","17":"tag-table","18":"tag-technologies","19":"tag-technology"},"share_on_mastodon":{"url":"https:\/\/pubeurope.com\/@fr\/114392523441025623","error":""},"_links":{"self":[{"href":"https:\/\/www.europesays.com\/fr\/wp-json\/wp\/v2\/posts\/48954","targetHints":{"allow":["GET"]}}],"collection":[{"href":"https:\/\/www.europesays.com\/fr\/wp-json\/wp\/v2\/posts"}],"about":[{"href":"https:\/\/www.europesays.com\/fr\/wp-json\/wp\/v2\/types\/post"}],"author":[{"embeddable":true,"href":"https:\/\/www.europesays.com\/fr\/wp-json\/wp\/v2\/users\/2"}],"replies":[{"embeddable":true,"href":"https:\/\/www.europesays.com\/fr\/wp-json\/wp\/v2\/comments?post=48954"}],"version-history":[{"count":0,"href":"https:\/\/www.europesays.com\/fr\/wp-json\/wp\/v2\/posts\/48954\/revisions"}],"wp:featuredmedia":[{"embeddable":true,"href":"https:\/\/www.europesays.com\/fr\/wp-json\/wp\/v2\/media\/48955"}],"wp:attachment":[{"href":"https:\/\/www.europesays.com\/fr\/wp-json\/wp\/v2\/media?parent=48954"}],"wp:term":[{"taxonomy":"category","embeddable":true,"href":"https:\/\/www.europesays.com\/fr\/wp-json\/wp\/v2\/categories?post=48954"},{"taxonomy":"post_tag","embeddable":true,"href":"https:\/\/www.europesays.com\/fr\/wp-json\/wp\/v2\/tags?post=48954"}],"curies":[{"name":"wp","href":"https:\/\/api.w.org\/{rel}","templated":true}]}}