{"id":489548,"date":"2025-10-25T18:02:13","date_gmt":"2025-10-25T18:02:13","guid":{"rendered":"https:\/\/www.europesays.com\/fr\/489548\/"},"modified":"2025-10-25T18:02:13","modified_gmt":"2025-10-25T18:02:13","slug":"lassociation-nous-strasbourg-veut-peser-sur-la-campagne","status":"publish","type":"post","link":"https:\/\/www.europesays.com\/fr\/489548\/","title":{"rendered":"l\u2019association Nous Strasbourg veut peser sur la campagne"},"content":{"rendered":"<p>Autour d\u2019une tasse de th\u00e9, au caf\u00e9 Broglie, ils mettent au point leur strat\u00e9gie. Le calme et la d\u00e9tente, propres \u00e0 l\u2019endroit, n\u2019enl\u00e8vent rien \u00e0 leur d\u00e9termination pour \u00ab\u00a0infl\u00e9chir le d\u00e9bat\u00a0\u00bb en vue des municipales. Une campagne qui manque de \u00ab\u00a0lisibilit\u00e9\u00a0\u00bb et s\u2019apparente \u00e0 un \u00ab\u00a0bal des revenants\u00a0\u00bb, d\u00e9plorent les porte-paroles de <a href=\"https:\/\/www.facebook.com\/people\/Nous-Strasbourg\/61576954127368\/\" target=\"_blank\" rel=\"nofollow noopener\">Nous Strasbourg<\/a>.<\/p>\n<p>Pas question, toutefois, de rejoindre le \u201cBarseghian-bashing\u201d dans l\u2019air du temps\u00a0: \u00ab\u00a0Le \u201ctout sauf elle\u201d, cela ne nous int\u00e9resse pas\u00a0\u00bb, assurent-ils, pr\u00eats \u00e0 rallier celle ou celui qui offrira plus que des d\u00e9clarations de principe. Nous retrouvons Yves Sager, Driss Rharrouz et Dominique B\u00e9zu, respectivement pr\u00e9sident et vice-pr\u00e9sidents de l\u2019association, cr\u00e9\u00e9e en mars\u00a02025 et <a href=\"https:\/\/www.dna.fr\/elections\/2025\/07\/16\/nous-strasbourg-veut-questionner-les-candidats\" target=\"_blank\" rel=\"nofollow noopener\">lanc\u00e9e officiellement en juillet\u00a0de la m\u00eame ann\u00e9e<\/a> , pour dresser un premier bilan du projet et annoncer les prochaines initiatives.<\/p>\n<p>  Quatre axes th\u00e9matiques, quatre rencontres publiques<\/p>\n<p>\u00ab\u00a0Nous ne sommes pas des activistes, mais des pragmatiques\u00a0\u00bb, pr\u00e9cise Yves Sager. Et pour cause\u00a0: dans la qu\u00eate des priorit\u00e9s pour la mairie, ils ont anim\u00e9 une s\u00e9rie de rendez-vous avec \u00ab\u00a0des personnes de tous \u00e2ges, opinions et condition sociale [\u2026] des gens qui ont accept\u00e9 de se r\u00e9unir en \u00f4tant leur casquette politique\u00a0\u00bb, assure Dominique B\u00e9zu.<\/p>\n<p>Ces groupes ont contribu\u00e9 \u00e0 ce que se dessinent \u00ab\u00a0quatre axes th\u00e9matiques\u00a0\u00bb, qui feront l\u2019objet d\u2019autant de rencontres o\u00f9 les citoyens sont invit\u00e9s \u00e0 \u00ab\u00a0dialoguer et \u00e0 proposer\u00a0\u00bb, \u00e0 la brasserie Le Tigre , les samedis 15, 22 et 29\u00a0novembre et 6\u00a0d\u00e9cembre. Des experts seront \u00e9galement de la partie, \u00ab\u00a0pour contribuer \u00e0 l\u2019intelligence collective\u00a0\u00bb autour de culture, d\u00e9mocratie locale, \u00e9cologie-\u00e9conomie et notamment pr\u00e9carit\u00e9. \u00ab\u00a0La vraie urgence, c\u2019est le taux de 25\u00a0% de pauvret\u00e9\u00a0\u00bb, alerte Driss Rharrouz.<\/p>\n<p>  \u00ab\u00a0L\u2019heure est aux r\u00e9ponses concr\u00e8tes\u00a0\u00bb<\/p>\n<p>En parall\u00e8le, dans une lettre ouverte qui sera rendue publique ce lundi 27\u00a0octobre, Nous Strasbourg exhorte les candidats \u00e0 r\u00e9pondre \u00e0 six questions g\u00e9n\u00e9rales et d\u2019autres plus ponctuelles, \u00e0 commencer par \u00ab\u00a0comment traiter le dossier de l\u2019usine d\u2019incin\u00e9ration du groupe S\u00e9ch\u00e9\u00a0?\u00a0\u00bb\u00a0; \u00ab\u00a0quelles actions pour qu\u2019aucun enfant scolaris\u00e9 ne dorme \u00e0 la rue\u00a0?\u00a0\u00bb\u00a0; \u00ab <a href=\"https:\/\/www.dna.fr\/culture-loisirs\/2025\/04\/10\/120-millions-d-euros-pour-renover-le-batiment-de-l-opera-du-rhin\" target=\"_blank\" rel=\"nofollow noopener\">quel projet pour l\u2019Op\u00e9ra national du Rhin<\/a> ?\u00a0\u00bb<\/p>\n<p>\u00c0 d\u00e9faut d\u2019un retour constructif, la question se pose sur une possible liste \u00e9manant de l\u2019association\u00a0: \u00ab\u00a0L\u2019espace politique existe, conc\u00e8de Dominique B\u00e9zu, mais une liste demande des comp\u00e9tences, un programme et surtout de l\u2019argent [\u2026] Tout ce qui compte, c\u2019est que les candidats nous donnent des r\u00e9ponses concr\u00e8tes.\u00a0\u00bb<\/p>\n","protected":false},"excerpt":{"rendered":"Autour d\u2019une tasse de th\u00e9, au caf\u00e9 Broglie, ils mettent au point leur strat\u00e9gie. Le calme et la&hellip;\n","protected":false},"author":2,"featured_media":489549,"comment_status":"","ping_status":"","sticky":false,"template":"","format":"standard","meta":{"footnotes":""},"categories":[2820],"tags":[1111,11,2880,5949,4188,1777,674,107,1011,27,775,12,316,25,104,640,2879,1631],"class_list":{"0":"post-489548","1":"post","2":"type-post","3":"status-publish","4":"format-standard","5":"has-post-thumbnail","7":"category-strasbourg","8":"tag-actu","9":"tag-actualites","10":"tag-edition-strasbourg","11":"tag-elections","12":"tag-elections-municipales","13":"tag-eu","14":"tag-europe","15":"tag-fil-info","16":"tag-fr","17":"tag-france","18":"tag-grand-est","19":"tag-news","20":"tag-politique","21":"tag-republique-francaise","22":"tag-societe","23":"tag-strasbourg","24":"tag-strasbourg-ville","25":"tag-vie-associative"},"share_on_mastodon":{"url":"https:\/\/pubeurope.com\/@fr\/115436122804756345","error":""},"_links":{"self":[{"href":"https:\/\/www.europesays.com\/fr\/wp-json\/wp\/v2\/posts\/489548","targetHints":{"allow":["GET"]}}],"collection":[{"href":"https:\/\/www.europesays.com\/fr\/wp-json\/wp\/v2\/posts"}],"about":[{"href":"https:\/\/www.europesays.com\/fr\/wp-json\/wp\/v2\/types\/post"}],"author":[{"embeddable":true,"href":"https:\/\/www.europesays.com\/fr\/wp-json\/wp\/v2\/users\/2"}],"replies":[{"embeddable":true,"href":"https:\/\/www.europesays.com\/fr\/wp-json\/wp\/v2\/comments?post=489548"}],"version-history":[{"count":0,"href":"https:\/\/www.europesays.com\/fr\/wp-json\/wp\/v2\/posts\/489548\/revisions"}],"wp:featuredmedia":[{"embeddable":true,"href":"https:\/\/www.europesays.com\/fr\/wp-json\/wp\/v2\/media\/489549"}],"wp:attachment":[{"href":"https:\/\/www.europesays.com\/fr\/wp-json\/wp\/v2\/media?parent=489548"}],"wp:term":[{"taxonomy":"category","embeddable":true,"href":"https:\/\/www.europesays.com\/fr\/wp-json\/wp\/v2\/categories?post=489548"},{"taxonomy":"post_tag","embeddable":true,"href":"https:\/\/www.europesays.com\/fr\/wp-json\/wp\/v2\/tags?post=489548"}],"curies":[{"name":"wp","href":"https:\/\/api.w.org\/{rel}","templated":true}]}}