{"id":489550,"date":"2025-10-25T18:03:13","date_gmt":"2025-10-25T18:03:13","guid":{"rendered":"https:\/\/www.europesays.com\/fr\/489550\/"},"modified":"2025-10-25T18:03:13","modified_gmt":"2025-10-25T18:03:13","slug":"hans-hateboerg-integre-le-groupe-pour-le-match-contre-strasbourg","status":"publish","type":"post","link":"https:\/\/www.europesays.com\/fr\/489550\/","title":{"rendered":"Hans Hateboerg int\u00e8gre le groupe pour le match contre Strasbourg"},"content":{"rendered":"<p>C\u2019est un groupe lyonnais sans surprise qui est appel\u00e9 \u00e0 relever le d\u00e9fi devant Strasbourg. Comme pr\u00e9vu, le nouveau d\u00e9fenseur n\u00e9erlandais de l\u2019OL, <a href=\"https:\/\/www.leprogres.fr\/p\/hans-hateboer\" target=\"_blank\" rel=\"noopener\">Hans Hateboer<\/a> est dans le groupe. Et <a href=\"https:\/\/www.leprogres.fr\/p\/paulo-fonseca\" target=\"_blank\" rel=\"noopener\">Paulo Fonseca<\/a> dispose de solutions int\u00e9ressantes.<\/p>\n<p>\u00c0 partir de l\u00e0, le onze de d\u00e9part devrait \u00eatre assez classique. La d\u00e9fense sera celle qui a fait tr\u00e8s bonne figure depuis le d\u00e9but de saison. Au milieu, <a href=\"https:\/\/www.leprogres.fr\/p\/tanner-tessmann\" target=\"_blank\" rel=\"noopener\">Tanner Tessmann<\/a> et <a href=\"https:\/\/www.leprogres.fr\/p\/tyler-morton\" target=\"_blank\" rel=\"noopener\">Tyler Morton<\/a> d\u00e9buteront le match, sachant que <a href=\"https:\/\/www.leprogres.fr\/p\/corentin-tolisso\" target=\"_blank\" rel=\"noopener\">Corentin Tolisso<\/a> prendra sa position pr\u00e9f\u00e9rentielle un peu plus haut. L\u2019option offensive est de garder une ligne de trois avec Karabec, Satriano et Fofana. Apr\u00e8s, il y a la possibilit\u00e9 de pr\u00e9senter le dispositif vu contre l\u2019OM, sans une pointe, mais avec Merah et Tolisso. L\u2019OL aura au fil du match, l\u2019occasion de rentrer des forces vives, notamment De Carvalho, Sulc et Moreira.<\/p>\n<p><strong>Le groupe lyonnais<\/strong><\/p>\n<p>Greif, Diarra, Da Silva -Maitland-Niles, Mata, Kluivert, Niakhat\u00e9, Hateboer, Tagliafico, <a href=\"https:\/\/www.leprogres.fr\/p\/abner-vinicius\" target=\"_blank\" rel=\"noopener\">Abner<\/a> -Tessmann, De Carvalho, Morton, Merah, Sulc, Tolisso \u2013 Karabec, Satriano, Fofana, Moreira, Ghezzal.<\/p>\n","protected":false},"excerpt":{"rendered":"C\u2019est un groupe lyonnais sans surprise qui est appel\u00e9 \u00e0 relever le d\u00e9fi devant Strasbourg. Comme pr\u00e9vu, le&hellip;\n","protected":false},"author":2,"featured_media":489551,"comment_status":"","ping_status":"","sticky":false,"template":"","format":"standard","meta":{"footnotes":""},"categories":[2820],"tags":[1111,11,2757,1777,674,63,1011,27,775,2428,2756,12,2755,25,517,640],"class_list":{"0":"post-489550","1":"post","2":"type-post","3":"status-publish","4":"format-standard","5":"has-post-thumbnail","7":"category-strasbourg","8":"tag-actu","9":"tag-actualites","10":"tag-edition-lyon-villeurbanne","11":"tag-eu","12":"tag-europe","13":"tag-football","14":"tag-fr","15":"tag-france","16":"tag-grand-est","17":"tag-lyon","18":"tag-lyon-bassin","19":"tag-news","20":"tag-ol-olympique-lyonnais-football","21":"tag-republique-francaise","22":"tag-sport","23":"tag-strasbourg"},"share_on_mastodon":{"url":"https:\/\/pubeurope.com\/@fr\/115436126420896492","error":""},"_links":{"self":[{"href":"https:\/\/www.europesays.com\/fr\/wp-json\/wp\/v2\/posts\/489550","targetHints":{"allow":["GET"]}}],"collection":[{"href":"https:\/\/www.europesays.com\/fr\/wp-json\/wp\/v2\/posts"}],"about":[{"href":"https:\/\/www.europesays.com\/fr\/wp-json\/wp\/v2\/types\/post"}],"author":[{"embeddable":true,"href":"https:\/\/www.europesays.com\/fr\/wp-json\/wp\/v2\/users\/2"}],"replies":[{"embeddable":true,"href":"https:\/\/www.europesays.com\/fr\/wp-json\/wp\/v2\/comments?post=489550"}],"version-history":[{"count":0,"href":"https:\/\/www.europesays.com\/fr\/wp-json\/wp\/v2\/posts\/489550\/revisions"}],"wp:featuredmedia":[{"embeddable":true,"href":"https:\/\/www.europesays.com\/fr\/wp-json\/wp\/v2\/media\/489551"}],"wp:attachment":[{"href":"https:\/\/www.europesays.com\/fr\/wp-json\/wp\/v2\/media?parent=489550"}],"wp:term":[{"taxonomy":"category","embeddable":true,"href":"https:\/\/www.europesays.com\/fr\/wp-json\/wp\/v2\/categories?post=489550"},{"taxonomy":"post_tag","embeddable":true,"href":"https:\/\/www.europesays.com\/fr\/wp-json\/wp\/v2\/tags?post=489550"}],"curies":[{"name":"wp","href":"https:\/\/api.w.org\/{rel}","templated":true}]}}