{"id":489556,"date":"2025-10-25T18:08:27","date_gmt":"2025-10-25T18:08:27","guid":{"rendered":"https:\/\/www.europesays.com\/fr\/489556\/"},"modified":"2025-10-25T18:08:27","modified_gmt":"2025-10-25T18:08:27","slug":"nantes-a-montre-les-crocs-face-aux-sharks-dantibes","status":"publish","type":"post","link":"https:\/\/www.europesays.com\/fr\/489556\/","title":{"rendered":"Nantes a montr\u00e9 les crocs face aux \u00ab\u00a0Sharks\u00a0\u00bb d\u2019Antibes\u00a0!"},"content":{"rendered":"<p><strong>Une troisi\u00e8me victoire logique et m\u00e9rit\u00e9e pour le NBH (79\/91)<\/strong><\/p>\n<p>C\u2019est une Azur Arena bien garnie qui accueille les deux \u00e9quipes \u00e0 leur entr\u00e9e sur le parquet. C\u00f4t\u00e9 azur\u00e9en <strong>J.D Jackson<\/strong> a fait appel \u00e0<strong> Eito<\/strong>, <strong>Mosely<\/strong>, <strong>Tap\u00e9,<\/strong> <strong>Green<\/strong> et <strong>Tchouaff\u00e9<\/strong>. De son c\u00f4t\u00e9 <strong>R\u00e9my VALIN<\/strong> d\u00e9marrait la rencontre avec <strong>Bourhis<\/strong>, <strong>Kangudia<\/strong>, <strong>Van Eyck<\/strong>, <strong>Mienandi<\/strong> et <strong>Manerlax<\/strong>.<\/p>\n<p>Mis \u00e0 part le 0\/6 encaiss\u00e9 dans les deux premi\u00e8res minutes, les joueurs de <strong>R\u00e9my Valin<\/strong> auront fait la course en t\u00eate pour cette 7\u00e8me journ\u00e9e. Les azur\u00e9ens ne trouveront jamais les bonnes cl\u00e9s pour contrarier une belle machine nantaise d\u00e9termin\u00e9e \u00e0 rentrer en Loire-Atlantique avec les points de la victoire. L\u2019histoire rappelle m\u00eame que Nantes ne s\u2019\u00e9tait pas impos\u00e9 \u00e0 Antibes depuis le 22\/11\/2019 et restait sur 9 matchs sans succ\u00e8s. Voil\u00e0 le sort est conjur\u00e9 et de belle mani\u00e8re.<\/p>\n<p>Q1- 21\/<strong>23- <\/strong>Apr\u00e8s la mise en route des locaux orchestr\u00e9e par <strong>Green<\/strong> et <strong>Mosely<\/strong>, c\u2019est <strong>Van Eyck<\/strong> qui signait son retour dans l\u2019effectif avec deux prim\u00e9s successifs (6\/8-4\u00e8me). <strong>Tchouaffe <\/strong>sonne la r\u00e9plique par deux r\u00e9ussites derri\u00e8re l\u2019arc et Antibes reprend l\u2019avantage avec deux lancers de <strong>Gbetkom<\/strong> (14\/<strong>12-<\/strong>7\u00e8me). Cette fin de p\u00e9riode est quelque peu hach\u00e9e et ce sont les lancers-francs qui alimentent le tableau d\u2019affichage. <strong>Palo<\/strong> et <strong>Boum <\/strong>sont appliqu\u00e9s dans cet exercice (4\/4) et malgr\u00e9 la r\u00e9ussite de <strong>Munanga<\/strong> \u00e0 3Pts, c\u2019est <strong>Dambreville<\/strong> \u00e9galement derri\u00e8re l\u2019arc qui cl\u00f4ture le score au terme des dix premi\u00e8res minutes (21\/23).<\/p>\n<p>Q2- 19\/<strong>24<\/strong>\u2013 D\u00e8s la reprise les lig\u00e9riens remettent un coup de pression aux antibois en passant un 0\/7 imposant\u00a0 J.D Jackson a stopp\u00e9 le jeu avec un premier temps-mort (21\/<strong>30<\/strong>-12\u00e8me). Seul <strong>Green<\/strong> parvient \u00e0 limiter les d\u00e9g\u00e2ts avec un 4\/4 aux lancers et il faut attendre la 15\u00e8me minute pour que Gbetkom inscrive le premier panier antibois de la p\u00e9riode (27\/<strong>34<\/strong>-15\u00e8me). Petite inqui\u00e9tude c\u00f4t\u00e9 nantais puisque les int\u00e9rieurs sont \u00ab\u00a0faut\u00e9s\u00a0\u00bb et qu\u2019il reste encore beaucoup de temps \u00e0 jouer\u00a0! <strong>Loum<\/strong> et <strong>Munanga<\/strong> tentent de lancer la machine antiboise (34\/<strong>38<\/strong>-17\u00e8me), mais Nantes ne tremble pas et apr\u00e8s un prim\u00e9 du jeune <strong>Tanguy Peyre<\/strong>, c\u2019est <strong>Gassaud<\/strong> qui valide la marque avant de rejoindre les vestiaires (40\/<strong>47<\/strong>-20\u00e8me).<\/p>\n<p>Q3- 16\/<strong>20<\/strong>\u2013 Nantes a \u00e9t\u00e9 dominateur dans le secteur du rebond et a maintenu une pression d\u00e9fensive tout au long de cette premi\u00e8re mi-temps. Restait \u00e0 maintenir et \u00e0 confirmer les efforts fournis\u2026<strong>Van Eyck <\/strong>ravi de retrouver ses partenaires apr\u00e8s la crainte d\u2019une blessure s\u00e9rieuse au genou offre en deux actions le plus gros \u00e9cart du match \u00e0 son \u00e9quipe (40\/<strong>52<\/strong>-23\u00e8me). Antibes peine \u00e0 trouver des solutions sur demi-terrain et doit se r\u00e9soudre \u00e0 scorer via la ligne des lancers\u2026C\u00f4t\u00e9 nantais <strong>Kangudia <\/strong>\u00e0 le bras chaud \u00e0 longue distance et verrouille un troisi\u00e8me quart temps bien maitris\u00e9 (56\/<strong>67<\/strong>-30\u00e8me).<\/p>\n<p>Q4-23\/<strong>24 <\/strong>\u2013 <strong>Munanga <\/strong>d\u00e9clenche les hostilit\u00e9s de ce d\u00e9but de p\u00e9riode avec une fl\u00e8che lointaine, mais les deux (2+1) r\u00e9ussis par <strong>Gassaud <\/strong>calment les ardeurs locales. Nantes n\u2019a aucunement l\u2019intention de l\u00e2cher la bride et s\u2019offre m\u00eame 17 Pts d\u2019\u00e9cart (60\/<strong>77<\/strong>-34\u00e8me)et m\u00eame (69\/<strong>87<\/strong>-37\u00e8me). Quelques r\u00e9actions isol\u00e9es et sporadiques de <strong>Loum<\/strong>, <strong>Peyre<\/strong> et la r\u00e9ussite aux lancers de <strong>Tap\u00e9 <\/strong>ne viendront pas stopper la marche en avant nantaise, qui file tranquillement vers son troisi\u00e8me succ\u00e8s de la saison \u2026et \u00e0 l\u2019ext\u00e9rieur (79\/<strong>91<\/strong>)<strong>.<\/strong><\/p>\n<p>Une tr\u00e8s bonne op\u00e9ration pour le Nantes Basket Hermine, qui bien \u00e9videmment et ce sera dans tous les esprits, se doit de confirmer cette excellente prestation par un premier succ\u00e8s \u00e0 la maison d\u00e8s mardi soir devant <strong>Hy\u00e8res-Toulon-Var-Basket<\/strong>\u00a0! Pas trop le temps de souffler certes, mais les partenaires de <strong>Mienandi <\/strong>peuvent tout de m\u00eame savourer cette belle victoire collective obtenue l\u00e0 o\u00f9 cela n\u2019\u00e9tait pas forc\u00e9ment \u00e9vident.<\/p>\n<p><strong>Allez Nantes Basket Hermine\u00a0!<\/strong><\/p>\n<p><strong>Tcar<\/strong><\/p>\n<p><strong>La marque\u00a0:<\/strong><\/p>\n<p><strong>Antibes\u00a0: <\/strong>Tap\u00e9 10, Tchouaffe 8, Mosely 5, Green 14, Munanga 13, Veras 1, Gbetkom 11, Loum 12, Peyre 5<\/p>\n<p><strong>Nantes\u00a0: <\/strong>Manerlax 6, Mienandi 14, Van Eyck 10, Kangudia 18, Palo 11, Dambreville 8, Gassaud 9, Boum 2, Dossou 13<\/p>\n<p><strong>Les autres r\u00e9sultats de la J7<\/strong>\u00a0:<\/p>\n<p>Quimper 73 \u2013 <strong>Orl\u00e9ans 83<\/strong><\/p>\n<p>Hy\u00e8res-Toulon 96 \u2013 <strong>Gries-Souffel 100<\/strong><\/p>\n<p><strong>Roanne 97 \u2013 <\/strong>Challans 79<\/p>\n<p>Evreux 65 \u2013 <strong>Pau-Lacq-Orthez 98<\/strong><\/p>\n<p>Blois 76 \u2013<strong> Rouen 78<\/strong><\/p>\n<p><strong>St-Chamond-Andr\u00e9zieux 108 <\/strong>\u2013 La Rochelle 73<\/p>\n<p><strong>Vichy 97<\/strong> \u2013 Aix-Maurienne 75<\/p>\n<p>Ch\u00e2lons-Reims 79 \u2013 <strong>Poitiers 86<\/strong><\/p>\n<p>Caen 81 \u2013 <strong>Denain 83<\/strong><\/p>\n","protected":false},"excerpt":{"rendered":"Une troisi\u00e8me victoire logique et m\u00e9rit\u00e9e pour le NBH (79\/91) C\u2019est une Azur Arena bien garnie qui accueille&hellip;\n","protected":false},"author":2,"featured_media":489557,"comment_status":"","ping_status":"","sticky":false,"template":"","format":"standard","meta":{"footnotes":""},"categories":[2818],"tags":[1111,11,1465,1777,674,1011,27,34172,766,34173,12,2636,25],"class_list":{"0":"post-489556","1":"post","2":"type-post","3":"status-publish","4":"format-standard","5":"has-post-thumbnail","7":"category-nantes","8":"tag-actu","9":"tag-actualites","10":"tag-basket","11":"tag-eu","12":"tag-europe","13":"tag-fr","14":"tag-france","15":"tag-hermine","16":"tag-nantes","17":"tag-nbh","18":"tag-news","19":"tag-pays-de-la-loire","20":"tag-republique-francaise"},"share_on_mastodon":{"url":"https:\/\/pubeurope.com\/@fr\/115436146147675783","error":""},"_links":{"self":[{"href":"https:\/\/www.europesays.com\/fr\/wp-json\/wp\/v2\/posts\/489556","targetHints":{"allow":["GET"]}}],"collection":[{"href":"https:\/\/www.europesays.com\/fr\/wp-json\/wp\/v2\/posts"}],"about":[{"href":"https:\/\/www.europesays.com\/fr\/wp-json\/wp\/v2\/types\/post"}],"author":[{"embeddable":true,"href":"https:\/\/www.europesays.com\/fr\/wp-json\/wp\/v2\/users\/2"}],"replies":[{"embeddable":true,"href":"https:\/\/www.europesays.com\/fr\/wp-json\/wp\/v2\/comments?post=489556"}],"version-history":[{"count":0,"href":"https:\/\/www.europesays.com\/fr\/wp-json\/wp\/v2\/posts\/489556\/revisions"}],"wp:featuredmedia":[{"embeddable":true,"href":"https:\/\/www.europesays.com\/fr\/wp-json\/wp\/v2\/media\/489557"}],"wp:attachment":[{"href":"https:\/\/www.europesays.com\/fr\/wp-json\/wp\/v2\/media?parent=489556"}],"wp:term":[{"taxonomy":"category","embeddable":true,"href":"https:\/\/www.europesays.com\/fr\/wp-json\/wp\/v2\/categories?post=489556"},{"taxonomy":"post_tag","embeddable":true,"href":"https:\/\/www.europesays.com\/fr\/wp-json\/wp\/v2\/tags?post=489556"}],"curies":[{"name":"wp","href":"https:\/\/api.w.org\/{rel}","templated":true}]}}