{"id":489566,"date":"2025-10-25T18:16:01","date_gmt":"2025-10-25T18:16:01","guid":{"rendered":"https:\/\/www.europesays.com\/fr\/489566\/"},"modified":"2025-10-25T18:16:01","modified_gmt":"2025-10-25T18:16:01","slug":"a-lille-une-ancienne-salle-des-coffres-transformee-en-hotel-4-etoiles","status":"publish","type":"post","link":"https:\/\/www.europesays.com\/fr\/489566\/","title":{"rendered":"A Lille, une ancienne salle des coffres transform\u00e9e en h\u00f4tel 4 \u00e9toiles"},"content":{"rendered":"<p>Le bureau d\u2019\u00e9tudes Moduo a pilot\u00e9 les travaux d\u2019un co\u00fbt de 12 M\u20ac HT r\u00e9alis\u00e9s en moins de deux ans.<\/p>\n<p class=\"c-paragraph\">A d\u00e9faut de pouvoir plonger dans un bassin plein de billets comme Picsou, il est possible de <b>piquer une t\u00eate dans une ancienne salle des coffres<\/b>. Transform\u00e9e en h\u00f4tel 4 \u00e9toiles, l\u2019ex-banque Scalbert-Dupont, situ\u00e9e rue du Molinel \u00e0 Lille (Nord), a conserv\u00e9 ses coffres-forts qui semblent d\u00e9sormais monter la garde autour de la piscine en inox. \u00ab Ils \u00e9taient en tr\u00e8s bon \u00e9tat car prot\u00e9g\u00e9s par des portes. D\u00e9sormais, ils sont derri\u00e8re des vitres \u00bb, explique Laurence Goardon, architecte chez A26 aux manettes du projet pour l\u2019h\u00f4telier breton Oc\u00e9ania. <\/p>\n<p class=\"c-paragraph\">Pour r\u00e9aliser cette prouesse, le b\u00e9ton ultra-renforc\u00e9 de cette salle, et notamment le radier de 40 cm, a d\u00fb \u00eatre perc\u00e9. <b>Le plus grand d\u00e9fi ? \u00ab Couper les quatre poteaux qui encadrent la piscine<\/b> et soutiennent les six niveaux de l\u2019\u00e9difice afin de les prolonger dans le sous-sol \u00bb, note Max Orvane, charg\u00e9 d\u2019op\u00e9ration chez Moduo. Le bureau d\u2019\u00e9tudes a pilot\u00e9 les travaux d\u2019un co\u00fbt de 12 M\u20ac HT r\u00e9alis\u00e9s en moins de deux ans selon les pr\u00e9conisations des ABF.<\/p>\n","protected":false},"excerpt":{"rendered":"Le bureau d\u2019\u00e9tudes Moduo a pilot\u00e9 les travaux d\u2019un co\u00fbt de 12 M\u20ac HT r\u00e9alis\u00e9s en moins de&hellip;\n","protected":false},"author":2,"featured_media":489567,"comment_status":"","ping_status":"","sticky":false,"template":"","format":"standard","meta":{"footnotes":""},"categories":[2815],"tags":[1111,11,1350,1777,674,1011,27,811,1307,12,1308,18812,50979,19469,25],"class_list":{"0":"post-489566","1":"post","2":"type-post","3":"status-publish","4":"format-standard","5":"has-post-thumbnail","7":"category-lille","8":"tag-actu","9":"tag-actualites","10":"tag-architecture","11":"tag-eu","12":"tag-europe","13":"tag-fr","14":"tag-france","15":"tag-hauts-de-france","16":"tag-lille","17":"tag-news","18":"tag-nord","19":"tag-piscines","20":"tag-produits-et-materiels","21":"tag-realisations","22":"tag-republique-francaise"},"share_on_mastodon":{"url":"https:\/\/pubeurope.com\/@fr\/115436178129482019","error":""},"_links":{"self":[{"href":"https:\/\/www.europesays.com\/fr\/wp-json\/wp\/v2\/posts\/489566","targetHints":{"allow":["GET"]}}],"collection":[{"href":"https:\/\/www.europesays.com\/fr\/wp-json\/wp\/v2\/posts"}],"about":[{"href":"https:\/\/www.europesays.com\/fr\/wp-json\/wp\/v2\/types\/post"}],"author":[{"embeddable":true,"href":"https:\/\/www.europesays.com\/fr\/wp-json\/wp\/v2\/users\/2"}],"replies":[{"embeddable":true,"href":"https:\/\/www.europesays.com\/fr\/wp-json\/wp\/v2\/comments?post=489566"}],"version-history":[{"count":0,"href":"https:\/\/www.europesays.com\/fr\/wp-json\/wp\/v2\/posts\/489566\/revisions"}],"wp:featuredmedia":[{"embeddable":true,"href":"https:\/\/www.europesays.com\/fr\/wp-json\/wp\/v2\/media\/489567"}],"wp:attachment":[{"href":"https:\/\/www.europesays.com\/fr\/wp-json\/wp\/v2\/media?parent=489566"}],"wp:term":[{"taxonomy":"category","embeddable":true,"href":"https:\/\/www.europesays.com\/fr\/wp-json\/wp\/v2\/categories?post=489566"},{"taxonomy":"post_tag","embeddable":true,"href":"https:\/\/www.europesays.com\/fr\/wp-json\/wp\/v2\/tags?post=489566"}],"curies":[{"name":"wp","href":"https:\/\/api.w.org\/{rel}","templated":true}]}}