{"id":489568,"date":"2025-10-25T18:17:15","date_gmt":"2025-10-25T18:17:15","guid":{"rendered":"https:\/\/www.europesays.com\/fr\/489568\/"},"modified":"2025-10-25T18:17:15","modified_gmt":"2025-10-25T18:17:15","slug":"200-jeunes-apprentis-marins-du-bel-espoir-reunis-pour-la-paix","status":"publish","type":"post","link":"https:\/\/www.europesays.com\/fr\/489568\/","title":{"rendered":"200 jeunes apprentis marins du \u00ab\u00a0Bel Espoir\u00a0\u00bb r\u00e9unis pour la paix"},"content":{"rendered":"<p>Une derni\u00e8re fois, ils ont regagn\u00e9 la terre ferme ensemble. Les quelque <strong>200 jeunes<\/strong> de \u00ab\u00a0l\u2019odyss\u00e9e pour la paix\u00a0\u00bb, un voyage en mer <a href=\"https:\/\/www.laprovence.com\/article\/ecoplanete\/6130876417916114\/environnement-en-mediterranee-restaurer-la-nature-ca-marche\" target=\"_blank\" rel=\"noopener\">M\u00e9diterran\u00e9e<\/a> pour propager les valeurs de dialogue et de partage, ont compl\u00e9t\u00e9 leur p\u00e9riple.<\/p>\n<p><img alt=\"L\u2019arriv\u00e9e du navire \u00e9cole le &quot;Bel Espoir&quot;, ce samedi, dans la darse du Mucem a rassembl\u00e9 de nombreux admirateurs.\" loading=\"lazy\" decoding=\"async\" data-nimg=\"fill\" class=\" TwicCore_img__i9TC1 undefined  undefined\" style=\"position:absolute;height:100%;width:100%;left:0;top:0;right:0;bottom:0;color:transparent;background-size:cover;background-position:50% 50%;background-repeat:no-repeat;background-image:url(&quot;data:image\/svg+xml;charset=utf-8,%3Csvg xmlns='http:\/\/www.w3.org\/2000\/svg' %3E%3Cfilter id='b' color-interpolation-filters='sRGB'%3E%3CfeGaussianBlur stdDeviation='20'\/%3E%3CfeColorMatrix values='1 0 0 0 0 0 1 0 0 0 0 0 1 0 0 0 0 0 100 -1' result='s'\/%3E%3CfeFlood x='0' y='0' width='100%25' height='100%25'\/%3E%3CfeComposite operator='out' in='s'\/%3E%3CfeComposite in2='SourceGraphic'\/%3E%3CfeGaussianBlur stdDeviation='20'\/%3E%3C\/filter%3E%3Cimage width='100%25' height='100%25' x='0' y='0' preserveAspectRatio='none' style='filter: url(%23b);' href='https:\/\/pictures.laprovence.com\/cdn-cgi\/image\/blur=250\/media\/melody\/2025\/10\/25\/apres-huit-mois-parade-nautique-l-odyssee-de-la-paix-ou-l-armada-de-la-paix-dans-la-rade-de-marseill-1761413585_721380f7fcf86761380f7fcf83a138v_.jpg'\/%3E%3C\/svg%3E&quot;)\"   src=\"https:\/\/www.europesays.com\/fr\/wp-content\/uploads\/2025\/10\/apres-huit-mois-parade-nautique-l-odyssee-de-la-paix-ou-l-armada-de-la-paix-dans-la-rade-de-marseill.jpeg\"\/>L\u2019arriv\u00e9e du navire \u00e9cole le \u00ab\u00a0Bel Espoir\u00a0\u00bb, ce samedi, dans la darse du Mucem a rassembl\u00e9 de nombreux admirateurs. \/ PHOTO Nicolas VALLAURI<\/p>\n<p>Partis de Barcelone en mars, les \u00e9quipages &#8211; au nombre d\u2019une dizaine \u2014 de <strong>toutes confessions <\/strong>et de <strong>tous les pays<\/strong> donnant sur la grande bleue (sauf Isra\u00ebl, pour raisons de s\u00e9curit\u00e9) se sont succ\u00e9d\u00e9 <a href=\"https:\/\/www.laprovence.com\/article\/region\/215942190472614\/festival-med25-a-marseille-les-ambassadeurs-de-paix-a-bord-du-bel-espoir-ont-touche-terre-au-j4\" target=\"_blank\" rel=\"noopener\">\u00e0 bord du trois-m\u00e2ts le <\/a><a href=\"https:\/\/www.laprovence.com\/article\/region\/215942190472614\/festival-med25-a-marseille-les-ambassadeurs-de-paix-a-bord-du-bel-espoir-ont-touche-terre-au-j4\" target=\"_blank\" rel=\"noopener\">Bel Espoir<\/a> durant 8 mois avec, en ligne de mire, le coup d\u2019envoi du <a href=\"https:\/\/www.laprovence.com\/article\/region\/16836429172783\/med25-une-grande-parade-de-voiliers-depoque-et-de-kite-surfs-a-marseille-pour-ouvrir-le-festival-le-25-octobre\" target=\"_blank\" rel=\"noopener\">festival Med25 au Mucem<\/a>, dans l\u2019apr\u00e8s-midi de ce samedi 25\u00a0octobre. Comme un point d\u2019orgue \u00e0 l\u2019h\u00e9ritage bien vivant du d\u00e9funt pape Fran\u00e7ois \u00e0 <a href=\"https:\/\/www.laprovence.com\/bouches-du-rhone\/marseille-13055\" target=\"_blank\" rel=\"noopener\">Marseille<\/a>.<\/p>\n<p>\u00ab\u00a0Un paradis multiculturel\u00a0\u00bb<\/p>\n<p>Pour accueillir le Bel Espoir, une <strong>trentaine de bateaux<\/strong> se sont \u00e9lanc\u00e9s du port de Marseille alors qu\u2019au m\u00eame moment, au Pharo, 400 personnes s\u2019agglutinaient pour admirer ce ballet de voiliers centenaires.<\/p>\n<p>Face \u00e0 ce spectacle unique, <strong>Rami, un Palestinien<\/strong> qui a particip\u00e9 \u00e0 l\u2019odyss\u00e9e pour la paix de fin avril \u00e0 d\u00e9but mai entre Malte et la Cr\u00e8te, reste \u00e9bahi. \u00ab\u00a0J\u2019ai l\u2019impression d\u2019\u00eatre dans un paradis multiculturel par rapport \u00e0 ce que je vis chez moi, en Cisjordanie. J\u2019ai quitt\u00e9 les postes fronti\u00e8res pour participer \u00e0 une exp\u00e9rience fascinante dans laquelle les id\u00e9es re\u00e7ues sur telle religion ou telle nationalit\u00e9 ont vol\u00e9 en \u00e9clats. \u00c0 la fin, il n\u2019y avait que l\u2019amiti\u00e9 et l\u2019\u00e9coute\u00a0\u00bb, vante cet enseignant assistant \u00e0 l\u2019universit\u00e9 de Bethl\u00e9em.<\/p>\n<p>\u00c0 ses c\u00f4t\u00e9s, <strong>Nisrine est une \u00e9tudiante marocaine<\/strong> de 24\u00a0ans originaire de la r\u00e9gion d\u2019Al Haouz, th\u00e9\u00e2tre du <a href=\"https:\/\/www.laprovence.com\/article\/france-monde\/15778748810850\/puissant-seisme-au-maroc-jai-cru-quun-avion-secrasait-sur-ma-maison\" target=\"_blank\" rel=\"noopener\">tremblement de terre<\/a> qui a fait presque 3\u00a0000 morts le 8\u00a0septembre\u00a02023, soit 15 jours avant la <a href=\"https:\/\/www.laprovence.com\/article\/societe\/21424731895782\/mort-du-pape-francois-a-marseille-et-en-corse-les-images-marquantes-des-visites-du-souverain-pontife#:~:text=Durant%20son%20r%C3%A8gne%20pontifical%2C%20Fran%C3%A7ois,%C3%A9mouvants%20dans%20une%20ferveur%20ambiante.&amp;text=Par%20sa%20venue%2C%20Marseille%20et,allures%20de%20cit%C3%A9%20de%20Vatican.\" target=\"_blank\" rel=\"noopener\">venue du pape Fran\u00e7ois \u00e0 Marseille<\/a> et la naissance de cette id\u00e9e de l\u2019odyss\u00e9e de la paix.<\/p>\n<p><img alt=\"Petits et grands n\u2019auraient manqu\u00e9 cela pour rien au monde.\" loading=\"lazy\" decoding=\"async\" data-nimg=\"fill\" class=\" TwicCore_img__i9TC1 undefined  undefined\" style=\"position:absolute;height:100%;width:100%;left:0;top:0;right:0;bottom:0;color:transparent;background-size:cover;background-position:50% 50%;background-repeat:no-repeat;background-image:url(&quot;data:image\/svg+xml;charset=utf-8,%3Csvg xmlns='http:\/\/www.w3.org\/2000\/svg' %3E%3Cfilter id='b' color-interpolation-filters='sRGB'%3E%3CfeGaussianBlur stdDeviation='20'\/%3E%3CfeColorMatrix values='1 0 0 0 0 0 1 0 0 0 0 0 1 0 0 0 0 0 100 -1' result='s'\/%3E%3CfeFlood x='0' y='0' width='100%25' height='100%25'\/%3E%3CfeComposite operator='out' in='s'\/%3E%3CfeComposite in2='SourceGraphic'\/%3E%3CfeGaussianBlur stdDeviation='20'\/%3E%3C\/filter%3E%3Cimage width='100%25' height='100%25' x='0' y='0' preserveAspectRatio='none' style='filter: url(%23b);' href='https:\/\/pictures.laprovence.com\/cdn-cgi\/image\/blur=250\/media\/melody\/2025\/10\/25\/petits-et-grands-n-auraient-manque-cela-pour-rien-au-monde-parade-nautique-l-odyssee-de-la-paix-ou-l-1761413586_67bc562efcf864bbc562efcf81fbc5v_.jpg'\/%3E%3C\/svg%3E&quot;)\"   src=\"https:\/\/www.europesays.com\/fr\/wp-content\/uploads\/2025\/10\/petits-et-grands-n-auraient-manque-cela-pour-rien-au-monde-parade-nautique-l-odyssee-de-la-paix-ou-l.jpeg\"\/>Petits et grands n\u2019auraient manqu\u00e9 cela pour rien au monde. \/PHOTO Nicolas Vallauri<\/p>\n<p>\u00ab\u00a0Voir ce bateau qui a servi de point de rencontre avec d\u2019autres cultures et religions que la mienne a une signification tr\u00e8s particuli\u00e8re. Pendant que j\u2019\u00e9tais en pleine mer avec rien \u00e0 l\u2019horizon, je me sentais quand m\u00eame \u00e0 la maison. J\u2019ai parl\u00e9 \u00e0 c\u0153ur ouvert de ce que peut repr\u00e9senter mon voile, des interdits de ma religion sans rougir. On se respectait les uns les autres, en premier lieu pour nos diff\u00e9rences\u00a0\u00bb, expose la jeune femme musulmane qui a l\u2019habitude de \u00ab\u00a0s\u2019\u00e9vader en faisant du surf chez elle\u00a0\u00bb, sur le littoral marocain, et se disait \u00ab\u00a0impatiente de d\u00e9couvrir Marseille et le festival Med25\u00a0\u00bb autour de <strong>l\u2019\u00e9cologie, les migrations ou l\u2019\u00e9ducation<\/strong>.<\/p>\n<p>Une prouesse en passe d\u2019\u00eatre r\u00e9p\u00e9t\u00e9e<\/p>\n<p>\u00ab\u00a0Le co\u00fbt de cette odyss\u00e9e de la paix, c\u2019est 500\u00a0000\u00a0euros, apport\u00e9s par plus de 120 m\u00e9c\u00e8nes dont la fondation de la Sagrada Fam\u00edlia, celle de la CMA-CGM (propri\u00e9taire de <a href=\"https:\/\/www.laprovence.com\/\" target=\"_blank\" rel=\"noopener\">La Provence<\/a>, NDLR) et les croisi\u00e8res Ponant. Nous avons consid\u00e9r\u00e9 que chaque euro \u00e9tait important, et nous allons d\u00e9velopper le m\u00eame genre d\u2019appel \u00e0 participations l\u2019ann\u00e9e prochaine\u00a0\u00bb, affirme \u00c9douard Detaille, responsable du m\u00e9c\u00e9nat au <a href=\"https:\/\/www.laprovence.com\/article\/region\/2635707545104115\/marseille-a-pont-de-vivaux-le-diocese-ne-veut-plus-de-son-eglise\" target=\"_blank\" rel=\"noopener\">dioc\u00e8se de Marseille<\/a>. Il en va de m\u00eame pour le fondateur de l\u2019odyss\u00e9e de la paix, <a href=\"https:\/\/www.laprovence.com\/article\/region\/22924853366766\/marseille-fait-figure-dexemple-alexis-leproux-cure-a-notre-dame-du-mont-a-convaincu-le-pape-de-faire-lodyssee-de-la-paix\" target=\"_blank\" rel=\"noopener\">le cur\u00e9 Alexis Leproux de la paroisse Notre-Dame du Mont<\/a> (6e) qui avait re\u00e7u \u00e0 Marseille la \u00ab\u00a0b\u00e9n\u00e9diction\u00a0\u00bb du pape Fran\u00e7ois pour son projet. \u00ab\u00a0Ces jeunes vont, en petite \u00e9quipe, b\u00e9n\u00e9ficier de formations sur la navigation afin que le savoir qu\u2019ils ont acquis ensemble ne se perde pas, mais puisse s\u2019\u00e9tendre et servir \u00e0 nouveau\u00a0\u00bb, exposait-il en pr\u00e9ambule du coup d\u2019envoi du d\u00e9fil\u00e9 dans la rade de Marseille.<\/p>\n<p><img alt=\"L\u2019arriv\u00e9e des \u00e9quipages \u00e0 Marseille.\" loading=\"lazy\" decoding=\"async\" data-nimg=\"fill\" class=\" TwicCore_img__i9TC1 undefined  undefined\" style=\"position:absolute;height:100%;width:100%;left:0;top:0;right:0;bottom:0;color:transparent;background-size:cover;background-position:50% 50%;background-repeat:no-repeat;background-image:url(&quot;data:image\/svg+xml;charset=utf-8,%3Csvg xmlns='http:\/\/www.w3.org\/2000\/svg' %3E%3Cfilter id='b' color-interpolation-filters='sRGB'%3E%3CfeGaussianBlur stdDeviation='20'\/%3E%3CfeColorMatrix values='1 0 0 0 0 0 1 0 0 0 0 0 1 0 0 0 0 0 100 -1' result='s'\/%3E%3CfeFlood x='0' y='0' width='100%25' height='100%25'\/%3E%3CfeComposite operator='out' in='s'\/%3E%3CfeComposite in2='SourceGraphic'\/%3E%3CfeGaussianBlur stdDeviation='20'\/%3E%3C\/filter%3E%3Cimage width='100%25' height='100%25' x='0' y='0' preserveAspectRatio='none' style='filter: url(%23b);' href='https:\/\/pictures.laprovence.com\/cdn-cgi\/image\/blur=250\/media\/melody\/2025\/10\/25\/l-arrivee-des-equipages-a-marseille-parade-nautique-l-odyssee-de-la-paix-ou-l-armada-de-la-paix-dans-1761413587_1991f05efcf861d91f05efcf8f0a1fv_.jpg'\/%3E%3C\/svg%3E&quot;)\"   src=\"https:\/\/www.europesays.com\/fr\/wp-content\/uploads\/2025\/10\/l-arrivee-des-equipages-a-marseille-parade-nautique-l-odyssee-de-la-paix-ou-l-armada-de-la-paix-dans.jpeg\"\/>L\u2019arriv\u00e9e des \u00e9quipages \u00e0 Marseille. \/Photo Nicolas Vallauri<\/p>\n<p>\u00c0 ces mots, le pr\u00e9sident de <a href=\"https:\/\/www.laprovence.com\/article\/edition-marseille\/4753195\/la-nautique-souffle-130-bougies.html\" target=\"_blank\" rel=\"noopener\">la Soci\u00e9t\u00e9 nautique de Marseille<\/a>, Henri Escojido, appuyait encore un peu plus la d\u00e9marche et le principe de la voir \u00eatre renouvel\u00e9e\u00a0: \u00ab\u00a0La M\u00e9diterran\u00e9e n\u2019est pas une fronti\u00e8re, c\u2019est un territoire en commun et une chance de dialoguer. Il ne tient qu\u2019\u00e0 nous d\u2019\u00eatre et de rester des passeurs de paix\u00a0\u00bb.<\/p>\n","protected":false},"excerpt":{"rendered":"Une derni\u00e8re fois, ils ont regagn\u00e9 la terre ferme ensemble. Les quelque 200 jeunes de \u00ab\u00a0l\u2019odyss\u00e9e pour la&hellip;\n","protected":false},"author":2,"featured_media":489569,"comment_status":"","ping_status":"","sticky":false,"template":"","format":"standard","meta":{"footnotes":""},"categories":[2814],"tags":[10546,17,1111,11,28182,1777,674,849,1011,27,4074,884,60781,12,882,25,104,133],"class_list":{"0":"post-489568","1":"post","2":"type-post","3":"status-publish","4":"format-standard","5":"has-post-thumbnail","7":"category-marseille","8":"tag-10546","9":"tag-17","10":"tag-actu","11":"tag-actualites","12":"tag-apprentis","13":"tag-eu","14":"tag-europe","15":"tag-festival","16":"tag-fr","17":"tag-france","18":"tag-jeunes","19":"tag-marseille","20":"tag-med25","21":"tag-news","22":"tag-provence-alpes-cote-dazur","23":"tag-republique-francaise","24":"tag-societe","25":"tag-video"},"share_on_mastodon":{"url":"https:\/\/pubeurope.com\/@fr\/115436183204083494","error":""},"_links":{"self":[{"href":"https:\/\/www.europesays.com\/fr\/wp-json\/wp\/v2\/posts\/489568","targetHints":{"allow":["GET"]}}],"collection":[{"href":"https:\/\/www.europesays.com\/fr\/wp-json\/wp\/v2\/posts"}],"about":[{"href":"https:\/\/www.europesays.com\/fr\/wp-json\/wp\/v2\/types\/post"}],"author":[{"embeddable":true,"href":"https:\/\/www.europesays.com\/fr\/wp-json\/wp\/v2\/users\/2"}],"replies":[{"embeddable":true,"href":"https:\/\/www.europesays.com\/fr\/wp-json\/wp\/v2\/comments?post=489568"}],"version-history":[{"count":0,"href":"https:\/\/www.europesays.com\/fr\/wp-json\/wp\/v2\/posts\/489568\/revisions"}],"wp:featuredmedia":[{"embeddable":true,"href":"https:\/\/www.europesays.com\/fr\/wp-json\/wp\/v2\/media\/489569"}],"wp:attachment":[{"href":"https:\/\/www.europesays.com\/fr\/wp-json\/wp\/v2\/media?parent=489568"}],"wp:term":[{"taxonomy":"category","embeddable":true,"href":"https:\/\/www.europesays.com\/fr\/wp-json\/wp\/v2\/categories?post=489568"},{"taxonomy":"post_tag","embeddable":true,"href":"https:\/\/www.europesays.com\/fr\/wp-json\/wp\/v2\/tags?post=489568"}],"curies":[{"name":"wp","href":"https:\/\/api.w.org\/{rel}","templated":true}]}}