{"id":489572,"date":"2025-10-25T18:19:17","date_gmt":"2025-10-25T18:19:17","guid":{"rendered":"https:\/\/www.europesays.com\/fr\/489572\/"},"modified":"2025-10-25T18:19:17","modified_gmt":"2025-10-25T18:19:17","slug":"lyon-plus-de-30-000-mangas-en-vente-dans-une-nouvelle-boutique","status":"publish","type":"post","link":"https:\/\/www.europesays.com\/fr\/489572\/","title":{"rendered":"Lyon : plus de 30.000 mangas en vente dans une nouvelle boutique"},"content":{"rendered":"<p>Une nouvelle boutique consacr\u00e9es aux mangas a ouvert dans la rue Victor Hugo du deuxi\u00e8me arrondissement de Lyon, samedi 25 octobre.<\/p>\n<p>Avis aux fans de mangas \u00e0 <b>Lyon <\/b>et ses alentours !<\/p>\n<p><b>Mangarake<\/b>, une boutique sp\u00e9cialis\u00e9e en mangas et divertissement japonais a ouvert samedi 25 octobre \u00e0 10h.\u00a0<\/p>\n<p>Elle est situ\u00e9e au 31 rue Victor Hugo dans le deuxi\u00e8me arrondissement de Lyon entre la <b>place Bellecour <\/b>et la <b>gare de Lyon Perrache<\/b>.<\/p>\n<tr>\n<td class=\"defaut\"><a href=\"https:\/\/www.radioscoop.com\/infos\/javascript:void(0)\" onclick=\"parent.RS.diaporama.addMedia(712760) ;\" target=\"_blank\" rel=\"noopener\"><img loading=\"lazy\" decoding=\"async\" src=\"https:\/\/www.europesays.com\/fr\/wp-content\/uploads\/2025\/10\/1761416354_126_img\" width=\"640\" height=\"360\" border=\"0\" title=\"La boutique Mangarake dans la rue Victor Hugo \u00e0 Lyon. \u00a9 Radio SCOOP - Tom Bonnard\"\/><\/a><\/td>\n<\/tr>\n<tr\/>\n<p>Plus de 30.000 mangas en vente dans une boutique \u00e0 Lyon<\/p>\n<p>La boutique est g\u00e9r\u00e9e par <b>David Uzan<\/b> qui a d\u00e9cid\u00e9 de faire un beau geste pour sa client\u00e8le.<\/p>\n<p>Ce grand passionn\u00e9 a mis en vente toute sa collection de mangas. Elle d\u00e9marr\u00e9 il y a plusieurs ann\u00e9es.<\/p>\n<blockquote><p>\u00ab\u00a0Cela fait plus de trente ans que je suis dans l&rsquo;univers du manga. J&rsquo;ai ramen\u00e9 toute ma collection au complet. Je l&rsquo;ai commenc\u00e9 quand j&rsquo;\u00e9tais petit. Je ne lis plus trop de mangas. C&rsquo;est pourquoi j&rsquo;ai voulu les proposer \u00e0 la vente aux clients pour qu&rsquo;ils puissent avoir des pi\u00e8ces qu&rsquo;on ne retrouve plus depuis tr\u00e8s longtemps et en bon \u00e9tat.\u00a0\u00bb\u00a0<\/p><\/blockquote>\n<p>Cela repr\u00e9sente un total de plus de <b>30.000 livres<\/b>. Mangarake Lyon est ouvert tous les jours de 10h30 \u00e0 19h sauf les dimanches.<\/p>\n<p>La boutique propose aussi des figurines de personnages tir\u00e9s de l&rsquo;univers des mangas.<\/p>\n<p><img loading=\"lazy\" decoding=\"async\" src=\"https:\/\/www.europesays.com\/fr\/wp-content\/uploads\/2025\/10\/1761416357_190_img\" width=\"350\" height=\"200\" border=\"0\" title=\"On n'oublie pas de changer l'heure des alarmes et des r\u00c3\u00a9veils ce week-end !\"\/><\/p>\n<p>\u25baSoci\u00e9t\u00e9<\/p>\n<p style=\"font-size: 22px;\"><b>Changement d&rsquo;heure : ce week-end, on passe \u00e0 l&rsquo;heure d&rsquo;hiver<\/b><\/p>\n<p>Ce week-end, c&rsquo;est le traditionnel passage \u00e0 l&rsquo;heure&#8230;<\/p>\n<p><\/p>\n","protected":false},"excerpt":{"rendered":"Une nouvelle boutique consacr\u00e9es aux mangas a ouvert dans la rue Victor Hugo du deuxi\u00e8me arrondissement de Lyon,&hellip;\n","protected":false},"author":2,"featured_media":489573,"comment_status":"","ping_status":"","sticky":false,"template":"","format":"standard","meta":{"footnotes":""},"categories":[1889],"tags":[1111,11,2430,1777,674,1011,27,2428,6681,61238,12,25,61239,61240],"class_list":{"0":"post-489572","1":"post","2":"type-post","3":"status-publish","4":"format-standard","5":"has-post-thumbnail","7":"category-lyon","8":"tag-actu","9":"tag-actualites","10":"tag-auvergne-rhone-alpes","11":"tag-eu","12":"tag-europe","13":"tag-fr","14":"tag-france","15":"tag-lyon","16":"tag-manga","17":"tag-mangarake","18":"tag-news","19":"tag-republique-francaise","20":"tag-rue-victor-hugo","21":"tag-rue-victor-hugo-lyon"},"share_on_mastodon":{"url":"https:\/\/pubeurope.com\/@fr\/115436190248679393","error":""},"_links":{"self":[{"href":"https:\/\/www.europesays.com\/fr\/wp-json\/wp\/v2\/posts\/489572","targetHints":{"allow":["GET"]}}],"collection":[{"href":"https:\/\/www.europesays.com\/fr\/wp-json\/wp\/v2\/posts"}],"about":[{"href":"https:\/\/www.europesays.com\/fr\/wp-json\/wp\/v2\/types\/post"}],"author":[{"embeddable":true,"href":"https:\/\/www.europesays.com\/fr\/wp-json\/wp\/v2\/users\/2"}],"replies":[{"embeddable":true,"href":"https:\/\/www.europesays.com\/fr\/wp-json\/wp\/v2\/comments?post=489572"}],"version-history":[{"count":0,"href":"https:\/\/www.europesays.com\/fr\/wp-json\/wp\/v2\/posts\/489572\/revisions"}],"wp:featuredmedia":[{"embeddable":true,"href":"https:\/\/www.europesays.com\/fr\/wp-json\/wp\/v2\/media\/489573"}],"wp:attachment":[{"href":"https:\/\/www.europesays.com\/fr\/wp-json\/wp\/v2\/media?parent=489572"}],"wp:term":[{"taxonomy":"category","embeddable":true,"href":"https:\/\/www.europesays.com\/fr\/wp-json\/wp\/v2\/categories?post=489572"},{"taxonomy":"post_tag","embeddable":true,"href":"https:\/\/www.europesays.com\/fr\/wp-json\/wp\/v2\/tags?post=489572"}],"curies":[{"name":"wp","href":"https:\/\/api.w.org\/{rel}","templated":true}]}}