{"id":489576,"date":"2025-10-25T18:24:23","date_gmt":"2025-10-25T18:24:23","guid":{"rendered":"https:\/\/www.europesays.com\/fr\/489576\/"},"modified":"2025-10-25T18:24:23","modified_gmt":"2025-10-25T18:24:23","slug":"que-faire-pour-halloween-2025-a-paris-et-en-ile-de-france-activites-pas-cheres-bons-plans-et-codes-promo","status":"publish","type":"post","link":"https:\/\/www.europesays.com\/fr\/489576\/","title":{"rendered":"Que faire pour Halloween 2025 \u00e0 Paris et en \u00cele-de-France ? Activit\u00e9s pas ch\u00e8res, bons plans et codes promo"},"content":{"rendered":"<p class=\"paragraph text_align_left lp-f-body-02\">En plein pendant les <b>vacances de la Toussaint<\/b>, <b>Halloween <\/b>est l\u2019occasion id\u00e9ale de s\u2019amuser et de frissonner. En effet, \u00e0 cette occasion, de nombreux lieux proposent des<b> animations, spectacles et ambiances sp\u00e9ciales Halloween<\/b>. D\u2019une balade en bateau sur la Seine \u00e0 une journ\u00e9e \u00e0 Disneyland Paris, en passant par un escape game dans l\u2019univers de Batman ou un spectacle burlesque\u2026. Il y en a pour tous les go\u00fbts et pour tous les \u00e2ges ! Ainsi, si vous \u00eates \u00e0 la recherche d\u2019une<b> activit\u00e9 d\u2019Halloween<\/b> \u00e0 faire en couple, en famille ou entre amis, vous \u00eates au bon endroit ! <a href=\"https:\/\/www.leparisien.fr\/codes-promo\/\" target=\"_blank\" rel=\"dofollow noopener\">Le Parisien Codes Promo<\/a> vous propose quelques <b>id\u00e9es de sorties \u00e0 petit prix<\/b>, ainsi que des <b>bons plans et codes promo<\/b> pour profiter pleinement d\u2019<b>Halloween \u00e0 Paris ou en \u00cele-de-France<\/b> !<\/p>\n<p class=\"paragraph text_align_left lp-f-body-02\">Que ce soit pour le soir m\u00eame du <b>31 octobre<\/b>, ou simplement pour vous plonger dans l\u2019ambiance <b>d\u2019Halloween <\/b>durant les <b>vacances de la Toussaint<\/b>, de nombreuses activit\u00e9s sont possibles sur la capitale et aux alentours.<\/p>\n<p class=\"paragraph text_align_left lp-f-body-02\">Voici notre s\u00e9lection d\u2019<b>activit\u00e9s pour f\u00eater Halloween sur Paris et IDF <\/b>: <\/p>\n<p class=\"paragraph text_align_left lp-f-body-02\">Que vous ayez envie de r\u00eaver en famille ou de frissonner entre amis, plusieurs sites proposent actuellement des<b> remises et codes promo<\/b> valables sur certaines <b>sorties et activit\u00e9s en \u00cele-de-France<\/b>.<\/p>\n","protected":false},"excerpt":{"rendered":"En plein pendant les vacances de la Toussaint, Halloween est l\u2019occasion id\u00e9ale de s\u2019amuser et de frissonner. En&hellip;\n","protected":false},"author":2,"featured_media":456340,"comment_status":"","ping_status":"","sticky":false,"template":"","format":"standard","meta":{"footnotes":""},"categories":[1592],"tags":[1111,11,677,11769,1777,674,1011,27,662,12,626,25,1858],"class_list":{"0":"post-489576","1":"post","2":"type-post","3":"status-publish","4":"format-standard","5":"has-post-thumbnail","7":"category-ile-de-france","8":"tag-actu","9":"tag-actualites","10":"tag-bons-plans","11":"tag-codes-promo","12":"tag-eu","13":"tag-europe","14":"tag-fr","15":"tag-france","16":"tag-ile-de-france","17":"tag-news","18":"tag-paris","19":"tag-republique-francaise","20":"tag-services"},"share_on_mastodon":{"url":"https:\/\/pubeurope.com\/@fr\/115436209018078870","error":""},"_links":{"self":[{"href":"https:\/\/www.europesays.com\/fr\/wp-json\/wp\/v2\/posts\/489576","targetHints":{"allow":["GET"]}}],"collection":[{"href":"https:\/\/www.europesays.com\/fr\/wp-json\/wp\/v2\/posts"}],"about":[{"href":"https:\/\/www.europesays.com\/fr\/wp-json\/wp\/v2\/types\/post"}],"author":[{"embeddable":true,"href":"https:\/\/www.europesays.com\/fr\/wp-json\/wp\/v2\/users\/2"}],"replies":[{"embeddable":true,"href":"https:\/\/www.europesays.com\/fr\/wp-json\/wp\/v2\/comments?post=489576"}],"version-history":[{"count":0,"href":"https:\/\/www.europesays.com\/fr\/wp-json\/wp\/v2\/posts\/489576\/revisions"}],"wp:featuredmedia":[{"embeddable":true,"href":"https:\/\/www.europesays.com\/fr\/wp-json\/wp\/v2\/media\/456340"}],"wp:attachment":[{"href":"https:\/\/www.europesays.com\/fr\/wp-json\/wp\/v2\/media?parent=489576"}],"wp:term":[{"taxonomy":"category","embeddable":true,"href":"https:\/\/www.europesays.com\/fr\/wp-json\/wp\/v2\/categories?post=489576"},{"taxonomy":"post_tag","embeddable":true,"href":"https:\/\/www.europesays.com\/fr\/wp-json\/wp\/v2\/tags?post=489576"}],"curies":[{"name":"wp","href":"https:\/\/api.w.org\/{rel}","templated":true}]}}