{"id":489587,"date":"2025-10-25T18:35:24","date_gmt":"2025-10-25T18:35:24","guid":{"rendered":"https:\/\/www.europesays.com\/fr\/489587\/"},"modified":"2025-10-25T18:35:24","modified_gmt":"2025-10-25T18:35:24","slug":"quatre-morts-dans-des-frappes-russes-et-kiev-jette-des-filets-de-peche-contre-les-drones-2","status":"publish","type":"post","link":"https:\/\/www.europesays.com\/fr\/489587\/","title":{"rendered":"Quatre morts dans des frappes russes et Kiev jette des filets de p\u00eache contre les drones"},"content":{"rendered":"<p class=\"mb-4 text-lg md:leading-8 break-words\"><strong>R\u00e9cap &#8211; \u00ab\u00a020 Minutes\u00a0\u00bb fait le point pour vous tous les soirs sur le conflit en Ukraine. Ce samedi, de nouvelles frappes russes ont fait au moins trois morts en Ukraine<\/strong><\/p>\n<p class=\"mb-4 text-lg md:leading-8 break-words\">Vous avez rat\u00e9 les derniers \u00e9v\u00e9nements sur la <a href=\"https:\/\/www.20minutes.fr\/monde\/ukraine\/?at_medium=RSS%20feed&amp;at_campaign=ynews&amp;utm_source=yahoo&amp;utm_medium=rss&amp;utm_campaign=news_feed&amp;utm_content=in_article_link\" rel=\"nofollow noopener\" target=\"_blank\" data-ylk=\"slk:guerre en Ukraine;elm:context_link;itc:0;sec:content-canvas\" class=\"link \">guerre en Ukraine<\/a>\u00a0? 20 Minutes fait le point pour vous tous les soirs. Voici l\u2019essentiel de ce samedi 25\u00a0octobre, 1.340e jour du conflit.<\/p>\n<p>Le fait du jour<\/p>\n<p class=\"mb-4 text-lg md:leading-8 break-words\">L\u2019Ukraine a de nouveau \u00e9t\u00e9 pilonn\u00e9e par la <a href=\"https:\/\/www.20minutes.fr\/monde\/russie\/?at_medium=RSS%20feed&amp;at_campaign=ynews&amp;utm_source=yahoo&amp;utm_medium=rss&amp;utm_campaign=news_feed&amp;utm_content=in_article_link\" rel=\"nofollow noopener\" target=\"_blank\" data-ylk=\"slk:Russie;elm:context_link;itc:0;sec:content-canvas\" class=\"link \">Russie <\/a>en ce d\u00e9but de week-end, des attaques qui ont provoqu\u00e9 la mort de quatre personnes. Dans la nuit de vendredi \u00e0 samedi, <a href=\"https:\/\/www.20minutes.fr\/monde\/moscou\/?at_medium=RSS%20feed&amp;at_campaign=ynews&amp;utm_source=yahoo&amp;utm_medium=rss&amp;utm_campaign=news_feed&amp;utm_content=in_article_link\" rel=\"nofollow noopener\" target=\"_blank\" data-ylk=\"slk:Moscou;elm:context_link;itc:0;sec:content-canvas\" class=\"link \">Moscou<\/a> a tir\u00e9 \u00ab\u00a0neuf missiles balistiques Iskander-M\u00a0\u00bb, et \u00ab\u00a064 <a href=\"https:\/\/www.20minutes.fr\/monde\/drone\/?at_medium=RSS%20feed&amp;at_campaign=ynews&amp;utm_source=yahoo&amp;utm_medium=rss&amp;utm_campaign=news_feed&amp;utm_content=in_article_link\" rel=\"nofollow noopener\" target=\"_blank\" data-ylk=\"slk:drones;elm:context_link;itc:0;sec:content-canvas\" class=\"link \">drones <\/a>d\u2019attaques\u00a0\u00bb et d\u2019autres types selon l\u2019arm\u00e9e de l\u2019air ukrainienne, qui affirme avoir d\u00e9truit 50 drones et quatre missiles. L\u2019attaque a tu\u00e9 deux personnes et bless\u00e9 douze autres \u00e0 <a href=\"https:\/\/www.20minutes.fr\/dossier\/kiev?at_medium=RSS%20feed&amp;at_campaign=ynews&amp;utm_source=yahoo&amp;utm_medium=rss&amp;utm_campaign=news_feed&amp;utm_content=in_article_link\" rel=\"nofollow noopener\" target=\"_blank\" data-ylk=\"slk:Kiev;elm:context_link;itc:0;sec:content-canvas\" class=\"link \">Kiev<\/a>, la capitale, a indiqu\u00e9 son maire <a href=\"https:\/\/www.20minutes.fr\/dossier\/vitali_klitschko?at_medium=RSS%20feed&amp;at_campaign=ynews&amp;utm_source=yahoo&amp;utm_medium=rss&amp;utm_campaign=news_feed&amp;utm_content=in_article_link\" rel=\"nofollow noopener\" target=\"_blank\" data-ylk=\"slk:Vitali Klitschko;elm:context_link;itc:0;sec:content-canvas\" class=\"link \">Vitali Klitschko<\/a> sur les r\u00e9seaux sociaux.<\/p>\n<p class=\"mb-4 text-lg md:leading-8 break-words\">Dans le centre-est du pays, \u00ab\u00a0un secouriste a \u00e9t\u00e9 tu\u00e9 et un autre bless\u00e9 \u00e0 la suite d\u2019un tir r\u00e9p\u00e9t\u00e9 de missiles sur la communaut\u00e9 de Petropavlivska dans la r\u00e9gion de Dnipropetrovsk\u00a0\u00bb, a d\u00e9clar\u00e9 le minist\u00e8re de l\u2019Int\u00e9rieur sur les r\u00e9seaux sociaux. Dans cette m\u00eame r\u00e9gion, \u00ab\u00a0une femme a \u00e9galement \u00e9t\u00e9 tu\u00e9e et sept personnes ont \u00e9t\u00e9 bless\u00e9es\u00a0\u00bb, a indiqu\u00e9 le minist\u00e8re, expliquant que des \u00ab\u00a0camions de pompiers, des b\u00e2timents r\u00e9sidentiels et des magasins ont \u00e9t\u00e9 endommag\u00e9s\u00a0\u00bb.<\/p>\n<p>La phrase du jour<\/p>\n<blockquote class=\"mb-4 border-l-2 pl-5 italic text-tertiary\">\n<p class=\"mb-4 text-lg md:leading-8 break-words\">Nos partenaires disposent des syst\u00e8mes n\u00e9cessaires et peuvent d\u00e9j\u00e0 aider \u00e0 d\u00e9fendre l\u2019Ukraine<\/p>\n<\/blockquote>\n<p class=\"mb-4 text-lg md:leading-8 break-words\">Le pr\u00e9sident ukrainien a continu\u00e9 \u00e0 appeler ses partenaires \u00e0 prot\u00e9ger le ciel ukrainien samedi, quelques heures apr\u00e8s des bombardements russes sur l\u2019Ukraine. Volodymyr Zelensky a dit accorder \u00ab\u00a0une attention part(&#8230;)<\/p>\n<p class=\"mb-4 text-lg md:leading-8 break-words\"><a href=\"https:\/\/www.20minutes.fr\/monde\/ukraine\/4181576-20251025-guerre-ukraine-quatre-morts-frappes-russes-kiev-jette-filets-peche-contre-drones?at_medium=RSS%20feed&amp;at_campaign=ynews&amp;utm_source=yahoo&amp;utm_medium=rss&amp;utm_campaign=news_feed&amp;utm_content=read_more_link&quot;\" rel=\"nofollow noopener\" target=\"_blank\" data-ylk=\"slk:Lire la suite sur 20minutes;elm:context_link;itc:0;sec:content-canvas\" class=\"link \">Lire la suite sur 20minutes<\/a><\/p>\n<p>\u00c0 lire aussi :<br \/><a href=\"https:\/\/www.20minutes.fr\/monde\/ukraine\/4181558-20251025-guerre-ukraine-nouvelles-frappes-russes-font-moins-trois-morts-dont-secouriste?at_medium=RSS%20feed&amp;at_campaign=ynews&amp;utm_source=yahoo&amp;utm_medium=rss&amp;utm_campaign=news_feed&amp;utm_content=related_content_link\" rel=\"nofollow noopener\" target=\"_blank\" data-ylk=\"slk:Guerre en Ukraine\u00a0: De nouvelles frappes russes font au moins trois morts, dont un secouriste;elm:context_link;itc:0;sec:content-canvas\" class=\"link \">Guerre en Ukraine\u00a0: De nouvelles frappes russes font au moins trois morts, dont un secouriste<\/a><br \/><a href=\"https:\/\/www.20minutes.fr\/monde\/ukraine\/4181512-20251024-guerre-ukraine-six-britanniques-lourdement-condamnes-incendie-commandite-groupe-wagner?at_medium=RSS%20feed&amp;at_campaign=ynews&amp;utm_source=yahoo&amp;utm_medium=rss&amp;utm_campaign=news_feed&amp;utm_content=related_content_link\" rel=\"nofollow noopener\" target=\"_blank\" data-ylk=\"slk:Guerre en Ukraine\u00a0: Six Britanniques lourdement condamn\u00e9s pour un incendie commandit\u00e9 par le groupe Wagner;elm:context_link;itc:0;sec:content-canvas\" class=\"link \">Guerre en Ukraine\u00a0: Six Britanniques lourdement condamn\u00e9s pour un incendie commandit\u00e9 par le groupe Wagner<\/a><\/p>\n","protected":false},"excerpt":{"rendered":"R\u00e9cap &#8211; \u00ab\u00a020 Minutes\u00a0\u00bb fait le point pour vous tous les soirs sur le conflit en Ukraine. Ce&hellip;\n","protected":false},"author":2,"featured_media":489588,"comment_status":"","ping_status":"","sticky":false,"template":"","format":"standard","meta":{"footnotes":""},"categories":[1590],"tags":[642,11,61241,1777,674,5493,12,220],"class_list":{"0":"post-489587","1":"post","2":"type-post","3":"status-publish","4":"format-standard","5":"has-post-thumbnail","7":"category-ukraine","8":"tag-20-minutes","9":"tag-actualites","10":"tag-camions-de-pompiers","11":"tag-eu","12":"tag-europe","13":"tag-lukraine","14":"tag-news","15":"tag-ukraine"},"share_on_mastodon":{"url":"https:\/\/pubeurope.com\/@fr\/115436252240881917","error":""},"_links":{"self":[{"href":"https:\/\/www.europesays.com\/fr\/wp-json\/wp\/v2\/posts\/489587","targetHints":{"allow":["GET"]}}],"collection":[{"href":"https:\/\/www.europesays.com\/fr\/wp-json\/wp\/v2\/posts"}],"about":[{"href":"https:\/\/www.europesays.com\/fr\/wp-json\/wp\/v2\/types\/post"}],"author":[{"embeddable":true,"href":"https:\/\/www.europesays.com\/fr\/wp-json\/wp\/v2\/users\/2"}],"replies":[{"embeddable":true,"href":"https:\/\/www.europesays.com\/fr\/wp-json\/wp\/v2\/comments?post=489587"}],"version-history":[{"count":0,"href":"https:\/\/www.europesays.com\/fr\/wp-json\/wp\/v2\/posts\/489587\/revisions"}],"wp:featuredmedia":[{"embeddable":true,"href":"https:\/\/www.europesays.com\/fr\/wp-json\/wp\/v2\/media\/489588"}],"wp:attachment":[{"href":"https:\/\/www.europesays.com\/fr\/wp-json\/wp\/v2\/media?parent=489587"}],"wp:term":[{"taxonomy":"category","embeddable":true,"href":"https:\/\/www.europesays.com\/fr\/wp-json\/wp\/v2\/categories?post=489587"},{"taxonomy":"post_tag","embeddable":true,"href":"https:\/\/www.europesays.com\/fr\/wp-json\/wp\/v2\/tags?post=489587"}],"curies":[{"name":"wp","href":"https:\/\/api.w.org\/{rel}","templated":true}]}}