{"id":489603,"date":"2025-10-25T18:45:42","date_gmt":"2025-10-25T18:45:42","guid":{"rendered":"https:\/\/www.europesays.com\/fr\/489603\/"},"modified":"2025-10-25T18:45:42","modified_gmt":"2025-10-25T18:45:42","slug":"coupe-de-france-eliminee-par-quevilly-la-maladrerie-sort-la-tete-haute","status":"publish","type":"post","link":"https:\/\/www.europesays.com\/fr\/489603\/","title":{"rendered":"Coupe de France. \u00c9limin\u00e9e par Quevilly, la Maladrerie sort la t\u00eate haute"},"content":{"rendered":"<p>            Par<br \/>\n        <strong><br \/>\n            <a href=\"https:\/\/actu.fr\/auteur\/aline-chatel\" title=\"Consulter tous les articles de Aline Chatel\" target=\"_blank\" rel=\"noopener\">Aline Chatel<\/a><br \/>\n        <\/strong><\/p>\n<p>        Publi\u00e9 le<\/p>\n<p>            25 oct. 2025 \u00e0 19h53        <\/p>\n<p>Il n\u2019y a pas eu d\u2019exploit au stade Joseph-D\u00e9terville, samedi 25 octobre 2025. Pensionnaire de R\u00e9gional 1, <b>la Maladrerie s\u2019est inclin\u00e9e devant Quevilly Rouen M\u00e9tropole (N1) au sixi\u00e8me tour de la Coupe de France<\/b>. Le club de Caen a pourtant livr\u00e9 une superbe prestation face \u00e0 un adversaire lui rendant trois divisions. \u00c0 l\u2019arriv\u00e9e, un but rapide de Kembo Diliwidi sur un ballon a\u00e9rien mal ma\u00eetris\u00e9 par Mathieu Jouenne a <b>suffi au bonheur, s\u00fbrement tr\u00e8s relatif<\/b>, des Quevillais (1-0, 8\u2032).<\/p>\n<p>    <img   decoding=\"async\" loading=\"lazy\" class=\"size-large\" src=\"https:\/\/www.europesays.com\/fr\/wp-content\/uploads\/2025\/10\/03d68f750df8607d68f750df8dad68v-960x640.jpg\" alt=\"Noah Benga, milieu de terrain de la MOS.\" width=\"960\" height=\"640\"\/><br \/>\n    Noah Benga, milieu de terrain de la MOS. \u00a9Aline CHATEL<\/p>\n<p class=\" wall-content\">La MOS peut regretter<b> son entame presque trop prudente<\/b> autour d\u2019une organisation d\u00e9fensive hyper rigoureuse. Son adversaire a jou\u00e9 \u00e0 un tout petit rythme, m\u00eame si Ajmal Angathi, le portier maladien, a eu plusieurs parades \u00e0 effectuer. Son homologue est rest\u00e9 plut\u00f4t tranquille, <b>m\u00eame quand la Maladrerie a domin\u00e9 les d\u00e9bats<\/b>, essentiellement en deuxi\u00e8me mi-temps.<\/p>\n<p>    <img   decoding=\"async\" loading=\"lazy\" class=\"size-large\" src=\"https:\/\/www.europesays.com\/fr\/wp-content\/uploads\/2025\/10\/7526cf750df866926cf750df85d26cv-960x640.jpg\" alt=\"Cyrille Koudougnon a souvent g\u00ean\u00e9 ses adversaires par son physique.\" width=\"960\" height=\"640\"\/><br \/>\n    Cyrille Koudougnon a souvent g\u00ean\u00e9 ses adversaires par son physique. \u00a9Aline CHATEL<\/p>\n<p class=\" wall-content\"><b>La MOS, extr\u00eamement jeune, a surpris par sa qualit\u00e9 technique<\/b>, autour d\u2019un axe 6 (Keziah Franchequin) \u2013 10 (Enzo Jeanne) tr\u00e8s s\u00e9duisant. Mais malgr\u00e9 quelques centres dangereux, dont l\u2019un sign\u00e9 Guillaume Leliard trouva le dessus de la barre transversale (17\u2032),<b> les locaux n\u2019ont pas r\u00e9ussi \u00e0 se procurer d\u2019occasions franches<\/b>. Ils n\u2019ont pourtant pas m\u00e9nag\u00e9 leurs efforts, secouant fortement des Quevillais tr\u00e8s limit\u00e9s.<\/p>\n<p>    <img   decoding=\"async\" loading=\"lazy\" class=\"size-large\" src=\"https:\/\/www.europesays.com\/fr\/wp-content\/uploads\/2025\/10\/c1d5cf750df86d5d5cf750df8c9d5cv-960x640.jpg\" alt=\"Djilani Ghertil, fid\u00e8le soldat de la MOS.\" width=\"960\" height=\"640\"\/><br \/>\n    Djilani Ghertil, fid\u00e8le soldat de la MOS. \u00a9Aline CHATEL<\/p>\n<p class=\" wall-content\">Le tr\u00e8s mauvais geste de Noah Benga sur Namakoro Diallo (78\u2032), qui a valu un carton rouge et co\u00fbtera s\u00fbrement de nombreux matchs de suspension, a m\u00eame <b>contraint la MOS \u00e0 terminer la rencontre \u00e0 dix<\/b>. QRM a ma\u00eetris\u00e9 le money time et il a fallu une intervention sur le fil de Mathieu Jouenne pour \u00e9viter le 2-0 dans les arr\u00eats de jeu. La MOS a pouss\u00e9 jusqu\u2019au bout, mais les hommes de Jonathan Rivierez, coach-adjoint de QRM, seront au septi\u00e8me tour de la Coupe de France. <b>La Maladrerie sort la t\u00eate haute.\u00a0<\/b><\/p>\n<p>Les compos<\/p>\n<p>MALADRERIE OS : Angatahi, Canivet, Leliard, Jouenne, Benga, Franchequin, Leblondel, Camara, Koudougnon, Jeanne, Ghertil. Remp. : Vaillant, Moreau, Maurin, Niard, Pinabel.\u00a0<br \/>&#13;<br \/>\nQUEVILLY RM : Djoco, Kanout\u00e9, Diallo, Gaya, Bald\u00e9, Njike, Leborgne, Bouekou, Diliwidi, Moujetzky, Sylva. Remp. : Vandenbossche, Samoura, Bouneb, Adekalom, Viel.\u00a0<\/p>\n<p class=\" wall-content\">Personnalisez votre actualit\u00e9 en ajoutant vos villes et m\u00e9dias en favori avec <a href=\"https:\/\/moncompte.actu.fr\" title=\"D\u00e9couvez Mon Actu\" rel=\"nofollow noopener\" data-trk=\"{&quot;cta&quot;:{&quot;action&quot;:&quot;https:\\\/\\\/moncompte.actu.fr&quot;,&quot;category&quot;:&quot;mon compte&quot;,&quot;from&quot;:&quot;article footer&quot;,&quot;name&quot;:&quot;Mon actu&quot;,&quot;type&quot;:&quot;cta&quot;}}\" target=\"_blank\">Mon Actu<\/a>.<\/p>\n","protected":false},"excerpt":{"rendered":"Par Aline Chatel Publi\u00e9 le 25 oct. 2025 \u00e0 19h53 Il n\u2019y a pas eu d\u2019exploit au stade&hellip;\n","protected":false},"author":2,"featured_media":489604,"comment_status":"","ping_status":"","sticky":false,"template":"","format":"standard","meta":{"footnotes":""},"categories":[4],"tags":[11,83,25068,63,1011,27,12,25,60],"class_list":{"0":"post-489603","1":"post","2":"type-post","3":"status-publish","4":"format-standard","5":"has-post-thumbnail","7":"category-france","8":"tag-actualites","9":"tag-coupe-de-france","10":"tag-foot-normandie","11":"tag-football","12":"tag-fr","13":"tag-france","14":"tag-news","15":"tag-republique-francaise","16":"tag-sports"},"share_on_mastodon":{"url":"https:\/\/pubeurope.com\/@fr\/115436292389115816","error":""},"_links":{"self":[{"href":"https:\/\/www.europesays.com\/fr\/wp-json\/wp\/v2\/posts\/489603","targetHints":{"allow":["GET"]}}],"collection":[{"href":"https:\/\/www.europesays.com\/fr\/wp-json\/wp\/v2\/posts"}],"about":[{"href":"https:\/\/www.europesays.com\/fr\/wp-json\/wp\/v2\/types\/post"}],"author":[{"embeddable":true,"href":"https:\/\/www.europesays.com\/fr\/wp-json\/wp\/v2\/users\/2"}],"replies":[{"embeddable":true,"href":"https:\/\/www.europesays.com\/fr\/wp-json\/wp\/v2\/comments?post=489603"}],"version-history":[{"count":0,"href":"https:\/\/www.europesays.com\/fr\/wp-json\/wp\/v2\/posts\/489603\/revisions"}],"wp:featuredmedia":[{"embeddable":true,"href":"https:\/\/www.europesays.com\/fr\/wp-json\/wp\/v2\/media\/489604"}],"wp:attachment":[{"href":"https:\/\/www.europesays.com\/fr\/wp-json\/wp\/v2\/media?parent=489603"}],"wp:term":[{"taxonomy":"category","embeddable":true,"href":"https:\/\/www.europesays.com\/fr\/wp-json\/wp\/v2\/categories?post=489603"},{"taxonomy":"post_tag","embeddable":true,"href":"https:\/\/www.europesays.com\/fr\/wp-json\/wp\/v2\/tags?post=489603"}],"curies":[{"name":"wp","href":"https:\/\/api.w.org\/{rel}","templated":true}]}}