{"id":489609,"date":"2025-10-25T18:53:11","date_gmt":"2025-10-25T18:53:11","guid":{"rendered":"https:\/\/www.europesays.com\/fr\/489609\/"},"modified":"2025-10-25T18:53:11","modified_gmt":"2025-10-25T18:53:11","slug":"david-menut-il-a-100-watts-de-plus-que-moi-actualite","status":"publish","type":"post","link":"https:\/\/www.europesays.com\/fr\/489609\/","title":{"rendered":"David Menut : \u00ab Il a 100 watts de plus que moi \u00bb &#8211; Actualit\u00e9"},"content":{"rendered":"<p style=\"text-align: justify;\"><strong>Le duel a \u00e9t\u00e9 haletant jusqu\u2019au bout. C\u2019est au sprint qu\u2019Aubin Sparfel, pour sa premi\u00e8re en \u00c9lite en Coupe de France de cyclo-cross, <a href=\"https:\/\/www.directvelo.com\/actualite\/124915\/cc-coupe-de-france-1-elite-hommes-classement\" target=\"_blank\" rel=\"noopener\">a devanc\u00e9 l\u2019exp\u00e9riment\u00e9 David Menut<\/a>. Apr\u00e8s une premi\u00e8re partie de course poussive, le coureur de l\u2019AS Bike Racing-France Literie a termin\u00e9 fort ce samedi sur la premi\u00e8re manche, \u00e0 Albi (Tarn). Le Creusois est revenu sur sa course au micro de DirectVelo.<\/strong><\/p>\n<p><strong>DirectVelo : Tu as fait une belle remont\u00e9e !<\/strong><br \/>David Menut : J\u2019ai fait un mauvais d\u00e9but de course. Il y a eu des petits al\u00e9as et physiquement, j\u2019ai eu du mal \u00e0 me mettre dans le rythme. Je n\u2019avais pas des sensations exceptionnelles. C&rsquo;est vraiment mont\u00e9 crescendo. Je rentre sur le groupe de t\u00eate \u00e0 trois tours de la fin. J\u2019avais envie de faire p\u00e9ter ce groupe parce que clairement depuis le d\u00e9but de la saison, nous n\u2019avons que des courses de marquage, de placement et un peu tactique. Et clairement, ce ne sont pas des courses qui me vont bien. J&rsquo;ai un peu de mal vu que je manque de giclette et d&rsquo;explosivit\u00e9 compar\u00e9 aux \u201cjeunes\u201d. J&rsquo;avais vraiment cette envie de mettre des coups de vis. Je l\u2019ai fait \u00e0 deux tours de la fin pour voir ce que \u00e7a donnait. J&rsquo;ai fait un gros kilom\u00e8tre sans me retourner jusqu&rsquo;\u00e0 la ligne.<\/p>\n<p><strong>Ce qui a donn\u00e9 un beau duel jusqu\u2019\u00e0 la ligne avec Aubin Sparfel\u2026<\/strong><br \/>J&rsquo;ai vu qu&rsquo;on avait creus\u00e9 avec Aubin. Donc dans un premier temps, c&rsquo;\u00e9tait tr\u00e8s bien parce que \u00e7a assurait un podium. Dans un second temps, il fallait jouer un peu avec lui. Mais Aubin est tr\u00e8s fort. J&rsquo;ai essay\u00e9 de jouer avec ses faiblesses et moi avec mes qualit\u00e9s.<\/p>\n<p><strong>\u00ab J\u2019AI ANALYS\u00c9 SES FAIBLESSES \u00bb<\/strong><\/p>\n<p><strong>Quelles sont ses faiblesses ?<\/strong><br \/>Ses faiblesses sont mes points forts. Il faut donc jouer avec. Et je lui ai mis la pression l\u00e0-dessus. Clairement, techniquement, je suis un peu plus \u00e0 l&rsquo;aise que lui. Il vient juste de reprendre la comp\u00e9tition alors que moi, c&rsquo;est d\u00e9j\u00e0 mon quatri\u00e8me week-end. Donc \u00e7a fait aussi la diff\u00e9rence. C&rsquo;\u00e9tait \u00e0 deux doigts de passer mais sur les relances, je le dis en rigolant, mais il a 100 watts de plus que moi, largement.<\/p>\n<p><strong>Apr\u00e8s ton attaque, il est revenu sur toi au niveau du passage des planches\u2026<\/strong><br \/>J&rsquo;ai vite compris qu&rsquo;au sprint, je n&rsquo;avais aucune chance. J&rsquo;ai jou\u00e9 mon va-tout. \u00c7a n&rsquo;a pas march\u00e9, tant pis. Il aurait peut-\u00eatre fallu que je tente le tout pour le tout en essayant de passer les planches \u00e0 v\u00e9lo. Je l&rsquo;ai fait \u00e0 l&rsquo;entra\u00eenement, mais pas en course avec les d\u00e9g\u00e2ts sur le terrain avant les planches. Le sol \u00e9tait vraiment gras. L&rsquo;appel pour sauter la planche n&rsquo;\u00e9tait vraiment pas exceptionnel. C&rsquo;\u00e9tait prendre le risque de se casser la gueule et de faire 4e. Donc j&rsquo;ai jou\u00e9 petit bras, on verra demain si je joue gros bras. (rire)<\/p>\n<p><strong>PRENDRE DU PLAISIR ET \u00caTRE PERFORMANT<\/strong><\/p>\n<p><strong>Que change pour toi la pr\u00e9sence d\u2019Aubin Sparfel qui est toujours Espoir ?<\/strong><br \/>Je trouve \u00e7a excellent que la f\u00e9d\u00e9 laisse ouvert \u00e0 des jeunes performants. Nous, \u00e7a nous tire vers le haut. Et c\u2019est bien pour Aubin, qui aurait peut-\u00eatre fait sa course tout seul en Espoir\u2026 Sa pr\u00e9sence met un peu de piment, \u00e7a fait de superbes courses. On l&rsquo;a vu aujourd&rsquo;hui, je pense qu&rsquo;il n&rsquo;y a pas eu de r\u00e9pit. Jusqu&rsquo;au dernier moment, on ne savait pas qui allait gagner. Donc \u00e7a, c&rsquo;est g\u00e9nial. Aubin, il sort d&rsquo;une saison route exceptionnelle sur la route. Quand j&rsquo;\u00e9tais totalement routier, je n&rsquo;ai pas fait un dixi\u00e8me de ses r\u00e9sultats cette saison. Donc on sait tous qu&rsquo;il a un moteur exceptionnel et que c&rsquo;est une p\u00e9pite.<\/p>\n<p><strong>Qu\u2019est-ce qui te motive pour cette ann\u00e9e ?<\/strong><br \/>J\u2019ai vraiment envie prendre du plaisir mais aussi performer, parce que c&rsquo;est aussi dans la perf que je prends du plaisir. L\u00e0, je ne vais pas le cacher, au bout de quatre tours, je me dis \u201cputain, fais chier, je suis poussif, je n&rsquo;arrive pas \u00e0 rentrer, les mecs sont loin\u201d. J\u2019\u00e9tais un peu blas\u00e9. Le plaisir, \u00e7a vient aussi en ayant un impact sur les courses, m\u00eame si techniquement, j&rsquo;arrive \u00e0 sentir que je suis au-dessus et que je me fais plaisir en passant vite. Mais je suis avant tout un comp\u00e9titeur. Ce qui me fait vibrer, c&rsquo;est d&rsquo;\u00eatre \u00e0 l&rsquo;avant et d&rsquo;\u00eatre dans le money time. Donc, prendre plaisir \u00e0 jouer des grosses places, \u00e0 jouer des victoires. Et puis, j&rsquo;aimerais me rapprocher encore une fois du Top 10 en Coupe du Monde.<\/p>\n","protected":false},"excerpt":{"rendered":"Le duel a \u00e9t\u00e9 haletant jusqu\u2019au bout. C\u2019est au sprint qu\u2019Aubin Sparfel, pour sa premi\u00e8re en \u00c9lite en&hellip;\n","protected":false},"author":2,"featured_media":489610,"comment_status":"","ping_status":"","sticky":false,"template":"","format":"standard","meta":{"footnotes":""},"categories":[1411],"tags":[834,828,836,829,837,827,83,826,824,823,1154,207,814,817,815,816,822,821,832,211,839,1011,27,820,818,819,835,831,830,833,838,60,212,208,825],"class_list":{"0":"post-489609","1":"post","2":"type-post","3":"status-publish","4":"format-standard","5":"has-post-thumbnail","7":"category-cyclisme","8":"tag-attaque","9":"tag-belgique","10":"tag-braquet","11":"tag-bretagne","12":"tag-chute","13":"tag-competition","14":"tag-coupe-de-france","15":"tag-coureur","16":"tag-course-cyclisme","17":"tag-course-cycliste","18":"tag-cycling","19":"tag-cyclisme","20":"tag-direct","21":"tag-direct-velo","22":"tag-directvelo","23":"tag-directvelo-com","24":"tag-epreuve","25":"tag-epreuve-cycliste","26":"tag-federation-francaise-de-cyclisme","27":"tag-ffc","28":"tag-flandres","29":"tag-fr","30":"tag-france","31":"tag-live","32":"tag-live-course","33":"tag-live-epreuve","34":"tag-peloton","35":"tag-radio-peloton","36":"tag-radio-tour","37":"tag-ravitaillement","38":"tag-relance","39":"tag-sports","40":"tag-uci","41":"tag-velo","42":"tag-velos"},"share_on_mastodon":{"url":"https:\/\/pubeurope.com\/@fr\/115436323100794196","error":""},"_links":{"self":[{"href":"https:\/\/www.europesays.com\/fr\/wp-json\/wp\/v2\/posts\/489609","targetHints":{"allow":["GET"]}}],"collection":[{"href":"https:\/\/www.europesays.com\/fr\/wp-json\/wp\/v2\/posts"}],"about":[{"href":"https:\/\/www.europesays.com\/fr\/wp-json\/wp\/v2\/types\/post"}],"author":[{"embeddable":true,"href":"https:\/\/www.europesays.com\/fr\/wp-json\/wp\/v2\/users\/2"}],"replies":[{"embeddable":true,"href":"https:\/\/www.europesays.com\/fr\/wp-json\/wp\/v2\/comments?post=489609"}],"version-history":[{"count":0,"href":"https:\/\/www.europesays.com\/fr\/wp-json\/wp\/v2\/posts\/489609\/revisions"}],"wp:featuredmedia":[{"embeddable":true,"href":"https:\/\/www.europesays.com\/fr\/wp-json\/wp\/v2\/media\/489610"}],"wp:attachment":[{"href":"https:\/\/www.europesays.com\/fr\/wp-json\/wp\/v2\/media?parent=489609"}],"wp:term":[{"taxonomy":"category","embeddable":true,"href":"https:\/\/www.europesays.com\/fr\/wp-json\/wp\/v2\/categories?post=489609"},{"taxonomy":"post_tag","embeddable":true,"href":"https:\/\/www.europesays.com\/fr\/wp-json\/wp\/v2\/tags?post=489609"}],"curies":[{"name":"wp","href":"https:\/\/api.w.org\/{rel}","templated":true}]}}