{"id":489613,"date":"2025-10-25T18:55:12","date_gmt":"2025-10-25T18:55:12","guid":{"rendered":"https:\/\/www.europesays.com\/fr\/489613\/"},"modified":"2025-10-25T18:55:12","modified_gmt":"2025-10-25T18:55:12","slug":"emilien-et-nabilla-le-couple-surprise","status":"publish","type":"post","link":"https:\/\/www.europesays.com\/fr\/489613\/","title":{"rendered":"Emilien et Nabilla, le couple surprise"},"content":{"rendered":"<p>      R\u00e9sum\u00e9<\/p>\n<p>Emilien, Nabilla et Joeystarr participent ensemble \u00e0 un nouveau jeu TV in\u00e9dit sur TF1 o\u00f9 l&rsquo;objectif est de r\u00e9pondre le plus mal possible pour remporter la victoire.<\/p>\n<p>        Sommaire<\/p>\n<p>En juillet dernier, <a href=\"https:\/\/www.public.fr\/tag\/les-12-coups-de-midi\" rel=\"nofollow noopener\" target=\"_blank\">Emilien quittait Les 12 coups de midi<\/a>. Apr\u00e8s pr\u00e8s de deux ans de r\u00e8gne, le jeune homme quittait le jeu du midi <strong>avec plus de 2,63 millions de gains et de cadeaux<\/strong>. Mais heureusement pour ses nombreux fans, Emilien est r\u00e9guli\u00e8rement de retour sur nos antennes&#8230; On l&rsquo;a revu \u00e0 deux reprises dans deux primes \u00e9v\u00e8nements des 12 coups cet \u00e9t\u00e9. Et dans quelques semaines, le champion sera de retour sur TF1, <strong>avec cette fois Camille Combal \u00e0 l&rsquo;animation<\/strong>. <\/p>\n<p>En effet, exit Jean-Luc Reichmann&#8230; <strong>Emilien va prendre son ind\u00e9pendance<\/strong> ! Selon les informations du blogueur m\u00e9dia Cl\u00e9ment Garin, le champion des 12 coups a tourn\u00e9 il y a quelques jours <a href=\"https:\/\/www.public.fr\/un-projet-top-secret-nabilla-bientot-sur-tf1\" rel=\"nofollow noopener\" target=\"_blank\">une nouvelle \u00e9mission<\/a> baptis\u00e9e <strong>Qui sera le plus nul ? <\/strong>Il s&rsquo;agit-l\u00e0 d&rsquo;une adaptation fran\u00e7aise d&rsquo;un jeu britannique baptis\u00e9 Nation&rsquo;s Dumbest. <\/p>\n<p>Dans Qui sera le plus nul, les candidats, issus de tous horizons, ont un seul objectif : perdre pour gagner ! En effet, dans ce jeu, les codes sont invers\u00e9s, et les candidats vont devoir <strong>r\u00e9pondre le plus mal possible aux questions qui leur seront pos\u00e9es<\/strong>. Plus ils se rapprocheront de la v\u00e9rit\u00e9, et plus ils se mettront en danger. C&rsquo;est tout le concept de ce jeu surprenant, qui sera confi\u00e9 \u00e0 <a href=\"https:\/\/vsd.fr\/60812-cest-deja-arrive-par-le-passe-camille-combal-brise-le-silence-sur-le-conflit-opposant-ines-reg-et-natasha-st-pier\/\" rel=\"nofollow noopener\" target=\"_blank\">Camille Combal<\/a> dans les prochaines semaines. Et <strong>Emilien ne sera pas tout seul au casting<\/strong>&#8230;<\/p>\n<p>Emilien, Nabilla, Joeystarr&#8230; Qui va gagner ?<\/p>\n<p>En effet, dans ce jeu, Emilien retrouvera une personnalit\u00e9 <strong>qu&rsquo;il conna\u00eet de puis longtemps d\u00e9j\u00e0 : Nabilla<\/strong>. Ils ne sont pas du tout du m\u00eame univers, mais l&rsquo;un comme l&rsquo;autre auront la m\u00eame mission : celle de faire rire, en s&rsquo;\u00e9loignant au maximum des r\u00e9ponses \u00e0 donner. A leurs c\u00f4t\u00e9s \u00e9galement, le rappeur et com\u00e9dien <strong>Joeystarr<\/strong>. Pr\u00e9sent sur TF1 depuis quelques ann\u00e9es avec <a href=\"https:\/\/www.public.fr\/diaporamas\/le-remplacant-la-nouvelle-mini-serie-avec-joeystarr-dans-le-role-principal-debarque-sur-tf1\" rel=\"nofollow noopener\" target=\"_blank\">la s\u00e9rie scolaire Le rempla\u00e7ant<\/a>, le quinquag\u00e9naire sera lui aussi au casting de cette \u00e9mission. De nombreuses autres c\u00e9l\u00e9brit\u00e9s, non d\u00e9voil\u00e9es pour l&rsquo;instant, compl\u00e8teront le lot ! Diffusion dans quelques semaines&#8230;<\/p>\n<p>\n          Hits &amp; People en continu\n        <\/p>\n<p>\n          Public Radio\n        <\/p>\n<p>      Mentionn\u00e9s dans cet article<\/p>\n<p>      Sur le m\u00eame sujet<\/p>\n","protected":false},"excerpt":{"rendered":"R\u00e9sum\u00e9 Emilien, Nabilla et Joeystarr participent ensemble \u00e0 un nouveau jeu TV in\u00e9dit sur TF1 o\u00f9 l&rsquo;objectif est&hellip;\n","protected":false},"author":2,"featured_media":489614,"comment_status":"","ping_status":"","sticky":false,"template":"","format":"standard","meta":{"footnotes":""},"categories":[1359],"tags":[193,58,8049,59,1011,27,1197,30290,23482,973,199],"class_list":{"0":"post-489613","1":"post","2":"type-post","3":"status-publish","4":"format-standard","5":"has-post-thumbnail","7":"category-people","8":"tag-camille-combal","9":"tag-divertissement","10":"tag-emilien-les-12-coups-de-midi","11":"tag-entertainment","12":"tag-fr","13":"tag-france","14":"tag-jeu","15":"tag-joeystarr","16":"tag-nabilla-benattia","17":"tag-people","18":"tag-tf1"},"share_on_mastodon":{"url":"https:\/\/pubeurope.com\/@fr\/115436331086888094","error":""},"_links":{"self":[{"href":"https:\/\/www.europesays.com\/fr\/wp-json\/wp\/v2\/posts\/489613","targetHints":{"allow":["GET"]}}],"collection":[{"href":"https:\/\/www.europesays.com\/fr\/wp-json\/wp\/v2\/posts"}],"about":[{"href":"https:\/\/www.europesays.com\/fr\/wp-json\/wp\/v2\/types\/post"}],"author":[{"embeddable":true,"href":"https:\/\/www.europesays.com\/fr\/wp-json\/wp\/v2\/users\/2"}],"replies":[{"embeddable":true,"href":"https:\/\/www.europesays.com\/fr\/wp-json\/wp\/v2\/comments?post=489613"}],"version-history":[{"count":0,"href":"https:\/\/www.europesays.com\/fr\/wp-json\/wp\/v2\/posts\/489613\/revisions"}],"wp:featuredmedia":[{"embeddable":true,"href":"https:\/\/www.europesays.com\/fr\/wp-json\/wp\/v2\/media\/489614"}],"wp:attachment":[{"href":"https:\/\/www.europesays.com\/fr\/wp-json\/wp\/v2\/media?parent=489613"}],"wp:term":[{"taxonomy":"category","embeddable":true,"href":"https:\/\/www.europesays.com\/fr\/wp-json\/wp\/v2\/categories?post=489613"},{"taxonomy":"post_tag","embeddable":true,"href":"https:\/\/www.europesays.com\/fr\/wp-json\/wp\/v2\/tags?post=489613"}],"curies":[{"name":"wp","href":"https:\/\/api.w.org\/{rel}","templated":true}]}}