{"id":489621,"date":"2025-10-25T19:01:10","date_gmt":"2025-10-25T19:01:10","guid":{"rendered":"https:\/\/www.europesays.com\/fr\/489621\/"},"modified":"2025-10-25T19:01:10","modified_gmt":"2025-10-25T19:01:10","slug":"ces-rendez-vous-a-ne-pas-manquer-au-phenix","status":"publish","type":"post","link":"https:\/\/www.europesays.com\/fr\/489621\/","title":{"rendered":"ces rendez-vous \u00e0\u00a0ne\u00a0pas\u00a0manquer au Ph\u00e9nix"},"content":{"rendered":"<p>  Un bel hommage rendu \u00e0 Dani\u00e8le Kahn<\/p>\n<p>Une journ\u00e9e d\u2019hommage \u00e0 <a href=\"https:\/\/www.bienpublic.com\/defense-guerre-conflit\/2025\/10\/23\/l-histoire-meconnue-d-une-enfant-juive-cachee-dans-le-village-en-1944\" target=\"_blank\" rel=\"noopener\">Dani\u00e8le Kahn<\/a> sera organis\u00e9e <strong>samedi 25\u00a0octobre<\/strong> \u00e0 l\u2019initiative du comit\u00e9 des f\u00eates touillonnais. Il s\u2019agira d\u2019une comm\u00e9moration qui s\u2019articulera tout d\u2019abord par une itin\u00e9rance \u00e0 partir de 16 heures, suivie d\u2019un moment de recueillement \u00e0 Montbard \u00e0 17\u00a0h\u00a030 au square des Justes, puis d\u2019une projection au cin\u00e9ma \u00e0 20\u00a0h\u00a030. Pour rappel, Dani\u00e8le Kahn a \u00e9t\u00e9 h\u00e9berg\u00e9e par Germaine Lefebvre au Petit-Jailly \u00e0 la suite de la rafle de ses parents juifs \u00e0 Paris. Durant son s\u00e9jour, celle-ci a racont\u00e9 son quotidien dans un cahier dont son fils, Didier Roten, devenu r\u00e9alisateur, a fait un documentaire illustr\u00e9 par Thomas Duranteau et intitul\u00e9 Le cahier de Dani\u00e8le Kahn. C\u2019est ce film qui sera projet\u00e9 au Ph\u00e9nix samedi soir et qui fera l\u2019objet d\u2019une discussion avec les spectateurs ensuite, en pr\u00e9sence du r\u00e9alisateur, mais aussi du petit-fils de Germaine Lefebvre, Fran\u00e7ois Lefebvre.<\/p>\n<p>  Une journ\u00e9e qui va faire frissonner les grands comme les petits<\/p>\n<p>Pour la premi\u00e8re fois, le Ph\u00e9nix a d\u00e9cid\u00e9 de marquer le coup \u00e0 l\u2019occasion d\u2019Halloween. Et c\u2019est donc toute une journ\u00e9e frissons qui attend les visiteurs <strong>vendredi 31\u00a0octobre<\/strong>. \u00ab\u00a0L\u2019id\u00e9e, c\u2019est de voir si ce type d\u2019animations pla\u00eet et si c\u2019est le cas, de les refaire les ann\u00e9es suivantes\u00a0\u00bb, indiquent Catherine Langlet et Fr\u00e9d\u00e9ric Roguier, membres de l\u2019association Cin\u00e9-Cit\u00e9, qui pour l\u2019occasion, n\u2019ont pas l\u00e9sin\u00e9 sur la d\u00e9coration des lieux.<\/p>\n<p>Cette journ\u00e9e Halloween Party d\u00e9marrera d\u00e8s le matin avec la projection du dessin anim\u00e9 Hopper, \u00e0 10\u00a0h\u00a030, sorti sur les \u00e9crans mi-octobre. L\u2019apr\u00e8s-midi sera r\u00e9serv\u00e9 aux enfants avec la diffusion \u00e0 14\u00a0heures du film Petit vampire, puis de Coco \u00e0 16 heures. \u00ab\u00a0Des brochettes de bonbons et un atelier maquillage sera propos\u00e9 aux petits cin\u00e9philes durant ce cr\u00e9neau, parce que l\u2019on souhaite aussi bichonner notre public de demain\u00a0\u00bb, annonce le duo de b\u00e9n\u00e9voles, qui souligne qu\u2019\u00e0 partir de 18\u00a0heures, place aux grands, avec la projection de quatre films d\u2019horreur\u00a0: The Ugly Stepsister \u00e0 18 heures, Black Phone 2 \u00e0 20\u00a0heures, Conjuring \u00e0 22 heures et La Nuit des clowns \u00e0 minuit. \u00ab\u00a0Et ceux qui le souhaitent peuvent venir costum\u00e9s.\u00a0\u00bb<\/p>\n<p>  Le documentaire \u00e0 l\u2019honneur en novembre<\/p>\n<p>Dans le cadre du mois du film documentaire pr\u00e9vu en novembre, et auquel le Ph\u00e9nix participe chaque ann\u00e9e, quatre films seront diffus\u00e9s, chacun \u00e0 deux reprises. \u00ab\u00a0On commencera par le documentaire Ernest Cole, photographe, <strong>le 6\u00a0novembre <\/strong> \u00e0 18 heures et le 10, \u00e0 20\u00a0h\u00a030\u00a0\u00bb, annonce Roland M\u00e9rindol, le responsable de la commission programmation, qui poursuit avec Premi\u00e8res classes, la semaine suivante, Hors service \u00a0ensuite et enfin Lumi\u00e8re, l\u2019aventure continue \u00e0 la fin du mois.<\/p>\n<p>  La saison des op\u00e9ras-ballets est lanc\u00e9e<\/p>\n<p>Bonne nouvelle pour les amateurs du genre. \u00c0 partir du mois de novembre, la saison des op\u00e9ras-ballets reprend. \u00ab\u00a0On est loin d\u2019afficher complet \u00e0 chaque fois, mais on a des fid\u00e8les sur chacune des s\u00e9ances\u00a0\u00bb, souligne Didier Roland, le pr\u00e9sident de Cin\u00e9-Cit\u00e9. Pour cette saison 2025-2026, ce ne sont pas moins de six s\u00e9ances qui seront propos\u00e9es au public. \u00ab\u00a0Des spectacles, op\u00e9ras ou ballets, qui seront retransmis depuis le Royal Opera House de Londres\u00a0\u00bb, pr\u00e9cise-t-il, avant d\u2019annoncer que la premi\u00e8re s\u00e9ance aura lieu <strong>le dimanche 9\u00a0novembre<\/strong> avec la diffusion de l\u2019op\u00e9ra de Puccini, La Tosca, \u00e0 partir de 13\u00a0h\u00a055. Et le 14\u00a0d\u00e9cembre, place \u00e0 un ballet avec La fille mal gard\u00e9e.<\/p>\n<p class=\"note\">Info  Renseignements, r\u00e9servations et tarifs au 03.80.92.49.00. ou sur le site <a href=\"https:\/\/cinemalephenix.com\/FR\/9\/cinema-le-phenix-montbard.html\" target=\"_blank\" rel=\"noopener\"> www.cinemalephenix.com<\/a><\/p>\n","protected":false},"excerpt":{"rendered":"Un bel hommage rendu \u00e0 Dani\u00e8le Kahn Une journ\u00e9e d\u2019hommage \u00e0 Dani\u00e8le Kahn sera organis\u00e9e samedi 25\u00a0octobre \u00e0&hellip;\n","protected":false},"author":2,"featured_media":489622,"comment_status":"","ping_status":"","sticky":false,"template":"","format":"standard","meta":{"footnotes":""},"categories":[1354],"tags":[650,1687,58,11743,59,107,1346,1011,27,11741,11742,1360,104,1631],"class_list":{"0":"post-489621","1":"post","2":"type-post","3":"status-publish","4":"format-standard","5":"has-post-thumbnail","7":"category-films","8":"tag-cinema","9":"tag-culture-loisirs","10":"tag-divertissement","11":"tag-edition-haute-cote-dor","12":"tag-entertainment","13":"tag-fil-info","14":"tag-films","15":"tag-fr","16":"tag-france","17":"tag-montbard","18":"tag-montbard-bassin","19":"tag-movies","20":"tag-societe","21":"tag-vie-associative"},"share_on_mastodon":{"url":"https:\/\/pubeurope.com\/@fr\/115436354506406624","error":""},"_links":{"self":[{"href":"https:\/\/www.europesays.com\/fr\/wp-json\/wp\/v2\/posts\/489621","targetHints":{"allow":["GET"]}}],"collection":[{"href":"https:\/\/www.europesays.com\/fr\/wp-json\/wp\/v2\/posts"}],"about":[{"href":"https:\/\/www.europesays.com\/fr\/wp-json\/wp\/v2\/types\/post"}],"author":[{"embeddable":true,"href":"https:\/\/www.europesays.com\/fr\/wp-json\/wp\/v2\/users\/2"}],"replies":[{"embeddable":true,"href":"https:\/\/www.europesays.com\/fr\/wp-json\/wp\/v2\/comments?post=489621"}],"version-history":[{"count":0,"href":"https:\/\/www.europesays.com\/fr\/wp-json\/wp\/v2\/posts\/489621\/revisions"}],"wp:featuredmedia":[{"embeddable":true,"href":"https:\/\/www.europesays.com\/fr\/wp-json\/wp\/v2\/media\/489622"}],"wp:attachment":[{"href":"https:\/\/www.europesays.com\/fr\/wp-json\/wp\/v2\/media?parent=489621"}],"wp:term":[{"taxonomy":"category","embeddable":true,"href":"https:\/\/www.europesays.com\/fr\/wp-json\/wp\/v2\/categories?post=489621"},{"taxonomy":"post_tag","embeddable":true,"href":"https:\/\/www.europesays.com\/fr\/wp-json\/wp\/v2\/tags?post=489621"}],"curies":[{"name":"wp","href":"https:\/\/api.w.org\/{rel}","templated":true}]}}