{"id":489634,"date":"2025-10-25T19:09:12","date_gmt":"2025-10-25T19:09:12","guid":{"rendered":"https:\/\/www.europesays.com\/fr\/489634\/"},"modified":"2025-10-25T19:09:12","modified_gmt":"2025-10-25T19:09:12","slug":"marine-le-pen-a-ouvert-un-boulevard-a-ses-opposants-avec-cette-balade-dans-les-vosges","status":"publish","type":"post","link":"https:\/\/www.europesays.com\/fr\/489634\/","title":{"rendered":"Marine Le\u00a0Pen a ouvert un boulevard \u00e0 ses opposants avec cette \u00ab\u00a0balade\u00a0\u00bb dans les Vosges"},"content":{"rendered":"<p>        <img decoding=\"async\" loading=\"lazy\" src=\"https:\/\/www.europesays.com\/fr\/wp-content\/uploads\/2025\/10\/3857c11_upload-1-uvwnhytdf5v1-afp-20251025-79yu649-v4-highres-francepoliticsagriculturepartiesrn.jpg\"  width=\"728\" height=\"409\" alt=\"Marine Le Pen photographi\u00e9e \u00e0 Poussay, le 25\u00a0octobre 2025.\"\/>  <\/p>\n<p>ROMEO BOETZLE \/ AFP<\/p>\n<p>Marine Le Pen photographi\u00e9e \u00e0 Poussay, le 25\u00a0octobre 2025.<\/p>\n<p class=\"asset asset-text\">POLITIQUE &#8211; Du palais Bourbon au palais boud\u00e9. Alors que les d\u00e9put\u00e9s ont entam\u00e9 ce samedi 25\u00a0octobre leur deuxi\u00e8me journ\u00e9e <a href=\"https:\/\/www.huffingtonpost.fr\/politique\/article\/budget-2026-a-l-assemblee-cette-defiscalisation-votee-par-les-deputes-va-surtout-beneficier-aux-meres-separees_256397.html\" target=\"_blank\" rel=\"noopener\">de marathon budg\u00e9taire<\/a>, consacr\u00e9e notamment <a href=\"https:\/\/www.huffingtonpost.fr\/politique\/article\/budget-2026-meme-les-macronistes-votent-contre-cette-mesure-phare-du-gouvernement-lecornu_256406.html\" target=\"_blank\" rel=\"noopener\">au bar\u00e8me de l\u2019imp\u00f4t sur le revenu<\/a>, aux heures suppl\u00e9mentaires ou au cr\u00e9dit d\u2019imp\u00f4t, <a href=\"https:\/\/www.huffingtonpost.fr\/politique\/article\/mal-a-l-aise-sur-la-reforme-des-retraites-le-rassemblement-national-en-devient-inaudible_256326.html\" target=\"_blank\" rel=\"noopener\">Marine Le\u00a0Pen<\/a> a zapp\u00e9 les d\u00e9bats au profit d\u2019un d\u00e9placement avec Jordan Bardella, et plusieurs autres parlementaires RN, \u00e0 Poussay dans les Vosges.<\/p>\n<p class=\"asset asset-text\">Alors que les d\u00e9put\u00e9s s\u2019\u00e9charpaient dans les trav\u00e9es comme sur X \u00e0 coups de vid\u00e9os et de captures d\u2019\u00e9cran sur les amendements en cours de discussion, la cheffe de file de l\u2019extr\u00eame droite fran\u00e7aise s\u2019est offert plusieurs bains de foule.<\/p>\n<p class=\"asset asset-text\">Deux salles, deux ambiances, et une opportunit\u00e9 parfaite pour les opposants de la d\u00e9put\u00e9e du Pas-de-Calais qui, de la gauche au centre, n\u2019ont pas h\u00e9sit\u00e9 \u00e0 railler son \u00ab\u00a0emploi fictif\u00a0\u00bb \u00e0 l\u2019Assembl\u00e9e nationale. \u00ab\u00a0Pendant que Madame fait des selfies, les vrais opposants font leur travail \u00e0 l\u2019Assembl\u00e9e nationale pour combattre le budget de Lecornu. Les emplois fictifs, \u00e7a suffit\u00a0!\u00a0\u00bb, a cingl\u00e9 le d\u00e9put\u00e9 LFI Manuel Bompard sur X, alors que d\u2019autres insoumis s\u2019engouffraient dans la critique.<\/p>\n<p> La lecture de ce contenu est susceptible d\u2019entra\u00eener un d\u00e9p\u00f4t de cookies de la part de l\u2019op\u00e9rateur tiers qui l\u2019h\u00e9berge. Compte-tenu des choix que vous avez exprim\u00e9s en mati\u00e8re de d\u00e9p\u00f4t de cookies, nous avons bloqu\u00e9 l\u2019affichage de ce contenu. Si vous souhaitez y acc\u00e9der, vous devez accepter la cat\u00e9gorie de cookies \u201cContenus tiers\u201d en cliquant sur le bouton ci-dessous. <\/p>\n<p> Lire la Vid\u00e9o        <\/p>\n<p class=\"asset asset-text\">Tonalit\u00e9 identique chez les socialistes, comme vous pouvez le voir dans le tweet de la d\u00e9put\u00e9e PS Colette Capdevielle.<\/p>\n<p> La lecture de ce contenu est susceptible d\u2019entra\u00eener un d\u00e9p\u00f4t de cookies de la part de l\u2019op\u00e9rateur tiers qui l\u2019h\u00e9berge. Compte-tenu des choix que vous avez exprim\u00e9s en mati\u00e8re de d\u00e9p\u00f4t de cookies, nous avons bloqu\u00e9 l\u2019affichage de ce contenu. Si vous souhaitez y acc\u00e9der, vous devez accepter la cat\u00e9gorie de cookies \u201cContenus tiers\u201d en cliquant sur le bouton ci-dessous. <\/p>\n<p> Lire la Vid\u00e9o        <\/p>\n<p class=\"asset asset-text\">M\u00eame l\u2019\u00e9lue Renaissance Prisca Th\u00e9venot a moqu\u00e9 un \u00ab\u00a0mandat fictif\u00a0\u00bb\u00a0: \u00ab\u00a0Alors que nous sommes mobilis\u00e9s \u00e0 l\u2019Assembl\u00e9e nationale pour d\u00e9fendre le pouvoir d\u2019achat des travailleurs contre toutes les hausses d\u2019imp\u00f4ts propos\u00e9es\u2026 elle se balade\u00a0\u00bb. La r\u00e9ponse n\u2019est pas arriv\u00e9e depuis les Vosges mais depuis l\u2019Assembl\u00e9e nationale, puisque c\u2019est le d\u00e9put\u00e9 Jean-Philippe Tanguy, pr\u00e9sent dans l\u2019h\u00e9micycle, qui a r\u00e9pliqu\u00e9 \u00e0 Prisca Th\u00e9venot\u00a0: \u00ab\u00a0jalouse\u00a0\u00bb.<\/p>\n<p class=\"asset asset-text\">Si la triple candidate \u00e0 la pr\u00e9sidentielle a fait peu de cas ce samedi des d\u00e9bats budg\u00e9taires, elle ne s\u2019est pas priv\u00e9e en revanche de les commenter au cours de ce d\u00e9placement. Ce voyage dans les Vosges r\u00e9affirme \u00e0 cet \u00e9gard la strat\u00e9gie de la \u00ab\u00a0campagne permanente\u00a0\u00bb du Rassemblement nationale, qui r\u00e9clame une nouvelle dissolution, quitte \u00e0 zapper les travaux en cours.<\/p>\n","protected":false},"excerpt":{"rendered":"ROMEO BOETZLE \/ AFP Marine Le Pen photographi\u00e9e \u00e0 Poussay, le 25\u00a0octobre 2025. POLITIQUE &#8211; Du palais Bourbon&hellip;\n","protected":false},"author":2,"featured_media":489635,"comment_status":"","ping_status":"","sticky":false,"template":"","format":"standard","meta":{"footnotes":""},"categories":[4],"tags":[11,416,1011,27,430,12,316,1078,25],"class_list":{"0":"post-489634","1":"post","2":"type-post","3":"status-publish","4":"format-standard","5":"has-post-thumbnail","7":"category-france","8":"tag-actualites","9":"tag-assemblee-nationale","10":"tag-fr","11":"tag-france","12":"tag-marine-le-pen","13":"tag-news","14":"tag-politique","15":"tag-rassemblement-national","16":"tag-republique-francaise"},"share_on_mastodon":{"url":"https:\/\/pubeurope.com\/@fr\/115436386122397985","error":""},"_links":{"self":[{"href":"https:\/\/www.europesays.com\/fr\/wp-json\/wp\/v2\/posts\/489634","targetHints":{"allow":["GET"]}}],"collection":[{"href":"https:\/\/www.europesays.com\/fr\/wp-json\/wp\/v2\/posts"}],"about":[{"href":"https:\/\/www.europesays.com\/fr\/wp-json\/wp\/v2\/types\/post"}],"author":[{"embeddable":true,"href":"https:\/\/www.europesays.com\/fr\/wp-json\/wp\/v2\/users\/2"}],"replies":[{"embeddable":true,"href":"https:\/\/www.europesays.com\/fr\/wp-json\/wp\/v2\/comments?post=489634"}],"version-history":[{"count":0,"href":"https:\/\/www.europesays.com\/fr\/wp-json\/wp\/v2\/posts\/489634\/revisions"}],"wp:featuredmedia":[{"embeddable":true,"href":"https:\/\/www.europesays.com\/fr\/wp-json\/wp\/v2\/media\/489635"}],"wp:attachment":[{"href":"https:\/\/www.europesays.com\/fr\/wp-json\/wp\/v2\/media?parent=489634"}],"wp:term":[{"taxonomy":"category","embeddable":true,"href":"https:\/\/www.europesays.com\/fr\/wp-json\/wp\/v2\/categories?post=489634"},{"taxonomy":"post_tag","embeddable":true,"href":"https:\/\/www.europesays.com\/fr\/wp-json\/wp\/v2\/tags?post=489634"}],"curies":[{"name":"wp","href":"https:\/\/api.w.org\/{rel}","templated":true}]}}