{"id":489640,"date":"2025-10-25T19:12:21","date_gmt":"2025-10-25T19:12:21","guid":{"rendered":"https:\/\/www.europesays.com\/fr\/489640\/"},"modified":"2025-10-25T19:12:21","modified_gmt":"2025-10-25T19:12:21","slug":"en-direct-football-ligue-2-des-soucis-a-lentree-du-stade-un-carton-rouge-et-une-ambiance-de-folie-le-fc-annecy-tout-proche-dun-grand-coup-face-a-lasse-suivez-la-rencontre","status":"publish","type":"post","link":"https:\/\/www.europesays.com\/fr\/489640\/","title":{"rendered":"En direct Football &#8211; Ligue 2. Des soucis \u00e0 l&rsquo;entr\u00e9e du stade, un carton rouge et une ambiance de folie&#8230; Le FC Annecy tout proche d&rsquo;un grand coup face \u00e0 l&rsquo;ASSE ?\u00a0Suivez la rencontre"},"content":{"rendered":"<p>&#13;<br \/>\n                                                    En direct&#13;<br \/>\n                        &#13;\n                                            <\/p>\n<p>Pour son retour au Parc des Sports, le FC Annecy (14e, 12 points) affronte ce samedi (20 heures) l&rsquo;AS Saint-\u00c9tienne (4e,\u00a020 points). Une rencontre de r\u00eave face au grand favori \u00e0 la mont\u00e9e en Ligue 1. Suivez la rencontre en direct comment\u00e9.<\/p>\n<p>&#13;<br \/>\n              S.B. &#8211; &#13;<br \/>\n        &#13;<br \/>\n          Aujourd&rsquo;hui \u00e0 21:04&#13;<br \/>\n    &#13;<br \/>\n                  | mis \u00e0 jour aujourd&rsquo;hui \u00e0 21:10&#13;<br \/>\n              &#8211; Temps de lecture : &#13;<br \/>\n  &#13;<\/p>\n","protected":false},"excerpt":{"rendered":"&#13; En direct&#13; &#13; Pour son retour au Parc des Sports, le FC Annecy (14e, 12 points) affronte&hellip;\n","protected":false},"author":2,"featured_media":489641,"comment_status":"","ping_status":"","sticky":false,"template":"","format":"standard","meta":{"footnotes":""},"categories":[9653],"tags":[1111,11,3853,3854,3855,9443,2430,3545,3856,1777,674,20116,107,1701,63,1011,27,4638,12636,3367,12,25,4001,517,1947],"class_list":{"0":"post-489640","1":"post","2":"type-post","3":"status-publish","4":"format-standard","5":"has-post-thumbnail","7":"category-saint-etienne","8":"tag-actu","9":"tag-actualites","10":"tag-annecy","11":"tag-annecy-bassin","12":"tag-annecy-region","13":"tag-asse-as-saint-etienne","14":"tag-auvergne-rhone-alpes","15":"tag-direct-sport","16":"tag-edition-annecy-rumilly-les-aravis","17":"tag-eu","18":"tag-europe","19":"tag-fc-annecy","20":"tag-fil-info","21":"tag-fil-info-sport","22":"tag-football","23":"tag-fr","24":"tag-france","25":"tag-haute-savoie","26":"tag-ligue-2-football","27":"tag-loire","28":"tag-news","29":"tag-republique-francaise","30":"tag-saint-etienne","31":"tag-sport","32":"tag-sport-national"},"share_on_mastodon":{"url":"","error":"Validation failed: Text character limit of 500 exceeded"},"_links":{"self":[{"href":"https:\/\/www.europesays.com\/fr\/wp-json\/wp\/v2\/posts\/489640","targetHints":{"allow":["GET"]}}],"collection":[{"href":"https:\/\/www.europesays.com\/fr\/wp-json\/wp\/v2\/posts"}],"about":[{"href":"https:\/\/www.europesays.com\/fr\/wp-json\/wp\/v2\/types\/post"}],"author":[{"embeddable":true,"href":"https:\/\/www.europesays.com\/fr\/wp-json\/wp\/v2\/users\/2"}],"replies":[{"embeddable":true,"href":"https:\/\/www.europesays.com\/fr\/wp-json\/wp\/v2\/comments?post=489640"}],"version-history":[{"count":0,"href":"https:\/\/www.europesays.com\/fr\/wp-json\/wp\/v2\/posts\/489640\/revisions"}],"wp:featuredmedia":[{"embeddable":true,"href":"https:\/\/www.europesays.com\/fr\/wp-json\/wp\/v2\/media\/489641"}],"wp:attachment":[{"href":"https:\/\/www.europesays.com\/fr\/wp-json\/wp\/v2\/media?parent=489640"}],"wp:term":[{"taxonomy":"category","embeddable":true,"href":"https:\/\/www.europesays.com\/fr\/wp-json\/wp\/v2\/categories?post=489640"},{"taxonomy":"post_tag","embeddable":true,"href":"https:\/\/www.europesays.com\/fr\/wp-json\/wp\/v2\/tags?post=489640"}],"curies":[{"name":"wp","href":"https:\/\/api.w.org\/{rel}","templated":true}]}}