{"id":489644,"date":"2025-10-25T19:14:20","date_gmt":"2025-10-25T19:14:20","guid":{"rendered":"https:\/\/www.europesays.com\/fr\/489644\/"},"modified":"2025-10-25T19:14:20","modified_gmt":"2025-10-25T19:14:20","slug":"une-soixantaine-de-personnes-rassemblees-pour-la-treve-a-gaza","status":"publish","type":"post","link":"https:\/\/www.europesays.com\/fr\/489644\/","title":{"rendered":"Une soixantaine de personnes rassembl\u00e9es pour la tr\u00eave \u00e0 Gaza"},"content":{"rendered":"<p>&#13;<br \/>\n  Ils \u00e9taient une soixantaine, rassembl\u00e9s place Maginot \u00e0 Nancy, ce samedi 25\u00a0octobre. Des femmes, des enfants, des militants, venus r\u00e9clamer le respect du cessez-le-feu \u00e0 Gaza, instaur\u00e9 le 10\u00a0octobre dans le cadre du plan Trump. Cet accord doit permettre la lib\u00e9ration de tous les otages isra\u00e9liens d\u00e9tenus par le Hamas ainsi que des prisonniers palestiniens retenus en Isra\u00ebl, la fin des op\u00e9rations militaires et l\u2019acheminement de l\u2019aide humanitaire. Mais sur place, \u00e0 Gaza, la situation reste fragile\u00a0: au moins 97 morts sont \u00e0 d\u00e9plorer depuis l\u2019instauration de la tr\u00eave. \u00ab\u00a0Nous devons rester mobilis\u00e9s [\u2026] car Isra\u00ebl va poursuivre son \u00e9puration ethnique [\u2026]\u00a0\u00bb, a r\u00e9p\u00e9t\u00e9 au m\u00e9gaphone Alain Desmarest, le leader de l\u2019Association France Palestine Solidarit\u00e9 de Lorraine Sud (AFPS). En traversant la place, quelques passants ont insult\u00e9 les manifestants et effectu\u00e9 des doigts d\u2019honneur.\ufeff<\/p>\n","protected":false},"excerpt":{"rendered":"&#13; Ils \u00e9taient une soixantaine, rassembl\u00e9s place Maginot \u00e0 Nancy, ce samedi 25\u00a0octobre. Des femmes, des enfants, des&hellip;\n","protected":false},"author":2,"featured_media":489645,"comment_status":"","ping_status":"","sticky":false,"template":"","format":"standard","meta":{"footnotes":""},"categories":[9635],"tags":[1111,11,3206,1704,1777,674,1011,27,775,937,1702,1703,12,316,5889,25,801,104,1631],"class_list":{"0":"post-489644","1":"post","2":"type-post","3":"status-publish","4":"format-standard","5":"has-post-thumbnail","7":"category-nancy","8":"tag-actu","9":"tag-actualites","10":"tag-defense-guerre-conflit","11":"tag-edition-nancy-et-agglomeration","12":"tag-eu","13":"tag-europe","14":"tag-fr","15":"tag-france","16":"tag-grand-est","17":"tag-histoire","18":"tag-nancy","19":"tag-nancy-ville-54b","20":"tag-news","21":"tag-politique","22":"tag-religion-croyance","23":"tag-republique-francaise","24":"tag-social","25":"tag-societe","26":"tag-vie-associative"},"share_on_mastodon":{"url":"https:\/\/pubeurope.com\/@fr\/115436405575577530","error":""},"_links":{"self":[{"href":"https:\/\/www.europesays.com\/fr\/wp-json\/wp\/v2\/posts\/489644","targetHints":{"allow":["GET"]}}],"collection":[{"href":"https:\/\/www.europesays.com\/fr\/wp-json\/wp\/v2\/posts"}],"about":[{"href":"https:\/\/www.europesays.com\/fr\/wp-json\/wp\/v2\/types\/post"}],"author":[{"embeddable":true,"href":"https:\/\/www.europesays.com\/fr\/wp-json\/wp\/v2\/users\/2"}],"replies":[{"embeddable":true,"href":"https:\/\/www.europesays.com\/fr\/wp-json\/wp\/v2\/comments?post=489644"}],"version-history":[{"count":0,"href":"https:\/\/www.europesays.com\/fr\/wp-json\/wp\/v2\/posts\/489644\/revisions"}],"wp:featuredmedia":[{"embeddable":true,"href":"https:\/\/www.europesays.com\/fr\/wp-json\/wp\/v2\/media\/489645"}],"wp:attachment":[{"href":"https:\/\/www.europesays.com\/fr\/wp-json\/wp\/v2\/media?parent=489644"}],"wp:term":[{"taxonomy":"category","embeddable":true,"href":"https:\/\/www.europesays.com\/fr\/wp-json\/wp\/v2\/categories?post=489644"},{"taxonomy":"post_tag","embeddable":true,"href":"https:\/\/www.europesays.com\/fr\/wp-json\/wp\/v2\/tags?post=489644"}],"curies":[{"name":"wp","href":"https:\/\/api.w.org\/{rel}","templated":true}]}}