{"id":489665,"date":"2025-10-25T19:28:11","date_gmt":"2025-10-25T19:28:11","guid":{"rendered":"https:\/\/www.europesays.com\/fr\/489665\/"},"modified":"2025-10-25T19:28:11","modified_gmt":"2025-10-25T19:28:11","slug":"hicham-boudaoui-et-dante-absents-contre-rennes","status":"publish","type":"post","link":"https:\/\/www.europesays.com\/fr\/489665\/","title":{"rendered":"Hicham Boudaoui et Dante absents contre Rennes"},"content":{"rendered":"<p class=\"fs-5 \">Deux des tauliers du Gym manqueront bel et bien la rencontre face \u00e0 Rennes, ce dimanche (17h15), dans le cadre de la 9e journ\u00e9e de Ligue 1.<\/p>\n<p class=\"fs-5 \">En annon\u00e7ant l\u2019absence de Boudaoui et Dante avant le match de Ligue Europa ce jeudi \u00e0 Vigo (d\u00e9faite 2-1), l\u2019entra\u00eeneur du Gym, Franck Haise, avait d\u00e9j\u00e0 mis en garde quant \u00e0 leur faible possibilit\u00e9 de pr\u00e9sence dans le groupe ce week-end en Bretagne. \u00ab Ils sont plus proches d\u2019\u00eatre forfait que de nous retrouver \u00bb, avait pr\u00e9cis\u00e9 le technicien ni\u00e7ois.<\/p>\n<p>            <img src=\"https:\/\/www.europesays.com\/fr\/wp-content\/uploads\/2025\/10\/8e7524d_upload-from-url-1-cvb0upcebnd1-data-art-16476884.jpg\"   loading=\"lazy\" decoding=\"async\" alt=\"Avec le Gym, le natif de Venzolasca pr\u00e9sente un bilan positif (62 victoires, 53 nuls et 56 d\u00e9faites). \" class=\"img-fluid position-absolute w-100 object-fit-cover rounded-2\" width=\"600\" height=\"400\"\/><\/p>\n<p class=\"fs-5 \">Ce samedi, en conf\u00e9rence de presse, il a confirm\u00e9 leurs forfaits respectifs pour la rencontre face au Stade Rennais, en annon\u00e7ant que \u00ab le groupe sera le m\u00eame qu\u2019\u00e0 Vigo \u00bb. Rest\u00e9s en Espagne avant de rejoindre la Bretagne ce samedi, les Ni\u00e7ois feront donc sans Dante et Boudaoui qui n\u2019avaient pas fait le voyage jusqu\u2019en Galice.<\/p>\n<p class=\"fs-5 \">Le d\u00e9fenseur et capitaine br\u00e9silien de 42 ans est toujours souffrant aux genoux depuis sa sortie face \u00e0 Lyon la semaine derni\u00e8re. Tandis que le milieu de terrain alg\u00e9rien, buteur contre l\u2019OL, est encore malade, touch\u00e9 par un virus.<\/p>\n<p class=\"fs-5 \">Le Stade Rennais pr\u00e9sente, lui, un groupe au complet. Les deux \u00e9quipes sont \u00e0 \u00e9galit\u00e9 de points (11) avant cette 9e journ\u00e9e.<\/p>\n","protected":false},"excerpt":{"rendered":"Deux des tauliers du Gym manqueront bel et bien la rencontre face \u00e0 Rennes, ce dimanche (17h15), dans&hellip;\n","protected":false},"author":2,"featured_media":489666,"comment_status":"","ping_status":"","sticky":false,"template":"","format":"standard","meta":{"footnotes":""},"categories":[2819],"tags":[1111,11,1777,674,1011,27,12,2401,54521,882,25],"class_list":{"0":"post-489665","1":"post","2":"type-post","3":"status-publish","4":"format-standard","5":"has-post-thumbnail","7":"category-nice","8":"tag-actu","9":"tag-actualites","10":"tag-eu","11":"tag-europe","12":"tag-fr","13":"tag-france","14":"tag-news","15":"tag-nice","16":"tag-ogcnice","17":"tag-provence-alpes-cote-dazur","18":"tag-republique-francaise"},"share_on_mastodon":{"url":"https:\/\/pubeurope.com\/@fr\/115436461349001321","error":""},"_links":{"self":[{"href":"https:\/\/www.europesays.com\/fr\/wp-json\/wp\/v2\/posts\/489665","targetHints":{"allow":["GET"]}}],"collection":[{"href":"https:\/\/www.europesays.com\/fr\/wp-json\/wp\/v2\/posts"}],"about":[{"href":"https:\/\/www.europesays.com\/fr\/wp-json\/wp\/v2\/types\/post"}],"author":[{"embeddable":true,"href":"https:\/\/www.europesays.com\/fr\/wp-json\/wp\/v2\/users\/2"}],"replies":[{"embeddable":true,"href":"https:\/\/www.europesays.com\/fr\/wp-json\/wp\/v2\/comments?post=489665"}],"version-history":[{"count":0,"href":"https:\/\/www.europesays.com\/fr\/wp-json\/wp\/v2\/posts\/489665\/revisions"}],"wp:featuredmedia":[{"embeddable":true,"href":"https:\/\/www.europesays.com\/fr\/wp-json\/wp\/v2\/media\/489666"}],"wp:attachment":[{"href":"https:\/\/www.europesays.com\/fr\/wp-json\/wp\/v2\/media?parent=489665"}],"wp:term":[{"taxonomy":"category","embeddable":true,"href":"https:\/\/www.europesays.com\/fr\/wp-json\/wp\/v2\/categories?post=489665"},{"taxonomy":"post_tag","embeddable":true,"href":"https:\/\/www.europesays.com\/fr\/wp-json\/wp\/v2\/tags?post=489665"}],"curies":[{"name":"wp","href":"https:\/\/api.w.org\/{rel}","templated":true}]}}