{"id":489690,"date":"2025-10-25T19:45:22","date_gmt":"2025-10-25T19:45:22","guid":{"rendered":"https:\/\/www.europesays.com\/fr\/489690\/"},"modified":"2025-10-25T19:45:22","modified_gmt":"2025-10-25T19:45:22","slug":"le-senat-retablira-la-reforme-des-retraites-si-lassemblee-la-suspend-previent-le-president-de-la-chambre-haute-gerard-larcher","status":"publish","type":"post","link":"https:\/\/www.europesays.com\/fr\/489690\/","title":{"rendered":"le S\u00e9nat \u00ab\u00a0r\u00e9tablira la r\u00e9forme des retraites\u00a0\u00bb si l&rsquo;Assembl\u00e9e la suspend, pr\u00e9vient le pr\u00e9sident de la Chambre haute G\u00e9rard Larcher"},"content":{"rendered":"\n<p class=\"c-chapo \">\n  Le s\u00e9nateur LR a jug\u00e9, dans un entretien au \u00ab\u00a0Parisien, que le projet de budget en cours d&rsquo;examen par les d\u00e9put\u00e9s n&rsquo;\u00e9tait \u00ab\u00a0pas acceptable\u00a0\u00bb.\n<\/p>\n<p>      lire plus tard<\/p>\n<p id=\"dialog__title\" class=\"dialog__title\">Pour sauvegarder cet article, connectez-vous ou cr\u00e9ez un compte franceinfo<\/p>\n<p class=\"dialog__description\">Sans paiement. Sans abonnement.<\/p>\n<p>        Fermer la fen\u00eatre d\u2019activation des notifications France Info<\/p>\n<p>      cr\u00e9er votre compte<\/p>\n<p>      se connecter<\/p>\n<p>        Fermer la fen\u00eatre de pr\u00e9sentation<\/p>\n<p>    <img loading=\"lazy\" decoding=\"async\" class=\"signature__image lazyload\" width=\"100\" height=\"100\" data- alt=\"\" src=\"https:\/\/www.europesays.com\/fr\/wp-content\/uploads\/2025\/05\/64a68815cd1a7_placeholder-36b69ec8.png\"\/><\/p>\n<p>    Publi\u00e9 le 25\/10\/2025 19:27<\/p>\n<p>        Temps de lecture : 2min<\/p>\n<p>    <img decoding=\"async\"  alt=\"Le pr\u00e9sident du S\u00e9nat G\u00e9rard Larcher lors du d\u00e9fil\u00e9 du 14 juillet 2025, \u00e0 Paris. (MOHAMMED BADRA \/ AFP)\" width=\"432\" height=\"243\" src=\"https:\/\/www.europesays.com\/fr\/wp-content\/uploads\/2025\/10\/000-66p82a8-68fd084dae665551701476.jpg\" fetchpriority=\"high\"\/><\/p>\n<p>      Le pr\u00e9sident du S\u00e9nat G\u00e9rard Larcher lors du d\u00e9fil\u00e9 du 14 juillet 2025, \u00e0 Paris. (MOHAMMED BADRA \/ AFP)<\/p>\n<p>Le S\u00e9nat, contr\u00f4l\u00e9 par la droite et les centristes, \u00ab\u00a0r\u00e9tablira la r\u00e9forme des retraites\u00a0\u00bb dans le cadre de <a href=\"https:\/\/www.franceinfo.fr\/economie\/budget\/ca-va-etre-un-budget-frankenstein-le-marathon-budgetaire-debute-a-l-assemblee-nationale-sans-49-3-mais-sous-la-menace-des-ordonnances_7568779.html\" target=\"_self\" rel=\"noopener noreferrer nofollow\" data-tooltip-url=\"https:\/\/www.franceinfo.fr\/economie\/budget\/ca-va-etre-un-budget-frankenstein-le-marathon-budgetaire-debute-a-l-assemblee-nationale-sans-49-3-mais-sous-la-menace-des-ordonnances_7568779.html\">l&rsquo;examen du budget 2026<\/a> de la S\u00e9curit\u00e9 sociale, si l&rsquo;Assembl\u00e9e vote sa suspension, a pr\u00e9venu samedi le pr\u00e9sident de la chambre haute du Parlement, G\u00e9rard Larcher. \u00ab\u00a0Nous la votons depuis cinq ans. Je rappelle que son abandon, c&rsquo;est 30 milliards de d\u00e9ficit en 2035\u00a0\u00bb, a expliqu\u00e9 le s\u00e9nateur LR dans une interview au <a href=\"https:\/\/www.leparisien.fr\/politique\/le-senat-retablira-la-reforme-des-retraites-previent-gerard-larcher-25-10-2025-35CVNWBCG5EWFPJJELEMNKW2XI.php\" target=\"_blank\" rel=\"noopener nofollow\" data-tooltip-url=\"https:\/\/www.leparisien.fr\/politique\/le-senat-retablira-la-reforme-des-retraites-previent-gerard-larcher-25-10-2025-35CVNWBCG5EWFPJJELEMNKW2XI.php\">Parisien<\/a>, qualifiant le \u00ab\u00a0budget pr\u00e9sent\u00e9\u00a0\u00bb \u00e0 l&rsquo;Assembl\u00e9e de \u00ab\u00a0pas acceptable\u00a0\u00bb.<\/p>\n<p>Les socialistes ont obtenu du Premier ministre S\u00e9bastien Lecornu \u2013 en \u00e9change d&rsquo;une non-censure de leur part \u2013 que <a href=\"https:\/\/www.franceinfo.fr\/economie\/budget\/budget-2026-la-suppression-de-la-reforme-des-retraites-sera-ajoutee-au-budget-de-la-securite-sociale-annonce-sebastien-lecornu_7566508.html\" target=\"_self\" rel=\"noopener noreferrer nofollow\" data-tooltip-url=\"https:\/\/www.franceinfo.fr\/economie\/budget\/budget-2026-la-suppression-de-la-reforme-des-retraites-sera-ajoutee-au-budget-de-la-securite-sociale-annonce-sebastien-lecornu_7566508.html\">la suspension de la r\u00e9forme des retraites puisse \u00eatre vot\u00e9e par l&rsquo;Assembl\u00e9e nationale <\/a>dans le cadre de l&rsquo;examen du budget de la S\u00e9curit\u00e9 sociale (PLFSS), qui d\u00e9bute lundi en commission. S&rsquo;il existe une majorit\u00e9 \u00e0 l&rsquo;Assembl\u00e9e en faveur de la suspension de la controvers\u00e9e r\u00e9forme d&rsquo;Elisabeth Borne de 2023, le S\u00e9nat, qui sera ensuite saisi de l&rsquo;examen du budget, y sera majoritairement oppos\u00e9.<\/p>\n<p>\u00ab\u00a0Il est clair que le Premier ministre regarde surtout du c\u00f4t\u00e9 des socialistes ! Il a abandonn\u00e9 le 49.3 comme un cadeau de No\u00ebl, mais les socialistes en demandent et en demanderont toujours plus\u00a0\u00bb, critique G\u00e9rard Larcher. \u00ab\u00a0Il n&rsquo;est pas question d&rsquo;accepter n&rsquo;importe quoi\u00a0\u00bb, appuie le pr\u00e9sident du S\u00e9nat, qui demande, comme l&rsquo;ensemble de la droite, plus de diminution des d\u00e9penses publiques. \u00ab\u00a0Depuis mai, le S\u00e9nat, avec les groupes de la plate-forme commune, les deux rapporteurs g\u00e9n\u00e9raux et les rapporteurs, travaille \u00e0 une proposition de budget avec 32,5 milliards d&rsquo;\u00e9conomies\u00a0\u00bb, ajoute-t-il. <\/p>\n<p>\u00ab\u00a0La droite s\u00e9natoriale fera ses choix\u00a0\u00bb, r\u00e9agit <a href=\"https:\/\/x.com\/faureolivier\/status\/1982127500319682959\" target=\"_blank\" rel=\"noopener nofollow\" data-tooltip-url=\"https:\/\/x.com\/faureolivier\/status\/1982127500319682959\">sur X<\/a> le patron du PS, Olivier Faure. Il a pr\u00e9venu en retour : \u00ab\u00a0dans nos institutions, l&rsquo;Assembl\u00e9e nationale a le dernier mot\u00a0\u00bb.<\/p>\n","protected":false},"excerpt":{"rendered":"Le s\u00e9nateur LR a jug\u00e9, dans un entretien au \u00ab\u00a0Parisien, que le projet de budget en cours d&rsquo;examen&hellip;\n","protected":false},"author":2,"featured_media":489691,"comment_status":"","ping_status":"","sticky":false,"template":"","format":"standard","meta":{"footnotes":""},"categories":[1888],"tags":[1111,1928,11,1927,1777,674,1011,27,12,1926,626,1925,25],"class_list":{"0":"post-489690","1":"post","2":"type-post","3":"status-publish","4":"format-standard","5":"has-post-thumbnail","7":"category-paris","8":"tag-actu","9":"tag-actu-paris","10":"tag-actualites","11":"tag-actualites-paris","12":"tag-eu","13":"tag-europe","14":"tag-fr","15":"tag-france","16":"tag-news","17":"tag-news-paris","18":"tag-paris","19":"tag-paris-news","20":"tag-republique-francaise"},"share_on_mastodon":{"url":"https:\/\/pubeurope.com\/@fr\/115436528200074402","error":""},"_links":{"self":[{"href":"https:\/\/www.europesays.com\/fr\/wp-json\/wp\/v2\/posts\/489690","targetHints":{"allow":["GET"]}}],"collection":[{"href":"https:\/\/www.europesays.com\/fr\/wp-json\/wp\/v2\/posts"}],"about":[{"href":"https:\/\/www.europesays.com\/fr\/wp-json\/wp\/v2\/types\/post"}],"author":[{"embeddable":true,"href":"https:\/\/www.europesays.com\/fr\/wp-json\/wp\/v2\/users\/2"}],"replies":[{"embeddable":true,"href":"https:\/\/www.europesays.com\/fr\/wp-json\/wp\/v2\/comments?post=489690"}],"version-history":[{"count":0,"href":"https:\/\/www.europesays.com\/fr\/wp-json\/wp\/v2\/posts\/489690\/revisions"}],"wp:featuredmedia":[{"embeddable":true,"href":"https:\/\/www.europesays.com\/fr\/wp-json\/wp\/v2\/media\/489691"}],"wp:attachment":[{"href":"https:\/\/www.europesays.com\/fr\/wp-json\/wp\/v2\/media?parent=489690"}],"wp:term":[{"taxonomy":"category","embeddable":true,"href":"https:\/\/www.europesays.com\/fr\/wp-json\/wp\/v2\/categories?post=489690"},{"taxonomy":"post_tag","embeddable":true,"href":"https:\/\/www.europesays.com\/fr\/wp-json\/wp\/v2\/tags?post=489690"}],"curies":[{"name":"wp","href":"https:\/\/api.w.org\/{rel}","templated":true}]}}