{"id":489710,"date":"2025-10-25T19:55:20","date_gmt":"2025-10-25T19:55:20","guid":{"rendered":"https:\/\/www.europesays.com\/fr\/489710\/"},"modified":"2025-10-25T19:55:20","modified_gmt":"2025-10-25T19:55:20","slug":"lue-devoile-un-nouveau-plan-pour-reduire-sa-dependance-aux-matieres-premieres-critiques-chinoises","status":"publish","type":"post","link":"https:\/\/www.europesays.com\/fr\/489710\/","title":{"rendered":"L\u2019UE d\u00e9voile un nouveau plan pour r\u00e9duire sa d\u00e9pendance aux mati\u00e8res premi\u00e8res critiques chinoises"},"content":{"rendered":"<p>La pr\u00e9sidente de la Commission europ\u00e9enne, Ursula von der Leyen, a d\u00e9clar\u00e9 ce samedi que l\u2019Union europ\u00e9enne pr\u00e9pare un nouveau plan visant \u00e0 r\u00e9duire sa d\u00e9pendance aux mati\u00e8res premi\u00e8res critiques en provenance de Chine.<\/p>\n<p>Elle a critiqu\u00e9 P\u00e9kin pour ses pr\u00e9tendues restrictions accrues sur l\u2019exportation des terres rares. Lors d\u2019une conf\u00e9rence \u00e0 Berlin, elle a indiqu\u00e9 que l\u2019Union europ\u00e9enne chercherait \u00e0 acc\u00e9l\u00e9rer la conclusion de partenariats sur les mati\u00e8res premi\u00e8res critiques avec plusieurs pays, notamment l\u2019Australie, le Canada, le Chili, le Groenland, le Kazakhstan, l\u2019Ouzb\u00e9kistan et l\u2019Ukraine.<\/p>\n<p>Selon la pr\u00e9sidente de la Commission europ\u00e9enne, le plan comprendra \u00e9galement des efforts accrus de recyclage des mati\u00e8res premi\u00e8res essentielles contenues dans les produits vendus en Europe.<br \/>Elle a pr\u00e9cis\u00e9 : \u00ab L\u2019objectif est d\u2019assurer des sources alternatives de mati\u00e8res premi\u00e8res critiques \u00e0 court, moyen et long terme pour nos industries europ\u00e9ennes. \u00bb<\/p>\n<p>Ursula von der Leyen a indiqu\u00e9 que le plan, baptis\u00e9 \u00ab ResourceEU \u00bb, serait similaire \u00e0 l\u2019initiative \u00ab REPowerEU \u00bb, mise en place par l\u2019Union europ\u00e9enne apr\u00e8s le d\u00e9clenchement de la guerre en Ukraine en 2022 pour r\u00e9duire sa d\u00e9pendance \u00e0 l\u2019\u00e9nergie russe.<\/p>\n<p>Elle a ajout\u00e9 : \u00ab Nous nous concentrerons sur tous les aspects, de l\u2019achat conjoint au stockage. Nous renforcerons l\u2019investissement dans les projets strat\u00e9giques de production et de transformation des mati\u00e8res premi\u00e8res critiques ici, dans l\u2019Union europ\u00e9enne. \u00bb<\/p>\n<p>La responsable europ\u00e9enne a soulign\u00e9 l\u2019impact consid\u00e9rable des restrictions chinoises sur les secteurs industriels europ\u00e9ens, notamment l\u2019automobile, la d\u00e9fense, l\u2019a\u00e9rospatiale, les semi-conducteurs d\u2019intelligence artificielle et les centres de donn\u00e9es.<\/p>\n<p>\u00ab Si l\u2019on consid\u00e8re que plus de 90 % de notre consommation d\u2019aimants \u00e0 terres rares provient des importations chinoises, on comprend les risques auxquels l\u2019Europe et ses secteurs industriels les plus strat\u00e9giques sont expos\u00e9s. \u00bb, a-t- elle poursuivi, ajoutant \u00ab \u00e0 court terme, nous nous concentrons sur la recherche de solutions avec nos partenaires chinois. Mais nous sommes pr\u00eats \u00e0 utiliser tous les instruments \u00e0 notre disposition pour r\u00e9agir si n\u00e9cessaire. \u00bb<\/p>\n","protected":false},"excerpt":{"rendered":"La pr\u00e9sidente de la Commission europ\u00e9enne, Ursula von der Leyen, a d\u00e9clar\u00e9 ce samedi que l\u2019Union europ\u00e9enne pr\u00e9pare&hellip;\n","protected":false},"author":2,"featured_media":489711,"comment_status":"","ping_status":"","sticky":false,"template":"","format":"standard","meta":{"footnotes":""},"categories":[1586],"tags":[11,309,1777,674,1779,1011,27,12,25,1778,364,2544],"class_list":{"0":"post-489710","1":"post","2":"type-post","3":"status-publish","4":"format-standard","5":"has-post-thumbnail","7":"category-europe","8":"tag-actualites","9":"tag-chine","10":"tag-eu","11":"tag-europe","12":"tag-european-union","13":"tag-fr","14":"tag-france","15":"tag-news","16":"tag-republique-francaise","17":"tag-ue","18":"tag-union-europeenne","19":"tag-ursula-von-der-leyen"},"share_on_mastodon":{"url":"https:\/\/pubeurope.com\/@fr\/115436566903135889","error":""},"_links":{"self":[{"href":"https:\/\/www.europesays.com\/fr\/wp-json\/wp\/v2\/posts\/489710","targetHints":{"allow":["GET"]}}],"collection":[{"href":"https:\/\/www.europesays.com\/fr\/wp-json\/wp\/v2\/posts"}],"about":[{"href":"https:\/\/www.europesays.com\/fr\/wp-json\/wp\/v2\/types\/post"}],"author":[{"embeddable":true,"href":"https:\/\/www.europesays.com\/fr\/wp-json\/wp\/v2\/users\/2"}],"replies":[{"embeddable":true,"href":"https:\/\/www.europesays.com\/fr\/wp-json\/wp\/v2\/comments?post=489710"}],"version-history":[{"count":0,"href":"https:\/\/www.europesays.com\/fr\/wp-json\/wp\/v2\/posts\/489710\/revisions"}],"wp:featuredmedia":[{"embeddable":true,"href":"https:\/\/www.europesays.com\/fr\/wp-json\/wp\/v2\/media\/489711"}],"wp:attachment":[{"href":"https:\/\/www.europesays.com\/fr\/wp-json\/wp\/v2\/media?parent=489710"}],"wp:term":[{"taxonomy":"category","embeddable":true,"href":"https:\/\/www.europesays.com\/fr\/wp-json\/wp\/v2\/categories?post=489710"},{"taxonomy":"post_tag","embeddable":true,"href":"https:\/\/www.europesays.com\/fr\/wp-json\/wp\/v2\/tags?post=489710"}],"curies":[{"name":"wp","href":"https:\/\/api.w.org\/{rel}","templated":true}]}}