{"id":489718,"date":"2025-10-25T20:00:14","date_gmt":"2025-10-25T20:00:14","guid":{"rendered":"https:\/\/www.europesays.com\/fr\/489718\/"},"modified":"2025-10-25T20:00:14","modified_gmt":"2025-10-25T20:00:14","slug":"ball-ligue-a-feminine-le-vma-na-laisse-aucune-chance-aux-jeunes-joueuses-de-france-avenir","status":"publish","type":"post","link":"https:\/\/www.europesays.com\/fr\/489718\/","title":{"rendered":"ball &#8211; Ligue A f\u00e9minine. Le VMA n\u2019a\u00a0laiss\u00e9 aucune chance aux jeunes joueuses de France Avenir"},"content":{"rendered":"<p>Les Mulhousiennes avaient d\u00fb s\u2019arracher, mardi soir au Palais des sports, pour venir \u00e0 bout de vaillantes Cannoises au tie-break. Ce samedi, face aux jeunes pousses de France Avenir, c\u2019est tout l\u2019inverse qui s\u2019est produit. Une victoire plus que facile 3-0, sans forcer. Un premier set exp\u00e9di\u00e9 en 21 minutes 25-8. Un deuxi\u00e8me acte un petit peu plus disput\u00e9, mais pas beaucoup plus long (25 minutes), remport\u00e9 25-18. Et une troisi\u00e8me manche r\u00e9gl\u00e9e encore une fois en 21 minutes (25-13).<\/p>\n<p>Olinga Andela MVP<\/p>\n<p>Andr\u00e9 S\u00e1, m\u00eame avec dix joueuses, a fait tourner et cela a profit\u00e9 \u00e0 L\u00e9andra Olinga Andela, imp\u00e9riale lors des deux premiers sets \u2013 quand elle \u00e9tait sur le terrain &#8211; tant en attaque (\u00e0 5\/6) qu\u2019au contre (3 blocks).<\/p>\n<p>Le VMA a maintenant une bonne semaine de travail avant d\u2019accueillir Terville\/Florange, le 1er novembre prochain.<\/p>\n","protected":false},"excerpt":{"rendered":"Les Mulhousiennes avaient d\u00fb s\u2019arracher, mardi soir au Palais des sports, pour venir \u00e0 bout de vaillantes Cannoises&hellip;\n","protected":false},"author":2,"featured_media":489719,"comment_status":"","ping_status":"","sticky":false,"template":"","format":"standard","meta":{"footnotes":""},"categories":[1417],"tags":[2389,107,1701,1011,27,329,1637,1634,517,12565,60,1470,1633,1632,1469],"class_list":{"0":"post-489718","1":"post","2":"type-post","3":"status-publish","4":"format-standard","5":"has-post-thumbnail","7":"category-volley","8":"tag-alsace","9":"tag-fil-info","10":"tag-fil-info-sport","11":"tag-fr","12":"tag-france","13":"tag-france-monde","14":"tag-haut-rhin","15":"tag-mulhouse","16":"tag-sport","17":"tag-sport-mulhousien","18":"tag-sports","19":"tag-volley","20":"tag-volley-mulhouse-alsace","21":"tag-volley-ball","22":"tag-volleyball"},"share_on_mastodon":{"url":"https:\/\/pubeurope.com\/@fr\/115436586534401192","error":""},"_links":{"self":[{"href":"https:\/\/www.europesays.com\/fr\/wp-json\/wp\/v2\/posts\/489718","targetHints":{"allow":["GET"]}}],"collection":[{"href":"https:\/\/www.europesays.com\/fr\/wp-json\/wp\/v2\/posts"}],"about":[{"href":"https:\/\/www.europesays.com\/fr\/wp-json\/wp\/v2\/types\/post"}],"author":[{"embeddable":true,"href":"https:\/\/www.europesays.com\/fr\/wp-json\/wp\/v2\/users\/2"}],"replies":[{"embeddable":true,"href":"https:\/\/www.europesays.com\/fr\/wp-json\/wp\/v2\/comments?post=489718"}],"version-history":[{"count":0,"href":"https:\/\/www.europesays.com\/fr\/wp-json\/wp\/v2\/posts\/489718\/revisions"}],"wp:featuredmedia":[{"embeddable":true,"href":"https:\/\/www.europesays.com\/fr\/wp-json\/wp\/v2\/media\/489719"}],"wp:attachment":[{"href":"https:\/\/www.europesays.com\/fr\/wp-json\/wp\/v2\/media?parent=489718"}],"wp:term":[{"taxonomy":"category","embeddable":true,"href":"https:\/\/www.europesays.com\/fr\/wp-json\/wp\/v2\/categories?post=489718"},{"taxonomy":"post_tag","embeddable":true,"href":"https:\/\/www.europesays.com\/fr\/wp-json\/wp\/v2\/tags?post=489718"}],"curies":[{"name":"wp","href":"https:\/\/api.w.org\/{rel}","templated":true}]}}