{"id":489722,"date":"2025-10-25T20:02:18","date_gmt":"2025-10-25T20:02:18","guid":{"rendered":"https:\/\/www.europesays.com\/fr\/489722\/"},"modified":"2025-10-25T20:02:18","modified_gmt":"2025-10-25T20:02:18","slug":"blesse-au-dos-ugo-humbert-abandonne-en-demi-finale-de-latp-500-de-bale-deux-jours-avant-le-debut-du-tournoi-parisien","status":"publish","type":"post","link":"https:\/\/www.europesays.com\/fr\/489722\/","title":{"rendered":"bless\u00e9 au dos, Ugo Humbert abandonne en demi-finale de l&rsquo;ATP 500 de B\u00e2le deux jours avant le d\u00e9but du tournoi parisien"},"content":{"rendered":"\n<p class=\"c-chapo \">\n  Le num\u00e9ro 1 fran\u00e7ais, souffrant du dos, a \u00e9t\u00e9 contraint d&rsquo;abandonner contre Alejandro Davidovich Fokina, samedi.\n<\/p>\n<p>      lire plus tard<\/p>\n<p id=\"dialog__title\" class=\"dialog__title\">Pour sauvegarder cet article, connectez-vous ou cr\u00e9ez un compte franceinfo<\/p>\n<p class=\"dialog__description\">Sans paiement. Sans abonnement.<\/p>\n<p>        Fermer la fen\u00eatre d\u2019activation des notifications France Info<\/p>\n<p>      cr\u00e9er votre compte<\/p>\n<p>      se connecter<\/p>\n<p>        Fermer la fen\u00eatre de pr\u00e9sentation<\/p>\n<p>    <img loading=\"lazy\" decoding=\"async\" class=\"signature__image lazyload\" width=\"100\" height=\"100\" data- alt=\"\" src=\"https:\/\/www.europesays.com\/fr\/wp-content\/uploads\/2025\/05\/64a68815cd1a7_placeholder-36b69ec8.png\"\/><\/p>\n<p>    Publi\u00e9 le 25\/10\/2025 20:54<\/p>\n<p>        Temps de lecture : 1min<\/p>\n<p>    <img decoding=\"async\"  alt=\"Ugo Humbert \u00e0 l'ATP 500 de B\u00e2le, le 25 octobre 2025. (FABRICE COFFRINI \/ AFP)\" width=\"432\" height=\"243\" src=\"https:\/\/www.europesays.com\/fr\/wp-content\/uploads\/2025\/10\/000-79zj8zq-68fd1b69af250028290899.jpg\" fetchpriority=\"high\"\/><\/p>\n<p>      Ugo Humbert \u00e0 l&rsquo;ATP 500 de B\u00e2le, le 25 octobre 2025. (FABRICE COFFRINI \/ AFP)<\/p>\n<p>Un nouveau coup dur du c\u00f4t\u00e9 des Fran\u00e7ais ? <a href=\"https:\/\/www.franceinfo.fr\/sports\/tennis\/masters-1000\/ca-restera-un-souvenir-incroyable-reagit-ugo-humbert-apres-sa-defaite-en-finale-du-masters-1000-de-de-paris-bercy_6876116.html\" rel=\"nofollow noopener\" target=\"_blank\">A deux jours du d\u00e9but du Masters 1000 de Paris<\/a>, Ugo Humbert, le num\u00e9ro un fran\u00e7ais (24e) a d\u00fb abandonner, samedi 25 octobre, en demi-finale du tournoi ATP 500 de B\u00e2le (Suisse), visiblement touch\u00e9 au dos d\u00e8s le d\u00e9but du match. Oppos\u00e9 \u00e0 Alejandro Davidovich Fokina (18e mondial) qui affrontera dimanche en finale le Br\u00e9silien Joao Fonseca (46e), il \u00e9tait men\u00e9 7-6 (7\/4), 3-1 quand il a jet\u00e9 l&rsquo;\u00e9ponge.<\/p>\n<p>\u00ab\u00a0De toute fa\u00e7on tu ne peux pas jouer\u00a0\u00bb, lui a lanc\u00e9 son entra\u00eeneur J\u00e9r\u00e9my Chardy apr\u00e8s lui avoir conseill\u00e9 d&rsquo;arr\u00eater s&rsquo;il avait \u00ab\u00a0trop mal\u00a0\u00bb. Contraint de recourir \u00e0 un temps mort m\u00e9dical d\u00e8s le troisi\u00e8me jeu de la rencontre, Humbert (24e) a d&rsquo;abord bien r\u00e9sist\u00e9, se procurant les deux seules balles de break de la premi\u00e8re manche, avant de la perdre au tie-break et d&rsquo;\u00eatre rapidement d\u00e9pass\u00e9 dans le deuxi\u00e8me set.<\/p>\n<p>D\u00e9j\u00e0 g\u00ean\u00e9 par son dos \u00e0 plusieurs reprises cette saison, le Messin de 27 ans devra vite se r\u00e9tablir s&rsquo;il veut participer au Masters 1000 de Paris qui d\u00e9bute lundi et o\u00f9 <a href=\"https:\/\/www.franceinfo.fr\/sports\/tennis\/masters-1000\/ca-restera-un-souvenir-incroyable-reagit-ugo-humbert-apres-sa-defaite-en-finale-du-masters-1000-de-de-paris-bercy_6876116.html\" rel=\"nofollow noopener\" target=\"_blank\">il a une finale, perdue face \u00e0 Alexander Zverev en 2024, \u00e0 d\u00e9fendre<\/a>.<\/p>\n","protected":false},"excerpt":{"rendered":"Le num\u00e9ro 1 fran\u00e7ais, souffrant du dos, a \u00e9t\u00e9 contraint d&rsquo;abandonner contre Alejandro Davidovich Fokina, samedi. lire plus&hellip;\n","protected":false},"author":2,"featured_media":489723,"comment_status":"","ping_status":"","sticky":false,"template":"","format":"standard","meta":{"footnotes":""},"categories":[1415],"tags":[1011,27,60,1467],"class_list":{"0":"post-489722","1":"post","2":"type-post","3":"status-publish","4":"format-standard","5":"has-post-thumbnail","7":"category-tennis","8":"tag-fr","9":"tag-france","10":"tag-sports","11":"tag-tennis"},"share_on_mastodon":{"url":"https:\/\/pubeurope.com\/@fr\/115436594920664658","error":""},"_links":{"self":[{"href":"https:\/\/www.europesays.com\/fr\/wp-json\/wp\/v2\/posts\/489722","targetHints":{"allow":["GET"]}}],"collection":[{"href":"https:\/\/www.europesays.com\/fr\/wp-json\/wp\/v2\/posts"}],"about":[{"href":"https:\/\/www.europesays.com\/fr\/wp-json\/wp\/v2\/types\/post"}],"author":[{"embeddable":true,"href":"https:\/\/www.europesays.com\/fr\/wp-json\/wp\/v2\/users\/2"}],"replies":[{"embeddable":true,"href":"https:\/\/www.europesays.com\/fr\/wp-json\/wp\/v2\/comments?post=489722"}],"version-history":[{"count":0,"href":"https:\/\/www.europesays.com\/fr\/wp-json\/wp\/v2\/posts\/489722\/revisions"}],"wp:featuredmedia":[{"embeddable":true,"href":"https:\/\/www.europesays.com\/fr\/wp-json\/wp\/v2\/media\/489723"}],"wp:attachment":[{"href":"https:\/\/www.europesays.com\/fr\/wp-json\/wp\/v2\/media?parent=489722"}],"wp:term":[{"taxonomy":"category","embeddable":true,"href":"https:\/\/www.europesays.com\/fr\/wp-json\/wp\/v2\/categories?post=489722"},{"taxonomy":"post_tag","embeddable":true,"href":"https:\/\/www.europesays.com\/fr\/wp-json\/wp\/v2\/tags?post=489722"}],"curies":[{"name":"wp","href":"https:\/\/api.w.org\/{rel}","templated":true}]}}