{"id":489734,"date":"2025-10-25T20:13:14","date_gmt":"2025-10-25T20:13:14","guid":{"rendered":"https:\/\/www.europesays.com\/fr\/489734\/"},"modified":"2025-10-25T20:13:14","modified_gmt":"2025-10-25T20:13:14","slug":"kendji-girac-raconte-comment-la-naissance-de-son-fils-laide-a-etre-fort-apres-le-drame-quil-a-vecu","status":"publish","type":"post","link":"https:\/\/www.europesays.com\/fr\/489734\/","title":{"rendered":"Kendji Girac raconte comment la naissance de son fils l\u2019aide \u00e0 \u00eatre fort apr\u00e8s le drame qu\u2019il a v\u00e9cu"},"content":{"rendered":"<p>Invit\u00e9 de 50mn Inside ce samedi 25 octobre sur TF1, Kendji Girac s\u2019est confi\u00e9 \u00e0 Isabelle Ithurburu sur son r\u00f4le de p\u00e8re et sur la force que lui apporte la naissance de son deuxi\u00e8me enfant, Darel. <\/p>\n<p>Si plusieurs \u00e9missions proposent des best-of pour cause de vacances de la Toussaint, <a href=\"https:\/\/www.programme-tv.net\/news\/tv\/389995-deprogrammation-de-c-a-vous-a-partir-du-lundi-20-octobre-voici-quand-l-emission-revient-en-inedit-sur-france-5\/\" data-api-deeplink=\"teleloisirs:\/\/news\/389995\" target=\"_blank\" rel=\"noopener\">comme C \u00e0 vous<\/a> ou Quelle \u00e9poque !, ce n&rsquo;est pas le cas de 50mn Inside. \u00c0 partir de 17h55, juste apr\u00e8s <a href=\"https:\/\/www.programme-tv.net\/news\/tv\/390261-audiences-star-academy-2025-la-premiere-quotidienne-bat-deux-records-sur-tf1\/\" data-api-deeplink=\"teleloisirs:\/\/news\/390261\" target=\"_blank\" rel=\"noopener\">la quotidienne de la Star Academy<\/a>, les t\u00e9l\u00e9spectateurs de TF1 retrouvent <b>Isabelle Ithurburu<\/b> ce samedi 25 octobre 2025 pour un \u00e9pisode in\u00e9dit. L&rsquo;animatrice propose \u00e0 son public de la suivre dans un voyage gastronomique en Italie et dans les coulisses du t\u00e9l\u00e9-crochet, dont le deuxi\u00e8me prime de la saison 13 sera diffus\u00e9 ce soir \u00e0 partir de 21h10. Dans un second temps, la joker de <a href=\"https:\/\/www.programme-tv.net\/biographie\/148278-lacarrau-marie-sophie\/\" data-link-people=\"b943acf4-1775-44d5-9655-ec3ad58b0e28\" target=\"_blank\" rel=\"noopener\">Marie-Sophie Lacarrau<\/a> au JT de 13 heures de la Une dresse le portrait de Kendji Girac <a href=\"https:\/\/www.programme-tv.net\/news\/people\/390126-tu-dois-aller-travailler-sting-revient-sur-sa-decision-de-desheriter-ses-enfants\/\" data-api-deeplink=\"teleloisirs:\/\/news\/390126\" target=\"_blank\" rel=\"noopener\">apr\u00e8s avoir interview\u00e9 Sting la semaine derni\u00e8re<\/a>.<\/p>\n<p>Kendji Girac est devenu papa pour la deuxi\u00e8me fois en mai 2025<\/p>\n<p>Le chanteur, c\u00e9l\u00e8bre depuis 2014 apr\u00e8s avoir gagn\u00e9 la saison 3 de The Voice, part en tourn\u00e9e en 2026 pour f\u00eater ses dix ans de carri\u00e8re. Il se produira notamment \u00e0 l&rsquo;Accor Arena de Paris au mois de mars. En parall\u00e8le, l&rsquo;artiste de 29 ans a sorti r\u00e9cemment une autobiographie, Mi vida, aux \u00e9ditions Flammarion. Il y raconte sa vie, les coulisses de son succ\u00e8s et ses parts d&rsquo;ombre, en revenant notamment sur le drame survenu en avril 2024 et qui a failli lui co\u00fbter la vie. Un soir, sous l&#8217;emprise d&rsquo;alcool et de stup\u00e9fiants, l&rsquo;ancien prot\u00e9g\u00e9 de Mika <a href=\"https:\/\/www.programme-tv.net\/news\/tv\/365454-c-est-la-premiere-fois-que-j-en-parle-kendji-girac-revient-sur-son-accident-par-balle-dans-un-dimanche-a-la-campagne\/\" data-api-deeplink=\"teleloisirs:\/\/news\/365454\" target=\"_blank\" rel=\"noopener\">se blesse gri\u00e8vement apr\u00e8s s&rsquo;\u00eatre tir\u00e9 une balle au niveau du thorax<\/a>. Un an et demi plus tard, Kendji Girac va mieux, notamment gr\u00e2ce \u00e0 la venue au monde de son deuxi\u00e8me enfant, Darel, n\u00e9 en mai 2025. \u00ab\u00a0Cette naissance, c&rsquo;est peut-\u00eatre la meilleure fa\u00e7on de tourner la page ?\u00a0\u00bb, lui a demand\u00e9 l&rsquo;animatrice, dans un extrait d\u00e9voil\u00e9 sur les r\u00e9seaux sociaux du programme. \u00ab\u00a0Mon petit prince !\u00a0\u00bb, s&rsquo;est tout d&rsquo;abord exclam\u00e9 le principal int\u00e9ress\u00e9. Puis d&rsquo;approuver l&rsquo;analyse de son interlocutrice.<\/p>\n<p>                        Kendji Girac sur son fils : \u00ab\u00a0Il n&rsquo;y a plus qu&rsquo;\u00e0 \u00eatre pr\u00e9sent pour lui\u00a0\u00bb<\/p>\n<p>\u00ab\u00a0Tu imagines ? Je n&rsquo;aurais pas pu vivre \u00e7a, ce petit bonheur, l\u00e0 dans mes bras, faire le peau \u00e0 peau avec mon gar\u00e7on !, se r\u00e9jouit-il. L&rsquo;arriv\u00e9e de Darel lui a permis de se rendre compte de ce qu&rsquo;il avait failli perdre : \u00ab\u00a0C&rsquo;\u00e9tait un peu l&rsquo;acceptation de tout \u00e7a et de se dire, voil\u00e0, maintenant, j&rsquo;ai la chance, Dieu m&rsquo;a donn\u00e9 ce b\u00e9b\u00e9-l\u00e0, m&rsquo;a donn\u00e9 la vie.\u00a0\u00bb Puis de conclure : \u00ab\u00a0Maintenant, il n&rsquo;y a plus qu&rsquo;\u00e0 \u00eatre pr\u00e9sent pour lui, \u00eatre aussi fort que jamais et jusqu&rsquo;au plus longtemps possible.\u00a0\u00bb<\/p>\n<blockquote class=\"instagram-media\" data-instgrm-captioned=\"\" data-instgrm-permalink=\"https:\/\/www.instagram.com\/reel\/DQOzGBHDcR3\/?utm_source=ig_embed&amp;utm_campaign=loading\" data-instgrm-version=\"14\" style=\" background:#FFF; border:0; border-radius:3px; box-shadow:0 0 1px 0 rgba(0,0,0,0.5),0 1px 10px 0 rgba(0,0,0,0.15); margin: 1px; max-width:658px; min-width:326px; padding:0; width:99.375%; width:-webkit-calc(100% - 2px); width:calc(100% - 2px);\"\/>\n<p>Article \u00e9crit en collaboration avec 6M\u00e9dias<\/p>\n<p>        <script async src=\"\/\/www.instagram.com\/embed.js\"><\/script><\/p>\n","protected":false},"excerpt":{"rendered":"Invit\u00e9 de 50mn Inside ce samedi 25 octobre sur TF1, Kendji Girac s\u2019est confi\u00e9 \u00e0 Isabelle Ithurburu sur&hellip;\n","protected":false},"author":2,"featured_media":489735,"comment_status":"","ping_status":"","sticky":false,"template":"","format":"standard","meta":{"footnotes":""},"categories":[1355],"tags":[4552,244,58,59,1011,27,6975,7780,1361,873,1630],"class_list":{"0":"post-489734","1":"post","2":"type-post","3":"status-publish","4":"format-standard","5":"has-post-thumbnail","7":"category-musique","8":"tag-50mn-inside","9":"tag-commentaire","10":"tag-divertissement","11":"tag-entertainment","12":"tag-fr","13":"tag-france","14":"tag-isabelle-ithurburu","15":"tag-kendji-girac","16":"tag-music","17":"tag-musique","18":"tag-zapping"},"share_on_mastodon":{"url":"https:\/\/pubeurope.com\/@fr\/115436637819274068","error":""},"_links":{"self":[{"href":"https:\/\/www.europesays.com\/fr\/wp-json\/wp\/v2\/posts\/489734","targetHints":{"allow":["GET"]}}],"collection":[{"href":"https:\/\/www.europesays.com\/fr\/wp-json\/wp\/v2\/posts"}],"about":[{"href":"https:\/\/www.europesays.com\/fr\/wp-json\/wp\/v2\/types\/post"}],"author":[{"embeddable":true,"href":"https:\/\/www.europesays.com\/fr\/wp-json\/wp\/v2\/users\/2"}],"replies":[{"embeddable":true,"href":"https:\/\/www.europesays.com\/fr\/wp-json\/wp\/v2\/comments?post=489734"}],"version-history":[{"count":0,"href":"https:\/\/www.europesays.com\/fr\/wp-json\/wp\/v2\/posts\/489734\/revisions"}],"wp:featuredmedia":[{"embeddable":true,"href":"https:\/\/www.europesays.com\/fr\/wp-json\/wp\/v2\/media\/489735"}],"wp:attachment":[{"href":"https:\/\/www.europesays.com\/fr\/wp-json\/wp\/v2\/media?parent=489734"}],"wp:term":[{"taxonomy":"category","embeddable":true,"href":"https:\/\/www.europesays.com\/fr\/wp-json\/wp\/v2\/categories?post=489734"},{"taxonomy":"post_tag","embeddable":true,"href":"https:\/\/www.europesays.com\/fr\/wp-json\/wp\/v2\/tags?post=489734"}],"curies":[{"name":"wp","href":"https:\/\/api.w.org\/{rel}","templated":true}]}}