{"id":489738,"date":"2025-10-25T20:15:16","date_gmt":"2025-10-25T20:15:16","guid":{"rendered":"https:\/\/www.europesays.com\/fr\/489738\/"},"modified":"2025-10-25T20:15:16","modified_gmt":"2025-10-25T20:15:16","slug":"ce-vaccin-est-desormais-obligatoire-pour-les-bebes-des-la-naissance-et-ca-ne-va-pas-plaire-pas-a-tout-le-monde","status":"publish","type":"post","link":"https:\/\/www.europesays.com\/fr\/489738\/","title":{"rendered":"Ce vaccin est d\u00e9sormais obligatoire pour les b\u00e9b\u00e9s d\u00e8s la naissance (et \u00e7a ne va pas plaire pas \u00e0 tout le monde)"},"content":{"rendered":"<p>Autour des berceaux, une petite r\u00e9volution s&rsquo;annonce. D\u00e8s la fin 2025, les nouveau-n\u00e9s devront recevoir un vaccin suppl\u00e9mentaire, une mesure qui soul\u00e8ve de fortes interrogations et parfois de la col\u00e8re chez les jeunes parents. Entre la volont\u00e9 de mieux prot\u00e9ger les tout-petits et la crainte d&rsquo;en faire trop, ce choix sanitaire fait d\u00e9j\u00e0 d\u00e9bat. Tour d&rsquo;horizon des <a href=\"https:\/\/journaldesseniors.20minutes.fr\/sante\/glycemie-normale-decouvrez-seuils-critiques-erreurs-eviter-sante-optimale\/\" target=\"_blank\" rel=\"noopener\">enjeux de cette d\u00e9cision<\/a> qui, dans les maternit\u00e9s comme sur les r\u00e9seaux sociaux, ne laisse personne indiff\u00e9rent.<\/p>\n<p> Un nouveau tournant dans la politique vaccinale fran\u00e7aise<br \/>\n Pourquoi remplacer le vaccin contre le m\u00e9ningocoque C ?<\/p>\n<p>Entr\u00e9e en vigueur en 2018, la vaccination obligatoire contre le m\u00e9ningocoque C avait pour but de limiter des formes graves de m\u00e9ningites et septic\u00e9mies chez les nourrissons. Cependant, ces derni\u00e8res ann\u00e9es, le paysage infectieux a \u00e9volu\u00e9, avec une augmentation des cas li\u00e9s \u00e0 d&rsquo;autres souches, notamment les m\u00e9ningocoques B, A, C, W et Y. Pour s&rsquo;adapter \u00e0 cette transformation, les autorit\u00e9s fran\u00e7aises ont d\u00e9cid\u00e9 d&rsquo;actualiser le calendrier vaccinal d\u00e8s la fin de l&rsquo;ann\u00e9e 2025 : le vaccin contre le m\u00e9ningocoque C sera remplac\u00e9 par <strong>deux nouvelles obligations<\/strong>, celles contre les m\u00e9ningocoques B et ACWY.<\/p>\n<p>Les m\u00e9ningocoques B et ACWY : quels dangers pour les nourrissons ?<\/p>\n<p>Les infections invasives \u00e0 m\u00e9ningocoques B et ceux du groupe ACWY demeurent rares, mais leurs cons\u00e9quences peuvent \u00eatre dramatiques, surtout chez les enfants de moins d&rsquo;un an. En effet, la m\u00e9ningite bact\u00e9rienne peut \u00e9voluer tr\u00e8s rapidement et laisser de lourdes s\u00e9quelles. <strong>\u00c9largir la couverture vaccinale<\/strong> contre ces germes repr\u00e9sente un pari sur la pr\u00e9vention pour \u00e9viter des drames encore trop fr\u00e9quents chaque ann\u00e9e en France.<\/p>\n<p>Sur le terrain : ce qui va changer d\u00e8s 2025<br \/>\nNouveau calendrier, nouvelles obligations : ce que doivent savoir les parents<\/p>\n<p><strong>D\u00e8s la naissance<\/strong>, les parents devront pr\u00e9voir la primo-injection du vaccin contre le m\u00e9ningocoque B (<strong>MenB<\/strong>) ainsi que celui contre les m\u00e9ningocoques A, C, W, Y (<strong>MenACWY<\/strong>). Ce calendrier remplace celui qui, jusqu&rsquo;alors, ne concernait officiellement que le m\u00e9ningocoque C. Le sch\u00e9ma pr\u00e9voit g\u00e9n\u00e9ralement plusieurs doses \u00e0 administrer entre la naissance et l&rsquo;\u00e2ge de 18 mois.<\/p>\n<p> \u00c0 quoi s&rsquo;attendre lors des visites chez le p\u00e9diatre ?<\/p>\n<p>Les professionnels de sant\u00e9 s&rsquo;organisent d&rsquo;ores et d\u00e9j\u00e0 pour int\u00e9grer ces nouvelles vaccinations durant les premi\u00e8res visites obligatoires de l&rsquo;enfant. Les rendez-vous p\u00e9diatriques se succ\u00e8dent rapidement apr\u00e8s la naissance, de la premi\u00e8re semaine jusqu&rsquo;\u00e0 l&rsquo;entr\u00e9e \u00e0 la cr\u00e8che. Les injections suppl\u00e9mentaires pourront impressionner, mais elles seront g\u00e9n\u00e9ralement coupl\u00e9es \u00e0 d&rsquo;autres vaccins d\u00e9j\u00e0 obligatoires, afin de <strong>limiter le nombre de piq\u00fbres<\/strong> et rassurer autant que possible parents et nouveau-n\u00e9s.<\/p>\n<p> Incertitudes et inqui\u00e9tudes chez les familles<br \/>\n Entre protection de la sant\u00e9 publique et peur des effets secondaires<\/p>\n<p>La transition vers un calendrier vaccinal \u00e9largi suscite des questionnements l\u00e9gitimes. Efficacit\u00e9 r\u00e9elle, risques d&rsquo;effets ind\u00e9sirables, cumul de vaccins&#8230; Beaucoup de familles redoutent les cons\u00e9quences d&rsquo;une telle d\u00e9cision, \u00e0 plus forte raison avec la m\u00e9diatisation de certaines r\u00e9actions allergiques ou fi\u00e8vres post-vaccinales. <strong>L&rsquo;enjeu sera de trouver l&rsquo;\u00e9quilibre entre s\u00e9curit\u00e9 collective et anxi\u00e9t\u00e9 individuelle<\/strong>, dans un contexte o\u00f9 la sant\u00e9 des tout-petits reste une priorit\u00e9 absolue.<\/p>\n<p>Rumeurs et d\u00e9sinformation : comment s&rsquo;y retrouver ?<\/p>\n<p>La multiplication des informations, parfois contradictoires, amplifie l&rsquo;incertitude. Entre articles alarmistes partag\u00e9s en ligne et r\u00e9cits de proches, il n&rsquo;est pas toujours facile de distinguer le fiable du sensationnel. Face \u00e0 cette <strong>vague de rumeurs<\/strong>, le minist\u00e8re de la Sant\u00e9 rappelle l&rsquo;importance de se tourner vers des sources officielles et des professionnels qualifi\u00e9s pour toute question concernant la vaccination.<\/p>\n<p> Les professionnels de sant\u00e9 face \u00e0 la d\u00e9fiance<br \/>\n Adapter le discours et rassurer sans minimiser les enjeux<\/p>\n<p>\u00catre \u00e0 l&rsquo;\u00e9coute, r\u00e9pondre clairement aux doutes et proposer un accompagnement personnalis\u00e9 : voici le triple d\u00e9fi des services de sant\u00e9 depuis l&rsquo;annonce de l&rsquo;obligation vaccinale \u00e9tendue. Tr\u00e8s souvent, les soignants jouent un <strong>pr\u00e9cieux r\u00f4le de m\u00e9diateurs<\/strong> pour expliquer pr\u00e9cis\u00e9ment les b\u00e9n\u00e9fices, mais aussi les limites, des nouveaux vaccins, tout en respectant la sensibilit\u00e9 des parents.<\/p>\n<p> Quand l&rsquo;obligation questionne la relation m\u00e9decin-patient<\/p>\n<p>L&rsquo;obligation vaccinale s&rsquo;inscrit dans un climat parfois tendu autour de la sant\u00e9 en France. Si elle vise \u00e0 prot\u00e9ger les plus fragiles, elle peut aussi \u00e9roder la confiance, surtout lorsque les familles ont le sentiment de ne pas avoir le choix. Pour maintenir une relation de confiance, <strong>le dialogue et la p\u00e9dagogie sont essentiels<\/strong>. C&rsquo;est aussi l&rsquo;occasion de rappeler les valeurs de solidarit\u00e9 et de responsabilit\u00e9 qui fondent nos syst\u00e8mes de sant\u00e9.<\/p>\n<p>Un d\u00e9bat de soci\u00e9t\u00e9 : libert\u00e9, confiance et solidarit\u00e9<br \/>\nVaccination obligatoire : jusqu&rsquo;o\u00f9 aller pour le bien commun ?<\/p>\n<p>Chaque avanc\u00e9e dans les recommandations vaccinales relance le d\u00e9bat entre individu et collectif. Si la vaccination prot\u00e8ge avant tout chaque enfant, elle b\u00e9n\u00e9ficie aussi \u00e0 toute la soci\u00e9t\u00e9 en limitant les \u00e9pid\u00e9mies graves. Certains appellent \u00e0 pr\u00e9server la <strong>libert\u00e9 individuelle<\/strong>, tandis que d&rsquo;autres plaident pour des mesures plus strictes encore, au nom du bien commun. O\u00f9 placer la fronti\u00e8re ?<\/p>\n<p> Les autres pays europ\u00e9ens sont-ils sur la m\u00eame ligne ?<\/p>\n<p>Des pays voisins, comme l&rsquo;Italie ou l&rsquo;Allemagne, optent \u00e9galement pour une extension de la couverture contre les diff\u00e9rents m\u00e9ningocoques, reflet d&rsquo;une vigilance accrue \u00e0 l&rsquo;\u00e9chelle europ\u00e9enne. Toutefois, la France reste <strong>pionni\u00e8re dans l&rsquo;obligation d\u00e8s la naissance<\/strong> pour ces deux vaccins. Les strat\u00e9gies varient, et les cultures sanitaires aussi, mais la tendance g\u00e9n\u00e9rale reste \u00e0 la vigilance face \u00e0 l&rsquo;\u00e9volution des souches pathog\u00e8nes.<\/p>\n<p>Perspective d&rsquo;avenir : vers une meilleure protection ou plus de divisions ?<br \/>\n Bilan des b\u00e9n\u00e9fices attendus et des questions en suspens<\/p>\n<p>\u00c0 l&rsquo;approche de l&rsquo;automne 2025, il reste difficile de pr\u00e9dire avec certitude l&rsquo;effet de ce nouveau calendrier. Les autorit\u00e9s esp\u00e8rent r\u00e9duire drastiquement le nombre de cas de m\u00e9ningite chez les tout-petits. <strong>Mais c&rsquo;est aussi un d\u00e9fi de p\u00e9dagogie et d&rsquo;accompagnement pour \u00e9viter que la d\u00e9fiance ne prenne le pas sur la pr\u00e9vention<\/strong>. Seul le temps dira si la population fran\u00e7aise s&rsquo;approprie ou rejette cette \u00e9volution.<\/p>\n<p> Conseils pratiques pour accompagner au mieux cette transition<\/p>\n<ul>\n<li>Poser toutes les questions lors des consultations p\u00e9diatriques, sans tabous<\/li>\n<li>Se fier \u00e0 des informations officielles, actualis\u00e9es et transparentes<\/li>\n<li>Alerter sans attendre en cas de r\u00e9actions inhabituelles apr\u00e8s la vaccination<\/li>\n<li>Ne pas h\u00e9siter \u00e0 exprimer ses craintes aupr\u00e8s de son m\u00e9decin ou de la PMI<\/li>\n<\/ul>\n<p>Alors que les familles pr\u00e9parent la saison froide et s&rsquo;inqui\u00e8tent des virus de l&rsquo;hiver, la sant\u00e9 des b\u00e9b\u00e9s s&rsquo;invite plus que jamais au centre des d\u00e9bats. <strong>Chacun est d\u00e9sormais invit\u00e9 \u00e0 s&rsquo;informer<\/strong> et \u00e0 \u00e9changer pour traverser sereinement cette p\u00e9riode de transition qui pourrait, \u00e0 terme, contribuer \u00e0 une soci\u00e9t\u00e9 plus solidaire face aux menaces infectieuses.<\/p>\n","protected":false},"excerpt":{"rendered":"Autour des berceaux, une petite r\u00e9volution s&rsquo;annonce. D\u00e8s la fin 2025, les nouveau-n\u00e9s devront recevoir un vaccin suppl\u00e9mentaire,&hellip;\n","protected":false},"author":2,"featured_media":489739,"comment_status":"","ping_status":"","sticky":false,"template":"","format":"standard","meta":{"footnotes":""},"categories":[10],"tags":[1011,27,72,56,71],"class_list":{"0":"post-489738","1":"post","2":"type-post","3":"status-publish","4":"format-standard","5":"has-post-thumbnail","7":"category-sante","8":"tag-fr","9":"tag-france","10":"tag-health","11":"tag-push","12":"tag-sante"},"share_on_mastodon":{"url":"https:\/\/pubeurope.com\/@fr\/115436645526866345","error":""},"_links":{"self":[{"href":"https:\/\/www.europesays.com\/fr\/wp-json\/wp\/v2\/posts\/489738","targetHints":{"allow":["GET"]}}],"collection":[{"href":"https:\/\/www.europesays.com\/fr\/wp-json\/wp\/v2\/posts"}],"about":[{"href":"https:\/\/www.europesays.com\/fr\/wp-json\/wp\/v2\/types\/post"}],"author":[{"embeddable":true,"href":"https:\/\/www.europesays.com\/fr\/wp-json\/wp\/v2\/users\/2"}],"replies":[{"embeddable":true,"href":"https:\/\/www.europesays.com\/fr\/wp-json\/wp\/v2\/comments?post=489738"}],"version-history":[{"count":0,"href":"https:\/\/www.europesays.com\/fr\/wp-json\/wp\/v2\/posts\/489738\/revisions"}],"wp:featuredmedia":[{"embeddable":true,"href":"https:\/\/www.europesays.com\/fr\/wp-json\/wp\/v2\/media\/489739"}],"wp:attachment":[{"href":"https:\/\/www.europesays.com\/fr\/wp-json\/wp\/v2\/media?parent=489738"}],"wp:term":[{"taxonomy":"category","embeddable":true,"href":"https:\/\/www.europesays.com\/fr\/wp-json\/wp\/v2\/categories?post=489738"},{"taxonomy":"post_tag","embeddable":true,"href":"https:\/\/www.europesays.com\/fr\/wp-json\/wp\/v2\/tags?post=489738"}],"curies":[{"name":"wp","href":"https:\/\/api.w.org\/{rel}","templated":true}]}}