{"id":489757,"date":"2025-10-25T20:25:11","date_gmt":"2025-10-25T20:25:11","guid":{"rendered":"https:\/\/www.europesays.com\/fr\/489757\/"},"modified":"2025-10-25T20:25:11","modified_gmt":"2025-10-25T20:25:11","slug":"visite-guidee-de-la-porte-de-la-craffe","status":"publish","type":"post","link":"https:\/\/www.europesays.com\/fr\/489757\/","title":{"rendered":"visite guid\u00e9e de la porte de la Craffe"},"content":{"rendered":"<p>C\u00e9l\u00e9brez Halloween dans un d\u00e9cor historique. Les tours de la porte de la Craffe \u00e0 Nancy, ancienne prison m\u00e9di\u00e9vale, vous ouvrent leurs portes. Pr\u00e9parez-vous \u00e0 frissonner tout en d\u00e9couvrant un pan fascinant de l\u2019histoire de la ville. Pour une dur\u00e9e de 1\u00a0h\u00a030, cette visite guid\u00e9e vous m\u00e8nera \u00e0 travers les recoins sombres de la porte. La visite est offerte pour les petits explorateurs de moins de 6 ans.<\/p>\n<p class=\"note\">Tous les jours de 17\u00a0h \u00e0 18\u00a0h\u00a030, tarif 10\u00a0\u20ac. R\u00e9servation jusqu\u2019au 2\u00a0novembre inclus sur Nancy tourisme.<\/p>\n","protected":false},"excerpt":{"rendered":"C\u00e9l\u00e9brez Halloween dans un d\u00e9cor historique. Les tours de la porte de la Craffe \u00e0 Nancy, ancienne prison&hellip;\n","protected":false},"author":2,"featured_media":489758,"comment_status":"","ping_status":"","sticky":false,"template":"","format":"standard","meta":{"footnotes":""},"categories":[9635],"tags":[1111,11,1687,1704,1777,674,1011,27,775,1702,1703,12,25],"class_list":{"0":"post-489757","1":"post","2":"type-post","3":"status-publish","4":"format-standard","5":"has-post-thumbnail","7":"category-nancy","8":"tag-actu","9":"tag-actualites","10":"tag-culture-loisirs","11":"tag-edition-nancy-et-agglomeration","12":"tag-eu","13":"tag-europe","14":"tag-fr","15":"tag-france","16":"tag-grand-est","17":"tag-nancy","18":"tag-nancy-ville-54b","19":"tag-news","20":"tag-republique-francaise"},"share_on_mastodon":{"url":"https:\/\/pubeurope.com\/@fr\/115436685008834157","error":""},"_links":{"self":[{"href":"https:\/\/www.europesays.com\/fr\/wp-json\/wp\/v2\/posts\/489757","targetHints":{"allow":["GET"]}}],"collection":[{"href":"https:\/\/www.europesays.com\/fr\/wp-json\/wp\/v2\/posts"}],"about":[{"href":"https:\/\/www.europesays.com\/fr\/wp-json\/wp\/v2\/types\/post"}],"author":[{"embeddable":true,"href":"https:\/\/www.europesays.com\/fr\/wp-json\/wp\/v2\/users\/2"}],"replies":[{"embeddable":true,"href":"https:\/\/www.europesays.com\/fr\/wp-json\/wp\/v2\/comments?post=489757"}],"version-history":[{"count":0,"href":"https:\/\/www.europesays.com\/fr\/wp-json\/wp\/v2\/posts\/489757\/revisions"}],"wp:featuredmedia":[{"embeddable":true,"href":"https:\/\/www.europesays.com\/fr\/wp-json\/wp\/v2\/media\/489758"}],"wp:attachment":[{"href":"https:\/\/www.europesays.com\/fr\/wp-json\/wp\/v2\/media?parent=489757"}],"wp:term":[{"taxonomy":"category","embeddable":true,"href":"https:\/\/www.europesays.com\/fr\/wp-json\/wp\/v2\/categories?post=489757"},{"taxonomy":"post_tag","embeddable":true,"href":"https:\/\/www.europesays.com\/fr\/wp-json\/wp\/v2\/tags?post=489757"}],"curies":[{"name":"wp","href":"https:\/\/api.w.org\/{rel}","templated":true}]}}