{"id":489777,"date":"2025-10-25T20:42:17","date_gmt":"2025-10-25T20:42:17","guid":{"rendered":"https:\/\/www.europesays.com\/fr\/489777\/"},"modified":"2025-10-25T20:42:17","modified_gmt":"2025-10-25T20:42:17","slug":"pres-de-nantes-cet-evenement-a-rapporte-pres-de-43-000-e-de-dons-dans-le-cadre-doctobre-rose","status":"publish","type":"post","link":"https:\/\/www.europesays.com\/fr\/489777\/","title":{"rendered":"Pr\u00e8s de Nantes, cet \u00e9v\u00e9nement a rapport\u00e9 pr\u00e8s de 43 000 \u20ac de dons dans le cadre d\u2019Octobre rose"},"content":{"rendered":"<p>            Par<br \/>\n        <strong><br \/>\n            <a href=\"https:\/\/actu.fr\/auteur\/journaliste-sm\" title=\"Consulter tous les articles de R\u00e9daction Clisson\" target=\"_blank\" rel=\"noopener\">R\u00e9daction Clisson<\/a><br \/>\n        <\/strong><\/p>\n<p>        Publi\u00e9 le<\/p>\n<p>            25 oct. 2025 \u00e0 10h04        <\/p>\n<p>Franc succ\u00e8s pour<b> l\u2019\u00e9v\u00e9nement caritatif<\/b> qui a lieu dans le cadre d\u2019<a href=\"https:\/\/actu.fr\/tag\/octobre-rose\" target=\"_blank\" rel=\"noopener\">Octobre rose<\/a>, mois de <b>pr\u00e9vention contre le cancer du sein, <\/b>\u00e0<b> <a href=\"https:\/\/actu.fr\/pays-de-la-loire\/basse-goulaine_44009\" target=\"_blank\" rel=\"noopener\">Basse-Goulaine<\/a>.<\/b><\/p>\n<p class=\" wall-content\"><b><a href=\"https:\/\/www.facebook.com\/Etincelante\/?locale=fr_FR\" target=\"_blank\" rel=\"noopener\">L\u2019\u00c9tincelante <\/a>a drain\u00e9 2\u2009755\u00a0participants.<\/b> A titre de comparaison, ils avaient \u00e9t\u00e9 2\u2009094 en 2024 et 1\u2009532 en 2023. Une course parrain\u00e9e, cette ann\u00e9e, par <a href=\"https:\/\/fr.wikipedia.org\/wiki\/Romain_Lagarde\" target=\"_blank\" rel=\"noopener\">Romain Lagarde<\/a> et<a href=\"https:\/\/fr.wikipedia.org\/wiki\/O%27Brian_Nyateu\" target=\"_blank\" rel=\"noopener\"> O\u2019Brian Nyateu, <\/a>deux Goulainais, <b>joueurs du <a href=\"https:\/\/hbcnantes.com\/\" target=\"_blank\" rel=\"noopener\">HBC Nantes<\/a><\/b>.<\/p>\n<blockquote class=\"ac-article-quote wall-content\">\n<p>Cela a dop\u00e9 les inscriptions. Nous avons m\u00eame d\u00fb fermer le site des inscriptions plus t\u00f4t que pr\u00e9vu. Nous avons 656\u00a0participants de plus qu\u2019en 2024.<\/p>\n<p>St\u00e9phanie Bernard et Solenn Touze<\/p><\/blockquote>\n<p class=\" wall-content\">Elles avaient effectu\u00e9 la pr\u00e9sentation de la manifestation, d\u00e9but septembre en leur pr\u00e9sence.<\/p>\n<p>Vid\u00e9os : en ce moment sur Actu<\/p>\n<p class=\" wall-content\">Une <b>manifestation interg\u00e9n\u00e9rationnelle et tout public.<\/b> Au programme, <b>deux circuits de marche<\/b> (5\u00a0km et 10\u00a0km) et <b>deux \u00e9preuves de course \u00e0 pied <\/b>(5\u00a0km et 10\u00a0km). Dans le peloton, <b>nombre de femmes accompagn\u00e9es d\u2019une poussette et des familles compl\u00e8tes<\/b>. Des <b>joliettes<\/b> \u00e9taient, aussi, align\u00e9es pour les personnes ne pouvant se d\u00e9placer.<\/p>\n<p>    <img   decoding=\"async\" loading=\"lazy\" class=\"size-large\" src=\"https:\/\/www.europesays.com\/fr\/wp-content\/uploads\/2025\/10\/0ab65657b2e860eb65657b2e8e1c65v-960x640.jpg\" alt=\"La foule sous la Halle du Grignon\" width=\"960\" height=\"640\"\/><br \/>\n    La foule sous la Halle du Grignon. \u00a9Hebdo de S\u00e8vre et Maine<\/p>\n<p>Votre r\u00e9gion, votre actu !<\/p>\n<p>Recevez chaque jour les infos qui comptent pour vous.<\/p>\n<p>\t<a href=\"https:\/\/actu.fr\/newsletter\" class=\"ac-btn ac-btn--corner ac-btn--medium ac-btn--blue800\" target=\"_blank\" rel=\"noopener\">S&rsquo;incrire<\/a><br \/>\nB\u00e9atrice de la Boulaye, marraine de l\u2019association<\/p>\n<p class=\" wall-content\">Pr\u00e9sente, \u00e9galement, <b><a href=\"https:\/\/fr.wikipedia.org\/wiki\/B%C3%A9atrice_de_La_Boulaye\" target=\"_blank\" rel=\"noopener\">B\u00e9atrice de La Boulaye, <\/a>actrice sc\u00e9nariste vend\u00e9enne et marraine de <a href=\"https:\/\/www.maparenthese-nantes.com\/\" target=\"_blank\" rel=\"noopener\">l\u2019association Ma Parenth\u00e8se<\/a><\/b>. Elle va faire para\u00eetre un roman graphique appel\u00e9 <a href=\"https:\/\/www.lisez.com\/livres\/mammo-mia\/9782412101223\" target=\"_blank\" rel=\"noopener\">Mammo Mia<\/a> cocr\u00e9\u00e9 avec l\u2019illustratrice <a href=\"https:\/\/www.lisez.com\/auteurs\/benedicte-voile\" target=\"_blank\" rel=\"noopener\">B\u00e9n\u00e9dicte Voile<\/a>\u2009: cette <b>histoire vraie d\u2019une femme confront\u00e9e \u00e0 un cancer du sein raconte les montagnes russes du d\u00e9pistage, de l\u2019annonce<\/b>, des choix, de l\u2019op\u00e9ration, de l\u2019espoir, de la gu\u00e9rison.<\/p>\n<p class=\" wall-content\"><b>Cette course a rapport\u00e9 42\u2009791\u00a0\u20ac soit 38\u2009% de plus qu\u2019en 2024<\/b> (31\u2009210 \u20ac) qui ont \u00e9t\u00e9 r\u00e9partis entre ICO (Institut du cancer de l\u2019Ouest, ex-Centre Gauducheau) pour 50\u2009% (21\u2009395 \u20ac), \u00e0 l\u2019association Ma Parenth\u00e8se pour 40\u2009% (17\u2009117 \u20ac) et \u00e0 l\u2019association <a href=\"https:\/\/encoeuretencorps.fr\/\" target=\"_blank\" rel=\"noopener\">En corps et en c\u0153ur<\/a> pour 10\u2009% (4\u2009179 \u20ac).<\/p>\n<p class=\" wall-content\">L\u2019association a compl\u00e9t\u00e9 ses animations dans le cadre de mois sp\u00e9cial\u2009; dans la <a href=\"https:\/\/www.polesudshopping.fr\/\" target=\"_blank\" rel=\"noopener\">galerie commerciale P\u00f4le Sud<\/a>, avec un stand pop-up et un <b>d\u00e9fil\u00e9 de mode avec des adh\u00e9rentes de l\u2019association comme mannequins,<\/b> habill\u00e9es par les magasins de v\u00eatements de la galerie commerciale.<\/p>\n<p>Association Ma Parenth\u00e8se, ouvert du lundi au vendredi de 9\u2009h\u200930 \u00e0 18\u2009h, au 13 rue Pasteur \u00e0 Basse-Goulaine. Contact\u2009: 09\u200975\u200966\u200979\u200963 et <a href=\"https:\/\/actu.fr\/cdn-cgi\/l\/email-protection\" class=\"__cf_email__\" data-cfemail=\"c2a1adacb6a3a1b682afa3b2a3b0a7acb6aaa7b1a7ecadb0a5\" target=\"_blank\" rel=\"noopener\">[email\u00a0protected]<\/a><\/p>\n<p class=\" wall-content\">Personnalisez votre actualit\u00e9 en ajoutant vos villes et m\u00e9dias en favori avec <a href=\"https:\/\/moncompte.actu.fr\" title=\"D\u00e9couvez Mon Actu\" rel=\"nofollow noopener\" data-trk=\"{&quot;cta&quot;:{&quot;action&quot;:&quot;https:\\\/\\\/moncompte.actu.fr&quot;,&quot;category&quot;:&quot;mon compte&quot;,&quot;from&quot;:&quot;article footer&quot;,&quot;name&quot;:&quot;Mon actu&quot;,&quot;type&quot;:&quot;cta&quot;}}\" target=\"_blank\">Mon Actu<\/a>.<\/p>\n","protected":false},"excerpt":{"rendered":"Par R\u00e9daction Clisson Publi\u00e9 le 25 oct. 2025 \u00e0 10h04 Franc succ\u00e8s pour l\u2019\u00e9v\u00e9nement caritatif qui a lieu&hellip;\n","protected":false},"author":2,"featured_media":489778,"comment_status":"","ping_status":"","sticky":false,"template":"","format":"standard","meta":{"footnotes":""},"categories":[2818],"tags":[1111,11,101,1777,674,1011,27,766,12,2636,25,104,3400,2900],"class_list":{"0":"post-489777","1":"post","2":"type-post","3":"status-publish","4":"format-standard","5":"has-post-thumbnail","7":"category-nantes","8":"tag-actu","9":"tag-actualites","10":"tag-cancer","11":"tag-eu","12":"tag-europe","13":"tag-fr","14":"tag-france","15":"tag-nantes","16":"tag-news","17":"tag-pays-de-la-loire","18":"tag-republique-francaise","19":"tag-societe","20":"tag-solidarite","21":"tag-vignoble-nantais"},"share_on_mastodon":{"url":"https:\/\/pubeurope.com\/@fr\/115436752139499257","error":""},"_links":{"self":[{"href":"https:\/\/www.europesays.com\/fr\/wp-json\/wp\/v2\/posts\/489777","targetHints":{"allow":["GET"]}}],"collection":[{"href":"https:\/\/www.europesays.com\/fr\/wp-json\/wp\/v2\/posts"}],"about":[{"href":"https:\/\/www.europesays.com\/fr\/wp-json\/wp\/v2\/types\/post"}],"author":[{"embeddable":true,"href":"https:\/\/www.europesays.com\/fr\/wp-json\/wp\/v2\/users\/2"}],"replies":[{"embeddable":true,"href":"https:\/\/www.europesays.com\/fr\/wp-json\/wp\/v2\/comments?post=489777"}],"version-history":[{"count":0,"href":"https:\/\/www.europesays.com\/fr\/wp-json\/wp\/v2\/posts\/489777\/revisions"}],"wp:featuredmedia":[{"embeddable":true,"href":"https:\/\/www.europesays.com\/fr\/wp-json\/wp\/v2\/media\/489778"}],"wp:attachment":[{"href":"https:\/\/www.europesays.com\/fr\/wp-json\/wp\/v2\/media?parent=489777"}],"wp:term":[{"taxonomy":"category","embeddable":true,"href":"https:\/\/www.europesays.com\/fr\/wp-json\/wp\/v2\/categories?post=489777"},{"taxonomy":"post_tag","embeddable":true,"href":"https:\/\/www.europesays.com\/fr\/wp-json\/wp\/v2\/tags?post=489777"}],"curies":[{"name":"wp","href":"https:\/\/api.w.org\/{rel}","templated":true}]}}