{"id":489793,"date":"2025-10-25T20:53:12","date_gmt":"2025-10-25T20:53:12","guid":{"rendered":"https:\/\/www.europesays.com\/fr\/489793\/"},"modified":"2025-10-25T20:53:12","modified_gmt":"2025-10-25T20:53:12","slug":"le-festival-lumiere-2025-en-chiffres","status":"publish","type":"post","link":"https:\/\/www.europesays.com\/fr\/489793\/","title":{"rendered":"le Festival Lumi\u00e8re 2025 en chiffres"},"content":{"rendered":"<p>Le Festival Lumi\u00e8re 2025 s\u2019est d\u00e9roul\u00e9 du 11 au 19\u00a0octobre. Neuf jours pendant lesquels 158 films ont \u00e9t\u00e9 projet\u00e9s dans 419 s\u00e9ances, organis\u00e9es dans 45 lieux et sur 50 \u00e9crans, \u00e9noncent les organisateurs dans leur bilan.<\/p>\n<p>\u00ab\u00a0Cette \u00e9dition a commenc\u00e9 par l\u2019inauguration de la rue du Premier-Film, apr\u00e8s les travaux qui y ont \u00e9t\u00e9 r\u00e9alis\u00e9s par la M\u00e9tropole et la Ville de Lyon, et <a href=\"https:\/\/www.leprogres.fr\/culture-loisirs\/2025\/10\/19\/un-clap-de-fin-pour-le-festival-lumiere-2025-autour-de-michael-mann\" target=\"_blank\" rel=\"noopener\">s\u2019est achev\u00e9e<\/a> avec une projection g\u00e9ante de Heat , pr\u00e9sent\u00e9e par Michael Mann, \u00e0 la Halle Tony Garnier, devant 5000 spectateurs\u00a0\u00bb, soul\u00e8vent-ils.<\/p>\n<p>Leur communiqu\u00e9 annonce qu\u2019au total, 185\u00a0000 festivaliers ont pris part aux festivit\u00e9s et \u00ab\u00a0c\u00e9l\u00e9br\u00e9 le cin\u00e9ma dans sa ville d\u2019origine, Lyon, 130 ans apr\u00e8s sa naissance\u00a0\u00bb.<\/p>\n<p>Pour rentrer un peu plus dans le d\u00e9tail, 137\u00a0000 billets ont \u00e9t\u00e9 \u00e9dit\u00e9s (\u00ab\u00a0chiffre record\u00a0\u00bb) pour les s\u00e9ances payantes du festival. Par ailleurs, 6\u00a0000 festivaliers ont particip\u00e9 aux deux journ\u00e9es consacr\u00e9es au DVD et \u00e0 l\u2019\u00e9dition vid\u00e9o et au livre de cin\u00e9ma. 10\u00a0000 visiteurs ont fr\u00e9quent\u00e9 les quatre expositions du festival. Et 31\u00a0000 festivaliers ont fr\u00e9quent\u00e9 le village du festival (inaugurations, librairies, march\u00e9 DVD, rencontres, conf\u00e9rences,\u00a0etc.).<\/p>\n<p>  Le syst\u00e8me des accr\u00e9ditations a tourn\u00e9 \u00e0 plein r\u00e9gime<\/p>\n<p>En outre, 10\u00a0000 spectateurs se sont accr\u00e9dit\u00e9s (syst\u00e8me permettant de b\u00e9n\u00e9ficier de tarifs et offres pr\u00e9f\u00e9rentiels) \u00e0 Lumi\u00e8re 2025, \u00ab\u00a0dont 6\u00a0500 avaient moins de 26 ans, confirmant que les spectateurs de demain forment une partie importante du public du festival\u00a0\u00bb.<\/p>\n<p>Un millier de professionnels, dont 635 accr\u00e9dit\u00e9s du \u201cMarch\u00e9 du film classique\u201d, \u00e9taient \u00e0 Lyon \u00ab\u00a0pour accompagner les films, se rencontrer et participer aux nombreux rendez-vous organis\u00e9s\u00a0\u00bb. Enfin, le festival est sorti hors les murs des salles obscures et des projections ont aussi eu lieu au Centre L\u00e9on-B\u00e9rard (Lyon 8e) \u00e0 la clinique Saint-Vincent-de-Paul (Bron), \u00e0 la maison de r\u00e9pit du Rh\u00f4ne (Tassin-la-Demi-Lune), \u00e0 l\u2019h\u00f4pital Femme M\u00e8re Enfant (Bron), \u00e0 l\u2019Ehpad de La Rochette (Caluire-et-Cuire), et \u00e0 la maison d\u2019arr\u00eat de Lyon-Corbas.<\/p>\n<p>De quoi se r\u00e9jouir pour un \u00e9v\u00e9nement solidement ancr\u00e9 dans la M\u00e9tropole et qui a b\u00e9n\u00e9fici\u00e9 de l\u2019apport de quelque 800 b\u00e9n\u00e9voles, en plus des \u00e9quipes de l\u2019Institut Lumi\u00e8re.<\/p>\n","protected":false},"excerpt":{"rendered":"Le Festival Lumi\u00e8re 2025 s\u2019est d\u00e9roul\u00e9 du 11 au 19\u00a0octobre. Neuf jours pendant lesquels 158 films ont \u00e9t\u00e9&hellip;\n","protected":false},"author":2,"featured_media":489794,"comment_status":"","ping_status":"","sticky":false,"template":"","format":"standard","meta":{"footnotes":""},"categories":[1889],"tags":[1111,11,2430,650,1687,2757,1777,674,34755,1011,27,2428,2756,12,25,2429,104],"class_list":{"0":"post-489793","1":"post","2":"type-post","3":"status-publish","4":"format-standard","5":"has-post-thumbnail","7":"category-lyon","8":"tag-actu","9":"tag-actualites","10":"tag-auvergne-rhone-alpes","11":"tag-cinema","12":"tag-culture-loisirs","13":"tag-edition-lyon-villeurbanne","14":"tag-eu","15":"tag-europe","16":"tag-festival-lumiere","17":"tag-fr","18":"tag-france","19":"tag-lyon","20":"tag-lyon-bassin","21":"tag-news","22":"tag-republique-francaise","23":"tag-rhone","24":"tag-societe"},"share_on_mastodon":{"url":"https:\/\/pubeurope.com\/@fr\/115436794942507997","error":""},"_links":{"self":[{"href":"https:\/\/www.europesays.com\/fr\/wp-json\/wp\/v2\/posts\/489793","targetHints":{"allow":["GET"]}}],"collection":[{"href":"https:\/\/www.europesays.com\/fr\/wp-json\/wp\/v2\/posts"}],"about":[{"href":"https:\/\/www.europesays.com\/fr\/wp-json\/wp\/v2\/types\/post"}],"author":[{"embeddable":true,"href":"https:\/\/www.europesays.com\/fr\/wp-json\/wp\/v2\/users\/2"}],"replies":[{"embeddable":true,"href":"https:\/\/www.europesays.com\/fr\/wp-json\/wp\/v2\/comments?post=489793"}],"version-history":[{"count":0,"href":"https:\/\/www.europesays.com\/fr\/wp-json\/wp\/v2\/posts\/489793\/revisions"}],"wp:featuredmedia":[{"embeddable":true,"href":"https:\/\/www.europesays.com\/fr\/wp-json\/wp\/v2\/media\/489794"}],"wp:attachment":[{"href":"https:\/\/www.europesays.com\/fr\/wp-json\/wp\/v2\/media?parent=489793"}],"wp:term":[{"taxonomy":"category","embeddable":true,"href":"https:\/\/www.europesays.com\/fr\/wp-json\/wp\/v2\/categories?post=489793"},{"taxonomy":"post_tag","embeddable":true,"href":"https:\/\/www.europesays.com\/fr\/wp-json\/wp\/v2\/tags?post=489793"}],"curies":[{"name":"wp","href":"https:\/\/api.w.org\/{rel}","templated":true}]}}