{"id":489797,"date":"2025-10-25T20:56:42","date_gmt":"2025-10-25T20:56:42","guid":{"rendered":"https:\/\/www.europesays.com\/fr\/489797\/"},"modified":"2025-10-25T20:56:42","modified_gmt":"2025-10-25T20:56:42","slug":"emile-armand-benoit-meilleur-ouvrier-de-france-medaille-couvreur","status":"publish","type":"post","link":"https:\/\/www.europesays.com\/fr\/489797\/","title":{"rendered":"Emile-Armand-Benoit\u00a0: Meilleur Ouvrier de France M\u00e9daille Couvreur"},"content":{"rendered":"<p>   <img decoding=\"async\" src=\"https:\/\/www.europesays.com\/fr\/wp-content\/uploads\/2025\/10\/1761425802_202_1200x680\" alt=\"illustration agrandir l'image\" style=\"--_image-preview:url('data:image\/jpeg;base64,\/9j\/2wBDACgcHiMeGSgjISMtKygwPGRBPDc3PHtYXUlkkYCZlo+AjIqgtObDoKrarYqMyP\/L2u71\/\/\/\/m8H\/\/\/\/6\/+b9\/\/j\/2wBDASstLTw1PHZBQXb4pYyl+Pj4+Pj4+Pj4+Pj4+Pj4+Pj4+Pj4+Pj4+Pj4+Pj4+Pj4+Pj4+Pj4+Pj4+Pj4+Pj4+Pj\/wAARCAAXACoDASIAAhEBAxEB\/8QAFgABAQEAAAAAAAAAAAAAAAAAAAED\/8QAFxABAQEBAAAAAAAAAAAAAAAAABESAf\/EABUBAQEAAAAAAAAAAAAAAAAAAAAB\/8QAFBEBAAAAAAAAAAAAAAAAAAAAAP\/aAAwDAQACEQMRAD8AaNM6UGmjTKlBrpdMqUEToAgCooAP\/9k=');\" loading=\"eager\" fetchpriority=\"high\" aria-hidden=\"true\" class=\"svelte-1pnmlwx rounded\" onload=\"this.__e=event\" onerror=\"this.__e=event\"\/> Emile-Armand-Benoit Meilleur Ouvrier de France M\u00e9daille Couvreur \u00a9 Aucun(e) &#8211; Romain BRUNEAU    <img decoding=\"async\" src=\"https:\/\/www.francebleu.fr\/images\/logo-ici-grey.svg\" alt=\"\" class=\"isFallback loaded svelte-1pnmlwx fullRounded\"\/> Romain Bruneau  <\/p>\n<p class=\"g-ici-body-regular-3 info svelte-1a514ib\">Diffus\u00e9 le vendredi 24 octobre 2025 \u00e0 6:20 <\/p>\n<p class=\"g-ici-body-regular-3 info svelte-1a514ib\">Publi\u00e9 le vendredi 24 octobre 2025 \u00e0 6:20 <\/p>\n<p class=\"g-ici-body-bold-1 standFirst svelte-g22axr\">Il a travaill\u00e9 sur le chantier de Notre Dame de Paris et nous raconte les coulisses de ce chantier Historique. <\/p>\n<p>Au pied de Notre Dame de Paris, il t\u00e9moigne au micro de Romain BRUNEAU de son amour pour ce chantier et des nombreuses rencontres enrichissantes.<\/p>\n<ul class=\"SocialNetworks svelte-bt5901\">\n<li class=\"svelte-bt5901\"><\/li>\n<li class=\"svelte-bt5901\"><\/li>\n<li class=\"svelte-bt5901\"><\/li>\n<li class=\"svelte-bt5901\"><\/li>\n<li class=\"svelte-bt5901\"><\/li>\n<\/ul>\n<p class=\"g-ici-body-regular-3 description svelte-a5f61a\">Tous les vendredis, recevez le meilleur de la semaine d\u2019ici Paris \u00cele-de-France\u00a0: certifi\u00e9 100% local\u00a0!<\/p>\n<p>En cliquant sur \u00ab\u00a0S\u2019abonner\u00a0\u00bb, j&rsquo;accepte que les donn\u00e9es recueillies par<br \/>\n        Radio France soient destin\u00e9es \u00e0 l&rsquo;envoi par courrier \u00e9lectronique de<br \/>\n        contenus et d&rsquo;informations relatifs aux programmes. Plus d&rsquo;informations.<\/p>\n<p>Les \u00e9pisodes de l\u2019\u00e9mission\u00a0: Les gens d&rsquo;ici, ici Paris \u00cele-de-France<\/p>\n<p>Sur le m\u00eame th\u00e8me<\/p>\n<ul class=\"content svelte-bu824\">\n<li class=\"IciCard  standard svelte-1u6py0s\">\n<p class=\"standfirst g-ici-body-regular-2 svelte-1u6py0s\">Un chantier qui marque une vie, celui de Notre Dame de Paris. Pour Brieuc de Keranflec\u2019h, charpentier, ce fut une exp\u00e9rience riche en beaux souvenirs et une v\u00e9ritable chance d&rsquo;y participer. <\/p>\n<\/li>\n<li class=\"IciCard  standard svelte-1u6py0s\">\n<p class=\"standfirst g-ici-body-regular-2 svelte-1u6py0s\">Le d\u00e9nouement d&rsquo;un chantier colossale\u00a0: celui de Notre Dame de Paris. La r\u00e9ouverture de la cath\u00e9drale est pr\u00e9vue pour ce samedi. L&rsquo;occasion de revenir sur ces travaux de longue haleine, avec un gros plan sur un corps de m\u00e9tier auquel l&rsquo;on doit beaucoup\u00a0: les cordistes.<\/p>\n<\/li>\n<li class=\"IciCard  standard svelte-1u6py0s\">\n<p class=\"standfirst g-ici-body-regular-2 svelte-1u6py0s\">Le compte \u00e0 rebours est lanc\u00e9 ! Dans quelques semaines Notre Dame de Paris rouvrira ses portes apr\u00e8s 5 ans de fermeture. La fin ou presque d&rsquo;un impressionnant chantier qui se sera vou\u00e9 \u00e0 gu\u00e9rir les stigmates de l&rsquo;incendie d&rsquo;avril 2019. Des travaux qui devront se poursuivre au del\u00e0 de l&rsquo;inauguration.<\/p>\n<\/li>\n<li class=\"IciCard  standard svelte-1u6py0s\">\n<p class=\"standfirst g-ici-body-regular-2 svelte-1u6py0s\">\u00ab\u00a0La Dame de Pierre\u00a0\u00bb, le spectacle \u00e9v\u00e8nement sur l&rsquo;histoire de la cath\u00e9drale Notre-Dame de Paris \u00e0 d\u00e9couvrir au Palais des Congr\u00e8s le vendredi 20, le samedi 21 et le dimanche 22 d\u00e9cembre 2024 ! <\/p>\n<\/li>\n<\/ul>\n","protected":false},"excerpt":{"rendered":"Emile-Armand-Benoit Meilleur Ouvrier de France M\u00e9daille Couvreur \u00a9 Aucun(e) &#8211; Romain BRUNEAU Romain Bruneau Diffus\u00e9 le vendredi 24&hellip;\n","protected":false},"author":2,"featured_media":489798,"comment_status":"","ping_status":"","sticky":false,"template":"","format":"standard","meta":{"footnotes":""},"categories":[1592],"tags":[1111,11,1777,674,1011,27,662,12,626,25],"class_list":{"0":"post-489797","1":"post","2":"type-post","3":"status-publish","4":"format-standard","5":"has-post-thumbnail","7":"category-ile-de-france","8":"tag-actu","9":"tag-actualites","10":"tag-eu","11":"tag-europe","12":"tag-fr","13":"tag-france","14":"tag-ile-de-france","15":"tag-news","16":"tag-paris","17":"tag-republique-francaise"},"share_on_mastodon":{"url":"https:\/\/pubeurope.com\/@fr\/115436807552970982","error":""},"_links":{"self":[{"href":"https:\/\/www.europesays.com\/fr\/wp-json\/wp\/v2\/posts\/489797","targetHints":{"allow":["GET"]}}],"collection":[{"href":"https:\/\/www.europesays.com\/fr\/wp-json\/wp\/v2\/posts"}],"about":[{"href":"https:\/\/www.europesays.com\/fr\/wp-json\/wp\/v2\/types\/post"}],"author":[{"embeddable":true,"href":"https:\/\/www.europesays.com\/fr\/wp-json\/wp\/v2\/users\/2"}],"replies":[{"embeddable":true,"href":"https:\/\/www.europesays.com\/fr\/wp-json\/wp\/v2\/comments?post=489797"}],"version-history":[{"count":0,"href":"https:\/\/www.europesays.com\/fr\/wp-json\/wp\/v2\/posts\/489797\/revisions"}],"wp:featuredmedia":[{"embeddable":true,"href":"https:\/\/www.europesays.com\/fr\/wp-json\/wp\/v2\/media\/489798"}],"wp:attachment":[{"href":"https:\/\/www.europesays.com\/fr\/wp-json\/wp\/v2\/media?parent=489797"}],"wp:term":[{"taxonomy":"category","embeddable":true,"href":"https:\/\/www.europesays.com\/fr\/wp-json\/wp\/v2\/categories?post=489797"},{"taxonomy":"post_tag","embeddable":true,"href":"https:\/\/www.europesays.com\/fr\/wp-json\/wp\/v2\/tags?post=489797"}],"curies":[{"name":"wp","href":"https:\/\/api.w.org\/{rel}","templated":true}]}}