{"id":489815,"date":"2025-10-25T21:05:16","date_gmt":"2025-10-25T21:05:16","guid":{"rendered":"https:\/\/www.europesays.com\/fr\/489815\/"},"modified":"2025-10-25T21:05:16","modified_gmt":"2025-10-25T21:05:16","slug":"la-grippe-aviaire-se-propage-rapidement-en-allemagne-la-suisse-reste-vigilante","status":"publish","type":"post","link":"https:\/\/www.europesays.com\/fr\/489815\/","title":{"rendered":"La grippe aviaire se propage rapidement en Allemagne, la Suisse reste vigilante"},"content":{"rendered":"<p>La grippe aviaire se propage de mani\u00e8re \u00ab\u00a0tr\u00e8s rapide\u00a0\u00bb en Allemagne, ont averti les autorit\u00e9s, qui s&rsquo;inqui\u00e8tent aussi bien pour les \u00e9levages que pour les oiseaux sauvages. La Conf\u00e9d\u00e9ration dit rester vigilante et s&rsquo;attend \u00e0 des cas \u00e0 travers le pays.<\/p>\n<p>Au cours des deux derni\u00e8res semaines, il y a eu une \u00ab\u00a0augmentation tr\u00e8s rapide des infections\u00a0\u00bb par l&rsquo;influenza aviaire hautement pathog\u00e8ne, a d\u00e9clar\u00e9 vendredi le ministre de l&rsquo;Agriculture Alois Rainer lors d&rsquo;un point sur le sujet.<\/p>\n<p>La priorit\u00e9 absolue est d\u00e9sormais \u00ab\u00a0d&#8217;emp\u00eacher une nouvelle propagation du virus, de prot\u00e9ger les animaux et d&rsquo;\u00e9viter des dommages pour notre agriculture et notre industrie alimentaire\u00a0\u00bb, a-t-il aussi indiqu\u00e9.<\/p>\n<p>Mais l&rsquo;alerte concerne aussi les oiseaux sauvages, avec les grues \u00ab\u00a0particuli\u00e8rement touch\u00e9es pour la premi\u00e8re fois\u00a0\u00bb, souligne l&rsquo;Institut Friedrich-Loeffler, comp\u00e9tent pour la sant\u00e9 animale. En raison des migrations des grues et d&rsquo;autres oiseaux sauvages, \u00ab\u00a0une propagation suppl\u00e9mentaire, \u00e9ventuellement g\u00e9n\u00e9ralis\u00e9e, des infections est \u00e0 pr\u00e9voir dans un avenir proche\u00a0\u00bb, pr\u00e9vient-il.<\/p>\n<p> <img decoding=\"async\" src=\"https:\/\/www.europesays.com\/fr\/wp-content\/uploads\/2025\/10\/h6276p-29039407.image\" alt=\"Un homme tient un oiseau mort retrouv\u00e9 en Allemagne. [AFP - RALF HIRSCHBERGER]\" title=\"Un homme tient un oiseau mort retrouv\u00e9 en Allemagne. [AFP - RALF HIRSCHBERGER]\" loading=\"lazy\"\/>  Un homme tient un oiseau mort retrouv\u00e9 en Allemagne. [AFP &#8211; RALF HIRSCHBERGER] Une situation \u00ab\u00a0in\u00e9dite\u00a0\u00bb<\/p>\n<p>A Linum, pr\u00e8s de Berlin, des volontaires, v\u00eatus en combinaison et masque blancs, ont ramass\u00e9 des dizaines de grues cendr\u00e9es mortes, ensuite transport\u00e9es dans une large tractopelle.<\/p>\n<p>Jeudi soir, environ 1000 grues mortes avaient d\u00e9j\u00e0 \u00e9t\u00e9 ramass\u00e9es, sur un total de 7000 se reposant en ce moment sur ce \u00ab\u00a0grand site de repos sur la route migratoire\u00a0\u00bb, a indiqu\u00e9 Norbert Schneeweiss, directeur du centre local de protection des esp\u00e8ces. Une situation \u00ab\u00a0in\u00e9dite\u00a0\u00bb chez ces oiseaux qui \u00ab\u00a0parcourent des dizaines de milliers de kilom\u00e8tres \u00e0 travers l&rsquo;Europe sans subir de pertes importantes\u00a0\u00bb.<\/p>\n<p>Au moins 240&rsquo;000 animaux abattus<\/p>\n<p>Helge May, porte-parole de l&rsquo;association environnementale Nabu, estime que le total de 240&rsquo;000 animaux abattus avanc\u00e9 par de nombreux m\u00e9dias allemands est \u00ab\u00a0probablement d\u00e9j\u00e0 d\u00e9pass\u00e9\u00a0\u00bb.<\/p>\n<p>Jeudi, dans une exploitation du Bade-Wurtemberg (r\u00e9gion du sud-ouest du pays frontali\u00e8re de la Suisse), 15&rsquo;000 animaux ont d\u00fb \u00eatre abattus, a indiqu\u00e9 la r\u00e9gion. Si le risque pour la population humaine est faible, les autorit\u00e9s recommandent d&rsquo;\u00e9viter tout contact avec des animaux malades ou morts, une transmission du virus \u00e0 l&rsquo;homme restant possible.<\/p>\n<p>Selon un bulletin de la plateforme fran\u00e7aise d&rsquo;\u00e9pid\u00e9miosurveillance en sant\u00e9 animale en date de mardi, des cas d&rsquo;influenza aviaire hautement pathog\u00e8ne (IAHP) ont \u00e9t\u00e9 d\u00e9tect\u00e9s dans 22 pays europ\u00e9ens depuis ao\u00fbt.<\/p>\n<p> &gt;&gt; Ecouter le sujet de CQFD sur les zoonoses, les maladies transmises par les animaux\u00a0:    Zoonoses: les maladies transmises par les animaux \/ CQFD \/ 10 min. \/ le 21 mai 2025 <\/p>\n<p class=\"sources\">boi avec ats<\/p>\n","protected":false},"excerpt":{"rendered":"La grippe aviaire se propage de mani\u00e8re \u00ab\u00a0tr\u00e8s rapide\u00a0\u00bb en Allemagne, ont averti les autorit\u00e9s, qui s&rsquo;inqui\u00e8tent aussi&hellip;\n","protected":false},"author":2,"featured_media":489816,"comment_status":"","ping_status":"","sticky":false,"template":"","format":"standard","meta":{"footnotes":""},"categories":[1587],"tags":[11,672,18732,1867,1804,1805,3983,1803,436,434,1777,674,1801,5698,61251,33201,33202,61204,74,2742,12,43751,1802,71,3067],"class_list":{"0":"post-489815","1":"post","2":"type-post","3":"status-publish","4":"format-standard","5":"has-post-thumbnail","7":"category-allemagne","8":"tag-actualites","9":"tag-allemagne","10":"tag-animal","11":"tag-animaux","12":"tag-bundesrepublik-deutschland","13":"tag-de","14":"tag-deces","15":"tag-deutschland","16":"tag-environnement","17":"tag-epidemie","18":"tag-eu","19":"tag-europe","20":"tag-germany","21":"tag-grippe-aviaire","22":"tag-maladie-animale","23":"tag-maladies-contagieuses","24":"tag-maladies-et-etat-de-sante","25":"tag-masque","26":"tag-monde","27":"tag-nature","28":"tag-news","29":"tag-oiseau","30":"tag-republique-federale-dallemagne","31":"tag-sante","32":"tag-suisse"},"share_on_mastodon":{"url":"https:\/\/pubeurope.com\/@fr\/115436843336318960","error":""},"_links":{"self":[{"href":"https:\/\/www.europesays.com\/fr\/wp-json\/wp\/v2\/posts\/489815","targetHints":{"allow":["GET"]}}],"collection":[{"href":"https:\/\/www.europesays.com\/fr\/wp-json\/wp\/v2\/posts"}],"about":[{"href":"https:\/\/www.europesays.com\/fr\/wp-json\/wp\/v2\/types\/post"}],"author":[{"embeddable":true,"href":"https:\/\/www.europesays.com\/fr\/wp-json\/wp\/v2\/users\/2"}],"replies":[{"embeddable":true,"href":"https:\/\/www.europesays.com\/fr\/wp-json\/wp\/v2\/comments?post=489815"}],"version-history":[{"count":0,"href":"https:\/\/www.europesays.com\/fr\/wp-json\/wp\/v2\/posts\/489815\/revisions"}],"wp:featuredmedia":[{"embeddable":true,"href":"https:\/\/www.europesays.com\/fr\/wp-json\/wp\/v2\/media\/489816"}],"wp:attachment":[{"href":"https:\/\/www.europesays.com\/fr\/wp-json\/wp\/v2\/media?parent=489815"}],"wp:term":[{"taxonomy":"category","embeddable":true,"href":"https:\/\/www.europesays.com\/fr\/wp-json\/wp\/v2\/categories?post=489815"},{"taxonomy":"post_tag","embeddable":true,"href":"https:\/\/www.europesays.com\/fr\/wp-json\/wp\/v2\/tags?post=489815"}],"curies":[{"name":"wp","href":"https:\/\/api.w.org\/{rel}","templated":true}]}}