{"id":489821,"date":"2025-10-25T21:10:17","date_gmt":"2025-10-25T21:10:17","guid":{"rendered":"https:\/\/www.europesays.com\/fr\/489821\/"},"modified":"2025-10-25T21:10:17","modified_gmt":"2025-10-25T21:10:17","slug":"lavertissement-de-larcher-en-cas-de-suspension-a-lassemblee","status":"publish","type":"post","link":"https:\/\/www.europesays.com\/fr\/489821\/","title":{"rendered":"l\u2019avertissement de Larcher en cas de suspension \u00e0 l\u2019Assembl\u00e9e"},"content":{"rendered":"<p>        <img decoding=\"async\" loading=\"lazy\" src=\"https:\/\/www.europesays.com\/fr\/wp-content\/uploads\/2025\/10\/0836902_1718352029706-000-34wb97g.jpg\"  width=\"728\" height=\"410\" alt=\"R\u00e9forme des retraites\u00a0: l\u2019avertissement de Larcher en cas de suspension \u00e0 l\u2019Assembl\u00e9e ( Photo de G\u00e9rard Larcher le 28\u00a0f\u00e9vrier 2024\u00a0au S\u00e9nat)\"\/>  <\/p>\n<p>STEPHANE DE SAKUTIN \/ AFP<\/p>\n<p>R\u00e9forme des retraites\u00a0: l\u2019avertissement de Larcher en cas de suspension \u00e0 l\u2019Assembl\u00e9e ( Photo de G\u00e9rard Larcher le 28\u00a0f\u00e9vrier 2024\u00a0au S\u00e9nat)<\/p>\n<p class=\"asset asset-text\">POLITIQUE &#8211; Le S\u00e9nat, contr\u00f4l\u00e9 par la droite et les centristes, \u00ab\u00a0r\u00e9tablira la r\u00e9forme des retraites\u00a0\u00bb dans le cadre de <a href=\"https:\/\/www.huffingtonpost.fr\/politique\/article\/budget-de-la-secu-la-gauche-reussit-a-remanier-la-copie-du-gouvernement_241791.html\" target=\"_blank\" rel=\"noopener\">l\u2019examen du budget 2026 de la S\u00e9curit\u00e9 sociale<\/a>, si l\u2019Assembl\u00e9e vote sa suspension, a pr\u00e9venu ce samedi 25\u00a0octobre le pr\u00e9sident de la chambre haute du Parlement, G\u00e9rard Larcher.<\/p>\n<p class=\"asset asset-text\">\u00ab\u00a0Le S\u00e9nat r\u00e9tablira <a href=\"https:\/\/www.huffingtonpost.fr\/politique\/article\/budget-2026-ce-discret-coup-de-rabot-sur-les-allocations-familiales-envisage-par-le-gouvernement_256167.html\" target=\"_blank\" rel=\"noopener\">la r\u00e9forme des retraites<\/a>. Nous la votons depuis cinq ans. Je rappelle que son abandon, c\u2019est 30\u00a0milliards de d\u00e9ficit en 2035\u00a0\u00bb, a expliqu\u00e9 le patron LR du S\u00e9nat dans une interview au Parisien o\u00f9 il qualifie le \u00ab\u00a0budget pr\u00e9sent\u00e9\u00a0\u00bb \u00e0 l\u2019Assembl\u00e9e de \u00ab\u00a0pas acceptable\u00a0\u00bb.<\/p>\n<p class=\"asset asset-text\">Les socialistes ont<a href=\"https:\/\/www.huffingtonpost.fr\/politique\/article\/voici-comment-le-gouvernement-lecornu-compte-financer-la-suspension-de-la-reforme-des-retraites_256299.html\" target=\"_blank\" rel=\"noopener\"> obtenu du Premier ministre S\u00e9bastien Lecornu<\/a> &#8211; en \u00e9change d\u2019une non-censure de leur part &#8211; que la suspension de la r\u00e9forme des retraites puisse \u00eatre vot\u00e9e par l\u2019Assembl\u00e9e nationale dans le cadre de l\u2019examen du budget de la S\u00e9curit\u00e9 sociale (PLFSS), qui d\u00e9bute lundi en commission.<\/p>\n<p>    \u00ab\u00a0Pas question d\u2019accepter n\u2019importe quoi\u00a0\u00bb    <\/p>\n<p class=\"asset asset-text\">S\u2019il existe une majorit\u00e9 \u00e0 l\u2019Assembl\u00e9e en faveur de la suspension de la controvers\u00e9e r\u00e9forme d\u2019Elisabeth Borne de 2023, le S\u00e9nat, qui sera ensuite saisi de l\u2019examen du budget, y sera majoritairement oppos\u00e9.<\/p>\n<p class=\"asset asset-text\">\u00ab\u00a0Il est clair que le Premier ministre regarde surtout du c\u00f4t\u00e9 des socialistes\u00a0! Il a abandonn\u00e9 le 49.3 comme un cadeau de No\u00ebl mais les socialistes en demandent et en demanderont toujours plus\u00a0\u00bb, d\u00e9nonce le patron du S\u00e9nat. \u00ab\u00a0Il n\u2019est pas question d\u2019accepter n\u2019importe quoi\u00a0\u00bb, appuie G\u00e9rard Lacher qui demande, comme l\u2019ensemble de la droite, plus de diminution des d\u00e9penses publiques.<\/p>\n<p class=\"asset asset-text\">\u00ab\u00a0Depuis mai, le S\u00e9nat, avec les groupes de la plate-forme commune, les deux rapporteurs g\u00e9n\u00e9raux et les rapporteurs, travaille \u00e0 une proposition de budget avec 32,5\u00a0milliards d\u2019\u00e9conomies\u00a0\u00bb, ajoute-t-il.<\/p>\n<p class=\"asset asset-text\">\u00ab\u00a0La droite s\u00e9natoriale fera ses choix\u00a0\u00bb, a r\u00e9agi sur X le patron du PS Olivier Faure, qui a pr\u00e9venu en retour\u00a0: \u00ab\u00a0dans nos institutions, l\u2019Assembl\u00e9e nationale a le dernier mot\u00a0\u00bb.<\/p>\n<p> La lecture de ce contenu est susceptible d\u2019entra\u00eener un d\u00e9p\u00f4t de cookies de la part de l\u2019op\u00e9rateur tiers qui l\u2019h\u00e9berge. Compte-tenu des choix que vous avez exprim\u00e9s en mati\u00e8re de d\u00e9p\u00f4t de cookies, nous avons bloqu\u00e9 l\u2019affichage de ce contenu. Si vous souhaitez y acc\u00e9der, vous devez accepter la cat\u00e9gorie de cookies \u201cContenus tiers\u201d en cliquant sur le bouton ci-dessous. <\/p>\n<p> Lire la Vid\u00e9o        <\/p>\n<p class=\"asset asset-text\">Les discussions autour du budget de l\u2019\u00c9tat ont d\u00e9but\u00e9 depuis une semaine \u00e0 l\u2019Assembl\u00e9e. Et l\u2019\u00e9quation s\u2019annonce particuli\u00e8rement difficile pour le gouvernement Lecornu, cern\u00e9 de lignes rouges et qui doit r\u00e9pondre aux injonctions contradictoires des groupes politiques mais aussi de la chambre haute et de la chambre basse.<\/p>\n","protected":false},"excerpt":{"rendered":"STEPHANE DE SAKUTIN \/ AFP R\u00e9forme des retraites\u00a0: l\u2019avertissement de Larcher en cas de suspension \u00e0 l\u2019Assembl\u00e9e (&hellip;\n","protected":false},"author":2,"featured_media":489822,"comment_status":"","ping_status":"","sticky":false,"template":"","format":"standard","meta":{"footnotes":""},"categories":[2],"tags":[11,1003,61252,1011,27,32399,12,316,11036,25],"class_list":{"0":"post-489821","1":"post","2":"type-post","3":"status-publish","4":"format-standard","5":"has-post-thumbnail","7":"category-actualites","8":"tag-actualites","9":"tag-budget","10":"tag-budget-securite-sociale","11":"tag-fr","12":"tag-france","13":"tag-gerard-larcher","14":"tag-news","15":"tag-politique","16":"tag-reforme-des-retraites","17":"tag-republique-francaise"},"share_on_mastodon":{"url":"https:\/\/pubeurope.com\/@fr\/115436862387766286","error":""},"_links":{"self":[{"href":"https:\/\/www.europesays.com\/fr\/wp-json\/wp\/v2\/posts\/489821","targetHints":{"allow":["GET"]}}],"collection":[{"href":"https:\/\/www.europesays.com\/fr\/wp-json\/wp\/v2\/posts"}],"about":[{"href":"https:\/\/www.europesays.com\/fr\/wp-json\/wp\/v2\/types\/post"}],"author":[{"embeddable":true,"href":"https:\/\/www.europesays.com\/fr\/wp-json\/wp\/v2\/users\/2"}],"replies":[{"embeddable":true,"href":"https:\/\/www.europesays.com\/fr\/wp-json\/wp\/v2\/comments?post=489821"}],"version-history":[{"count":0,"href":"https:\/\/www.europesays.com\/fr\/wp-json\/wp\/v2\/posts\/489821\/revisions"}],"wp:featuredmedia":[{"embeddable":true,"href":"https:\/\/www.europesays.com\/fr\/wp-json\/wp\/v2\/media\/489822"}],"wp:attachment":[{"href":"https:\/\/www.europesays.com\/fr\/wp-json\/wp\/v2\/media?parent=489821"}],"wp:term":[{"taxonomy":"category","embeddable":true,"href":"https:\/\/www.europesays.com\/fr\/wp-json\/wp\/v2\/categories?post=489821"},{"taxonomy":"post_tag","embeddable":true,"href":"https:\/\/www.europesays.com\/fr\/wp-json\/wp\/v2\/tags?post=489821"}],"curies":[{"name":"wp","href":"https:\/\/api.w.org\/{rel}","templated":true}]}}