{"id":489827,"date":"2025-10-25T21:14:13","date_gmt":"2025-10-25T21:14:13","guid":{"rendered":"https:\/\/www.europesays.com\/fr\/489827\/"},"modified":"2025-10-25T21:14:13","modified_gmt":"2025-10-25T21:14:13","slug":"volley-ball-spikeligue-on-na-pas-mis-toute-la-preparation-a-la-poubelle-mais-presque-les-narbonnais-doivent-sadapter-a-la-blessure-de-leur-pointu","status":"publish","type":"post","link":"https:\/\/www.europesays.com\/fr\/489827\/","title":{"rendered":"Volley-ball \u2013 SpikeLigue\u00a0: \u00ab\u00a0On n\u2019a pas mis toute la pr\u00e9paration \u00e0 la poubelle, mais presque\u00a0\u00bb, les Narbonnais doivent s\u2019adapter \u00e0 la blessure de leur pointu"},"content":{"rendered":"<p>\n                                                                Le r\u00e9ceptionneur-attaquant fran\u00e7ais de 28 ans (1\u00a0m 93), Thibaut Thoral, d\u00e9barqu\u00e9 de Poitiers au printemps, a r\u00e9ussi sa premi\u00e8re, sous les couleurs de Narbonne, \u00e0 l\u2019Arena samedi dernier contre Toulouse (3-1). Il raconte comment lui et ses co\u00e9quipiers ont d\u00fb s\u2019adapter \u00e0 la blessure de leur pointu Michael Czerwin\u0301ski (hanche, de 3 \u00e0 5 semaines d\u2019absence), avant le d\u00e9pacement \u00e0 B\u00e9ziers ce samedi (19\u00a0h\u00a030) pour affronter S\u00e8te.\n                            <\/p>\n<p class=\"txt-question\">Une semaine avant l\u2019entame du championnat, vous avez perdu sur blessure votre pointu\u00a0Michael Czerwin\u0301ski, comment vous \u00eates-vous adapt\u00e9\u00a0?<\/p>\n<p>Ce n\u2019est jamais\u00a0facile, car on s\u2019entra\u00eene neuf semaines d\u2019une fa\u00e7on, et une semaine avant la reprise, on perd un \u00e9l\u00e9ment important de l\u2019\u00e9quipe.\u00a0Donc on a d\u00fb\u00a0s\u2019adapter. On a travaill\u00e9 plusieurs sch\u00e9mas\u2026 \u00c7a change tout, la r\u00e9partition des r\u00f4les\u2026 On n\u2019a pas mis tout le travail de pr\u00e9paration \u00e0 la poubelle mais presque. Ceci dit, du coup, on a fait front tous ensemble, on a fait corps, on a mis beaucoup de coh\u00e9sion.<\/p>\n<p class=\"txt-question\">Vous, personnellement, cette d\u00e9fection, elle vous a forc\u00e9 \u00e0 modifier votre jeu\u00a0?<\/p>\n<p>\u00c7a change pas mal de choses. Parce que les positions changent en r\u00e9ception. On doit encha\u00eener attaque, r\u00e9ception, guider les co\u00e9quipiers dans leurs d\u00e9placements sur le parquet. Offensivement, sans\u00a0Michael Czerwin\u0301ski, on \u00e9tait un peu plus limit\u00e9, donc on savait qu\u2019on devrait mieux r\u00e9ceptionner. \u00c7a demande une plus grande d\u00e9pense d\u2019\u00e9nergie, c\u2019est pour \u00e7a qu\u2019on a baiss\u00e9 de rythme dans le troisi\u00e8me set\u2026 En plus, il y avait l\u2019\u00e9motion du premier match \u00e0 l\u2019Arena qui fatigue encore un peu plus\u2026<\/p>\n<p class=\"txt-question\">Effectivement, apr\u00e8s les deux premiers sets remport\u00e9s par Narbonne, on a constat\u00e9 une baisse de r\u00e9gime\u2026<\/p>\n<p>Avec trois r\u00e9ceptionneurs-attaquants, on pioche encore plus d\u2019\u00e9nergie. Encore une fois, on r\u00e9ceptionne, on attaque tout le temps, et on n\u2019a pas le pointu qui attaque ces ballons compliqu\u00e9s\u2026 Mais on n\u2019a jamais l\u00e2ch\u00e9.<\/p>\n<blockquote>\n<p>Au quotidien, on est un peu tous les deux capitaines avec Forn\u00e9s.<\/p>\n<\/blockquote>\n<p class=\"txt-question\">Un sentiment quant \u00e0 votre performance personnelle\u00a0?<\/p>\n<p>Je suis content. C\u2019\u00e9tait\u00a0un premier match et on ne sait jamais trop \u00e0 quoi s\u2019attendre\u2026 Je suis surtout content dans le contenu collectif. Mais satisfait de ce que j\u2019ai produit aussi. J\u2019ai bien r\u00e9ussi \u00e0 guider les gars sur le parquet et \u00e0 les pousser \u00e0 faire ce qu\u2019il fallait pour remporter la partie.<\/p>\n<p class=\"txt-question\">En l\u2019absence de Miguel Angel Forn\u00e9s, gripp\u00e9, vous\u00a0avez\u00a0\u00e9t\u00e9 d\u00e9sign\u00e9 capitaine. Ce r\u00f4le vous pla\u00eet-il\u00a0?<\/p>\n<p>Oui. Cependant, j\u2019aurais pr\u00e9f\u00e9r\u00e9 qu\u2019il soit l\u00e0.\u00a0Mais bon, s\u2019il est absent, pas de probl\u00e8me, j\u2019assume. Au quotidien, on est un peu tous les deux capitaines. On se partagera ce r\u00f4le-l\u00e0.<\/p>\n<p class=\"txt-question\">Un match contre S\u00e8te, pour Narbonne, ce n\u2019est jamais neutre. C\u2019est votre premier derby. Votre \u00e9tat d\u2019esprit\u00a0?<\/p>\n<p>S\u00e8te, je sais que c\u2019est important pour tout le monde ici.\u00a0J\u2019ai vraiment h\u00e2te de disputer\u00a0ce match. On joue \u00e0 B\u00e9ziers en plus (la salle de S\u00e8te est toujours en travaux, Ndrl). Donc\u00a0presque plus \u00e0 domicile\u00a0qu\u2019eux. S\u00e8te est une tr\u00e8s bonne \u00e9quipe cette saison. Pour nous, le plus important, sera de ne rien l\u00e2cher.<\/p>\n<p class=\"txt-question\">Que retenez-vous de la Narbonne Arena apr\u00e8s cette premi\u00e8re face \u00e0 Toulouse samedi dernier\u00a0?<\/p>\n<p>L\u2019Arena, c\u2019est une tr\u00e8s belle salle, tr\u00e8s agr\u00e9able. C\u2019est une\u00a0salle de spectacle. Il y a\u00a0un vrai show, c\u2019\u00e9tait tr\u00e8s cool. Il\u00a0y avait du monde. En plus, il y a eu la victoire au bout. J\u2019esp\u00e8re que ce succ\u00e8s va susciter chez ce public, l\u2019envie de revenir. C\u2019est important de fid\u00e9liser le public pour que les gens en apprennent encore plus sur le volley.<\/p>\n<p class=\"txt-question\">Ce n\u2019est pas trop compliqu\u00e9 de trouver ses rep\u00e8res dans une si grande salle, avec cette musique\u00a0?<\/p>\n<p>Ce qui est sp\u00e9cial surtout, c\u2019est qu\u2019on s\u2019entra\u00eene le plus souvent au Palais du Travail. Finalement, on ne joue pas vraiment \u00e0 domicile, mais on s\u2019y sent quand m\u00eame chez nous dans cette Arena.\u00a0On peut aussi tout de m\u00eame s\u2019entra\u00eener \u00e0 l\u2019Arena, les veilles de match notamment et pas seulement\u2026 C\u2019est vraiment sympa d\u2019\u00e9voluer dans cette salle.<\/p>\n","protected":false},"excerpt":{"rendered":"Le r\u00e9ceptionneur-attaquant fran\u00e7ais de 28 ans (1\u00a0m 93), Thibaut Thoral, d\u00e9barqu\u00e9 de Poitiers au printemps, a r\u00e9ussi sa&hellip;\n","protected":false},"author":2,"featured_media":489828,"comment_status":"","ping_status":"","sticky":false,"template":"","format":"standard","meta":{"footnotes":""},"categories":[1417],"tags":[1011,27,60,1470,1469],"class_list":{"0":"post-489827","1":"post","2":"type-post","3":"status-publish","4":"format-standard","5":"has-post-thumbnail","7":"category-volley","8":"tag-fr","9":"tag-france","10":"tag-sports","11":"tag-volley","12":"tag-volleyball"},"share_on_mastodon":{"url":"","error":""},"_links":{"self":[{"href":"https:\/\/www.europesays.com\/fr\/wp-json\/wp\/v2\/posts\/489827","targetHints":{"allow":["GET"]}}],"collection":[{"href":"https:\/\/www.europesays.com\/fr\/wp-json\/wp\/v2\/posts"}],"about":[{"href":"https:\/\/www.europesays.com\/fr\/wp-json\/wp\/v2\/types\/post"}],"author":[{"embeddable":true,"href":"https:\/\/www.europesays.com\/fr\/wp-json\/wp\/v2\/users\/2"}],"replies":[{"embeddable":true,"href":"https:\/\/www.europesays.com\/fr\/wp-json\/wp\/v2\/comments?post=489827"}],"version-history":[{"count":0,"href":"https:\/\/www.europesays.com\/fr\/wp-json\/wp\/v2\/posts\/489827\/revisions"}],"wp:featuredmedia":[{"embeddable":true,"href":"https:\/\/www.europesays.com\/fr\/wp-json\/wp\/v2\/media\/489828"}],"wp:attachment":[{"href":"https:\/\/www.europesays.com\/fr\/wp-json\/wp\/v2\/media?parent=489827"}],"wp:term":[{"taxonomy":"category","embeddable":true,"href":"https:\/\/www.europesays.com\/fr\/wp-json\/wp\/v2\/categories?post=489827"},{"taxonomy":"post_tag","embeddable":true,"href":"https:\/\/www.europesays.com\/fr\/wp-json\/wp\/v2\/tags?post=489827"}],"curies":[{"name":"wp","href":"https:\/\/api.w.org\/{rel}","templated":true}]}}