{"id":489829,"date":"2025-10-25T21:15:10","date_gmt":"2025-10-25T21:15:10","guid":{"rendered":"https:\/\/www.europesays.com\/fr\/489829\/"},"modified":"2025-10-25T21:15:10","modified_gmt":"2025-10-25T21:15:10","slug":"clermont-castres-enferme-dans-son-camp-depasse-sur-les-ballons-portes-comment-le-co-sest-fait-rouler-dessus-en-auvergne-ladepeche-fr","status":"publish","type":"post","link":"https:\/\/www.europesays.com\/fr\/489829\/","title":{"rendered":"Clermont \u2013 Castres : enferm\u00e9 dans son camp, d\u00e9pass\u00e9 sur les ballons port\u00e9s\u2026 Comment le CO s\u2019est fait &quot;rouler dessus&quot; en Auvergne &#8211; ladepeche.fr"},"content":{"rendered":"<ol>\n<li><a href=\"https:\/\/news.google.com\/rss\/articles\/CBMi_AFBVV95cUxNRmJwVDNxWkdyLVJ5bGpyd3hQeHhHRVhhNmtTUjA5b19qWWFhblhNZFlLUTZhYnhVcWFOeXUya1YxQ19Ea200eFlwOXVkbFhTUHJmczFNTlJrYXJuM0FCWHQ4dE9YZXU4bUpFQzRLVWJpQlVDNUFVTVg0N1U5RWt0SzlFQ1pLTlVmZXdPNTUyVXRacEx0djVKcXM3VGxHQTFUSThZemgtVFhqeTVxdEhnaUh1ZGtRLUpHNTRDZ2hYRloySUJuSjdfblBfd2x0TGZUcWRrNDdIZjloQzg2NzJ2SDl0WDB6Q094QXY2QkhvTVlTQjFYcFRpbDVtQ18?oc=5\" target=\"_blank\" rel=\"nofollow noopener\">Clermont \u2013 Castres : enferm\u00e9 dans son camp, d\u00e9pass\u00e9 sur les ballons port\u00e9s\u2026 Comment le CO s\u2019est fait \u00ab\u00a0rouler dessus\u00a0\u00bb en Auvergne<\/a>&nbsp;&nbsp;ladepeche.fr<\/li>\n<li><a href=\"https:\/\/news.google.com\/rss\/articles\/CBMijwFBVV95cUxNemFFM3FmYnN4VFBIc243Z01BMmVVUFhBc3VHRVd2RlZ1NFo3RUsyTUdzZXNKQWN5NzRyOUI1eXgyTi0xYUxsb2NaYU5XQkxPelNJS296VDgwSXotU0pyMmpDZmV4SWszQ2VVOHFxTWVqNUg5VGNFcjUybG9MbUpHR2R1a0t1OE80cm0zbGxDQQ?oc=5\" target=\"_blank\" rel=\"nofollow noopener\">Clermont 63-14 Castres, Top 14 2025-2026 : r\u00e9sum\u00e9 du match (25\/10\/2025)<\/a>&nbsp;&nbsp;L&rsquo;\u00c9quipe<\/li>\n<li><a href=\"https:\/\/news.google.com\/rss\/articles\/CBMiuwFBVV95cUxORENEU1pNdkg1b09lLUdpQWRSbWRZWGRiUk15S3JIVW5PbmdVMzBJSW5lbmNCM19mWV9VNl9FTjBmSVRma1d2Mi05alhnNUFXX3hXTU1ZTVNja1ZzcU5ZMHY2aXdNYXJoZ2l3ajZkbFVQY2Rza0RGTXhGdVJwcHJwVzZoZDVJOWhSZy0wNWd6VkVMY0xSX1lfUGZtZmptOXNHRTB2dlVtY0NYN01aZFUzX19FQVl1c25rRmNV?oc=5\" target=\"_blank\" rel=\"nofollow noopener\">L&rsquo;ASM Clermont a fini par d\u00e9rouler face au Castres Olympique (relire le live)<\/a>&nbsp;&nbsp;La Montagne<\/li>\n<li><a href=\"https:\/\/news.google.com\/rss\/articles\/CBMixAFBVV95cUxQOURMZ3loNk9VOV9mWW95WDVmRGpKQ2pWQS1ZM3JpdUNzZnFBaXBfczI1eEIzSEw1Q0pYQzV5OU40YjBiUGFzQzZodS1BT3NxZWZLQXJ5NTVjT1AxeTlSWTdSWWRpQnltRUM2OXRUekRLWklXbXFNMGg5Q0JaUDVKZTJxVVRJN3ZHVk01MnhWUDlaYkdaSEdoUE5jX1ZHMnlveWZnM2ZYQ2tfSUtrOFg3eGxjZ1I0eWtlS2VNTU1HMDRVTHBP0gHDAUFVX3lxTE0wOHMzOVhNWEpLcEJEb1FZY0VYWFNoTGxyVmhwaWhnY3lfQ2JUSmF5SnM3ZzE0blItMGJsOTZuRlE2NUI2MDZjSVR4cFJxTTVubzVLdUFESURFVU05dUw5RkhrT1BJSkFvT1pfbmdZQXhyTXJ5NHNlMDdfekdOVmJpR2cxWERmU1lPc2szU3hBVTNMWFlmdGdzYm45ZnpOa3VlbzMwcmpDeHBWNnVWMm5lLTRlMEFVMnF4eWtqcVZSNnZuaw?oc=5\" target=\"_blank\" rel=\"nofollow noopener\">Clermont : Urios a appr\u00e9ci\u00e9 la r\u00e9ponse de ses joueurs : Sports &#8211; Orange<\/a>&nbsp;&nbsp;Sports &#8211; Orange<\/li>\n<li><a href=\"https:\/\/news.google.com\/rss\/articles\/CBMieEFVX3lxTE5Wckx0UHNhR2dkeXFLSUtlTHdORl9fVGF5Q2EzMS15cGhGTHE0b1B6cjFtYzFyNjVQNGEwMC1XZjluNHpvazFka0RoWEZFT1AwOG43MzlzcC1BMEF5QXd0a0lYRmhrUjIwLWlBMXhHQlp3bldsMGZBaQ?oc=5\" target=\"_blank\" rel=\"nofollow noopener\">MAULSTRUEUX<\/a>&nbsp;&nbsp;asm-rugby.com<\/li>\n<\/ol>\n","protected":false},"excerpt":{"rendered":"Clermont \u2013 Castres : enferm\u00e9 dans son camp, d\u00e9pass\u00e9 sur les ballons port\u00e9s\u2026 Comment le CO s\u2019est fait&hellip;\n","protected":false},"author":2,"featured_media":395849,"comment_status":"","ping_status":"","sticky":false,"template":"","format":"standard","meta":{"footnotes":""},"categories":[1416],"tags":[1011,27,479,1468,60],"class_list":{"0":"post-489829","1":"post","2":"type-post","3":"status-publish","4":"format-standard","5":"has-post-thumbnail","7":"category-rugby","8":"tag-fr","9":"tag-france","10":"tag-rugby","11":"tag-rugby-football","12":"tag-sports"},"share_on_mastodon":{"url":"https:\/\/pubeurope.com\/@fr\/115436881662664007","error":""},"_links":{"self":[{"href":"https:\/\/www.europesays.com\/fr\/wp-json\/wp\/v2\/posts\/489829","targetHints":{"allow":["GET"]}}],"collection":[{"href":"https:\/\/www.europesays.com\/fr\/wp-json\/wp\/v2\/posts"}],"about":[{"href":"https:\/\/www.europesays.com\/fr\/wp-json\/wp\/v2\/types\/post"}],"author":[{"embeddable":true,"href":"https:\/\/www.europesays.com\/fr\/wp-json\/wp\/v2\/users\/2"}],"replies":[{"embeddable":true,"href":"https:\/\/www.europesays.com\/fr\/wp-json\/wp\/v2\/comments?post=489829"}],"version-history":[{"count":0,"href":"https:\/\/www.europesays.com\/fr\/wp-json\/wp\/v2\/posts\/489829\/revisions"}],"wp:featuredmedia":[{"embeddable":true,"href":"https:\/\/www.europesays.com\/fr\/wp-json\/wp\/v2\/media\/395849"}],"wp:attachment":[{"href":"https:\/\/www.europesays.com\/fr\/wp-json\/wp\/v2\/media?parent=489829"}],"wp:term":[{"taxonomy":"category","embeddable":true,"href":"https:\/\/www.europesays.com\/fr\/wp-json\/wp\/v2\/categories?post=489829"},{"taxonomy":"post_tag","embeddable":true,"href":"https:\/\/www.europesays.com\/fr\/wp-json\/wp\/v2\/tags?post=489829"}],"curies":[{"name":"wp","href":"https:\/\/api.w.org\/{rel}","templated":true}]}}