{"id":489838,"date":"2025-10-25T21:23:09","date_gmt":"2025-10-25T21:23:09","guid":{"rendered":"https:\/\/www.europesays.com\/fr\/489838\/"},"modified":"2025-10-25T21:23:09","modified_gmt":"2025-10-25T21:23:09","slug":"video-la-fondation-cartier-demenage-en-plein-coeur-de-paris-dans-un-batiment-epoustouflant","status":"publish","type":"post","link":"https:\/\/www.europesays.com\/fr\/489838\/","title":{"rendered":"VID\u00c9O. La Fondation Cartier d\u00e9m\u00e9nage en plein c\u0153ur de Paris dans un b\u00e2timent \u00e9poustouflant"},"content":{"rendered":"<p>            Par<br \/>\n        <strong><br \/>\n            <a href=\"https:\/\/actu.fr\/auteur\/glenn-gillet\" title=\"Consulter tous les articles de Glenn Gillet\" target=\"_blank\" rel=\"noopener\">Glenn Gillet<\/a><br \/>\n        <\/strong><\/p>\n<p>        Publi\u00e9 le<\/p>\n<p>            25 oct. 2025 \u00e0 18h15        <\/p>\n<p>C\u2019est un b\u00e2timent qui fait battre le c\u0153ur de Paris depuis 170\u00a0ans. Le <strong>Louvre Saint-Honor\u00e9<\/strong>, situ\u00e9 dans le 1er arrondissement, a d\u2019abord \u00e9t\u00e9 l\u2019un des \u00e9crins construit \u00e0 la gloire de la technique, en pleine l\u2019entr\u00e9e dans l\u2019\u00e8re industrielle, pour l\u2019Exposition universelle de 1855. Apr\u00e8s avoir accueilli pendant pr\u00e8s d\u2019un si\u00e8cle l\u2019un des <a href=\"https:\/\/actu.fr\/ile-de-france\/paris_75056\/shein-a-paris-l-exploitant-du-bhv-exclu-de-la-federation-des-grands-magasins-a-l-unanimite_63296197.html\" target=\"_blank\" rel=\"noopener\">grands magasins<\/a> qui fascinaient Honor\u00e9 de Balzac, puis le Louvre des antiquaires pendant une quarantaine d\u2019ann\u00e9es, cet \u00e9crin architectural haussmannien situ\u00e9 entre le <a href=\"https:\/\/actu.fr\/tag\/louvre\" target=\"_blank\" rel=\"noopener\">Louvre<\/a>, le minist\u00e8re de la Culture et le Palais-Royal, accueille d\u00e9sormais la <strong>Fondation Cartier pour l\u2019art contemporain<\/strong>, dans un espace totalement restructur\u00e9 au c\u0153ur de la capitale, apr\u00e8s avoir pass\u00e9 trente ans au 261 boulevard Raspail, dans le 14e arrondissement. Le public a pu y acc\u00e9der pour la <strong>premi\u00e8re fois<\/strong> ce samedi 25\u00a0octobre 2025.<\/p>\n<p>\u00ab\u2009Architecture dynamique\u2009\u00bb et \u00e9tages d\u00e9pla\u00e7ables<\/p>\n<p class=\" wall-content\">En entrant par l\u2019une des tr\u00e8s hautes portes vitr\u00e9es qui donne sur la place du Palais-Royal toujours anim\u00e9e, notamment pas les afflux de touristes, deux choses nous marquent\u2009: la vue totalement d\u00e9gag\u00e9e sur les rues de Rivoli et Saint-Honor\u00e9, \u00e0 la m\u00eame hauteur que le plancher de la fondation, mais surtout l\u2019incroyable modernit\u00e9 des lieux, r\u00e9sultat de <strong>cinq ans de travaux<\/strong> pour transformer un espace vieillissant en un paquebot hypercontemporain d\u2019art et d\u2019affaires (les \u00e9tages 2 \u00e0 5 accueillent des bureaux). L\u2019espace d\u00e9di\u00e9 \u00e0 la Fondation priv\u00e9e de la marque de luxe se d\u00e9compose lui sur trois niveaux faits de larges espaces quasiment d\u00e9pourvus de cloisons, du sous-sol au premier \u00e9tage. Cela repr\u00e9sente 6000\u00b2 au total, presque trois fois plus que l\u2019ancien site.<\/p>\n<blockquote class=\"tiktok-embed\" cite=\"https:\/\/www.tiktok.com\/@actu.paris\/video\/7565191047265996054\" data-video-id=\"7565191047265996054\" data-embed-from=\"oembed\" style=\"max-width:605px; min-width:325px;\"><p>\n<a target=\"_blank\" title=\"@actu.paris\" href=\"https:\/\/www.tiktok.com\/@actu.paris?refer=embed\" rel=\"noopener\">@actu.paris<\/a> <\/p>\n<p>La Fondation Cartier a d\u00e9m\u00e9nag\u00e9 juste en face du Louvre, dans le 1er arrondissement, dans un b\u00e2timent ultra moderne et modulable auquel le public a eu acc\u00e8s pour la premi\u00e8re fois ce samedi 25 octobre <a title=\"cartier\" target=\"_blank\" href=\"https:\/\/www.tiktok.com\/tag\/cartier?refer=embed\" rel=\"noopener\">#cartier<\/a> <a title=\"paris\" target=\"_blank\" href=\"https:\/\/www.tiktok.com\/tag\/paris?refer=embed\" rel=\"noopener\">#paris<\/a> <a title=\"contemporaryart\" target=\"_blank\" href=\"https:\/\/www.tiktok.com\/tag\/contemporaryart?refer=embed\" rel=\"noopener\">#contemporaryart<\/a>  <a title=\"fyp\" target=\"_blank\" href=\"https:\/\/www.tiktok.com\/tag\/fyp?refer=embed\" rel=\"noopener\">#fyp<\/a> <a title=\"louvre\" target=\"_blank\" href=\"https:\/\/www.tiktok.com\/tag\/louvre?refer=embed\" rel=\"noopener\">#louvre<\/a> <\/p>\n<p> <a target=\"_blank\" title=\"\u266c I Think I Like When It Rains - WILLIS\" href=\"https:\/\/www.tiktok.com\/music\/I-Think-I-Like-When-It-Rains-6895811481653266433?refer=embed\" rel=\"noopener\">\u266c I Think I Like When It Rains \u2013 WILLIS<\/a> <\/p>\n<\/blockquote>\n<p class=\" wall-content\">L\u2019une des particularit\u00e9s de ces trois \u00e9tages\u2009: la possibilit\u00e9 de d\u00e9placer les larges plateformes qui servent de sols pour les faire glisser un niveau haut au-dessus ou en dessous. Ce syst\u00e8me d\u2019\u00ab\u2009architecture dynamique\u2009\u00bb a \u00e9t\u00e9 pens\u00e9 comme le reste des trois \u00e9tages par l\u2019architecte fran\u00e7ais star <strong>Jean Nouvel<\/strong>, p\u00e8re de l\u2019ancien site de la fondation ainsi que de nombreuses autres r\u00e9alisations \u00e0 Paris comme le mus\u00e9e du Quai Branly, l\u2019Institut du monde arabe, la Philharmonie ou encore les tours Duo. Gr\u00e2ce \u00e0 ces modules, le lieu pourra changer de visage d\u2019exposition en exposition \u00ab\u2009en jouant sur les potentielles variables de l\u2019espace. \u00c7a va donner envie aux gens de revenir \u00e0 chaque fois\u2009\u00bb, fait valoir Riccardo Coppola, 27\u00a0ans, l\u2019un des m\u00e9diateurs culturels qui accompagnent les visiteurs.<\/p>\n<p class=\" wall-content\">Pour sa pr\u00e9sentation inaugurale, la Fondation a choisi de miser sur ses propres collections pour pr\u00e9senter \u00ab\u2009Exposition g\u00e9n\u00e9rale\u2009\u00bb (jusqu\u2019au 23\u00a0ao\u00fbt 2026), un \u00ab\u2009clin d\u2019\u0153il \u00e0 l\u2019histoire des lieux, du temps des grands magasins o\u00f9 on avait r\u00e9guli\u00e8rement des expositions g\u00e9n\u00e9rales pour de nouveaux produits\u2009\u00bb, explique Riccardo Coppola, tout en pr\u00e9cisant que \u00ab\u2009le but de cette exposition est de c\u00e9l\u00e9brer retracer les 40\u00a0ans de la Fondation Cartier\u2009\u00bb, en pr\u00e9sentant notamment un certain nombre d\u2019\u0153uvres <strong>artistes bien connus<\/strong> comme Agn\u00e8s Varda, David Lynch, Christian Boltanski, Damien Hirst ou encore Matthew Barney, r\u00e9v\u00e9l\u00e9 par la fondation.<\/p>\n<p>\u00ab\u2009Cr\u00e9er un pont entre l\u2019art contemporain et le Louvre\u2009\u00bb<\/p>\n<p class=\" wall-content\">Le choix fait par les curatrices de l\u2019institution Grazia Cuaroni et B\u00e9atrice Grenier a \u00e9t\u00e9 de diviser l\u2019espace en quatre zones principales mettant toutes en valeur la vari\u00e9t\u00e9 des formes d\u2019art, de la peinture au film en passant par la sculpture, les cr\u00e9ations sonores, les installations composites ou encore la photographie\u2009: la premi\u00e8re zone accessible d\u00e8s l\u2019entr\u00e9e porte sur l\u2019architecture et les infrastructures, la deuxi\u00e8me juste derri\u00e8re le concept de nature et l\u2019\u00e9cologie avec des r\u00e9flexions sur le vivant, la troisi\u00e8me sur le \u00ab\u2009monde r\u00e9el\u2009\u00bb avec la pr\u00e9gnance des sciences et des artistes qui questionnent les fronti\u00e8res entre les disciplines et enfin la quatri\u00e8me sur les exp\u00e9rimentations autour des mat\u00e9riaux et des gestes afin d\u2019interroger la notion de technique, d\u2019ailleurs jadis sacralis\u00e9e par la construction du b\u00e2timent Louvre Saint-Honor\u00e9 pour une Exposition universelle en pleine R\u00e9volution industrielle.<\/p>\n<p class=\" wall-content\">\u00ab\u2009C\u2019est vraiment <strong>beaucoup plus grand<\/strong>, avec plus d\u2019espaces pour des \u0153uvres qui en avaient parfois besoin\u2009\u00bb, analyse Herv\u00e9, qui est venu visiter ce nouveau site d\u00e8s le premier jour d\u2019ouverture. Parisien depuis 25\u00a0ans, il n\u2019a loup\u00e9 que tr\u00e8s peu des derni\u00e8res expositions de la Fondation Cartier avant le d\u00e9m\u00e9nagement. Il salue l\u2019initiative d\u2019avoir \u00ab\u2009replac\u00e9 la fondation dans le centre de Paris\u2009\u00bb, ce qui va s\u00fbrement \u00ab\u2009attirer du monde\u2009\u00bb et, il l\u2019esp\u00e8re, \u00ab\u2009cr\u00e9er un pont entre l\u2019art contemporain et le Louvre\u2009\u00bb, situ\u00e9 juste en face.<\/p>\n<p>Votre r\u00e9gion, votre actu !<\/p>\n<p>Recevez chaque jour les infos qui comptent pour vous.<\/p>\n<p>\t<a href=\"https:\/\/actu.fr\/newsletter\" class=\"ac-btn ac-btn--corner ac-btn--medium ac-btn--blue800\" target=\"_blank\" rel=\"noopener\">S&rsquo;incrire<\/a><\/p>\n<p>\u00ab\u2009Exposition g\u00e9n\u00e9rale\u2009\u00bb \u00e0 la Fondation Cartier pour l\u2019art contemporain, 2 place du Palais-Royal \u00e0 Paris. Tarifs\u2009: 15\u00a0euros (plus de 30\u00a0ans) \/ 10\u00a0euros (18-30\u00a0ans, demandeurs d\u2019emploi, \u00e9tudiants en art\u2026) \/ Gratuit\u00e9 pour certains statuts.<\/p>\n<p class=\" wall-content\">Personnalisez votre actualit\u00e9 en ajoutant vos villes et m\u00e9dias en favori avec <a href=\"https:\/\/moncompte.actu.fr\" title=\"D\u00e9couvez Mon Actu\" rel=\"nofollow noopener\" data-trk=\"{&quot;cta&quot;:{&quot;action&quot;:&quot;https:\\\/\\\/moncompte.actu.fr&quot;,&quot;category&quot;:&quot;mon compte&quot;,&quot;from&quot;:&quot;article footer&quot;,&quot;name&quot;:&quot;Mon actu&quot;,&quot;type&quot;:&quot;cta&quot;}}\" target=\"_blank\">Mon Actu<\/a>.<\/p>\n<p>                    <script async src=\"\/\/www.tiktok.com\/embed.js\"><\/script><\/p>\n","protected":false},"excerpt":{"rendered":"Par Glenn Gillet Publi\u00e9 le 25 oct. 2025 \u00e0 18h15 C\u2019est un b\u00e2timent qui fait battre le c\u0153ur&hellip;\n","protected":false},"author":2,"featured_media":489839,"comment_status":"","ping_status":"","sticky":false,"template":"","format":"standard","meta":{"footnotes":""},"categories":[1358],"tags":[1063,1348,1384,1385,1386,58,59,1349,1011,27,1652,11274],"class_list":{"0":"post-489838","1":"post","2":"type-post","3":"status-publish","4":"format-standard","5":"has-post-thumbnail","7":"category-arts-et-design","8":"tag-animations","9":"tag-arts","10":"tag-arts-and-design","11":"tag-arts-et-design","12":"tag-design","13":"tag-divertissement","14":"tag-entertainment","15":"tag-expositions","16":"tag-fr","17":"tag-france","18":"tag-loisirs-culture","19":"tag-louvre"},"share_on_mastodon":{"url":"https:\/\/pubeurope.com\/@fr\/115436912805552976","error":""},"_links":{"self":[{"href":"https:\/\/www.europesays.com\/fr\/wp-json\/wp\/v2\/posts\/489838","targetHints":{"allow":["GET"]}}],"collection":[{"href":"https:\/\/www.europesays.com\/fr\/wp-json\/wp\/v2\/posts"}],"about":[{"href":"https:\/\/www.europesays.com\/fr\/wp-json\/wp\/v2\/types\/post"}],"author":[{"embeddable":true,"href":"https:\/\/www.europesays.com\/fr\/wp-json\/wp\/v2\/users\/2"}],"replies":[{"embeddable":true,"href":"https:\/\/www.europesays.com\/fr\/wp-json\/wp\/v2\/comments?post=489838"}],"version-history":[{"count":0,"href":"https:\/\/www.europesays.com\/fr\/wp-json\/wp\/v2\/posts\/489838\/revisions"}],"wp:featuredmedia":[{"embeddable":true,"href":"https:\/\/www.europesays.com\/fr\/wp-json\/wp\/v2\/media\/489839"}],"wp:attachment":[{"href":"https:\/\/www.europesays.com\/fr\/wp-json\/wp\/v2\/media?parent=489838"}],"wp:term":[{"taxonomy":"category","embeddable":true,"href":"https:\/\/www.europesays.com\/fr\/wp-json\/wp\/v2\/categories?post=489838"},{"taxonomy":"post_tag","embeddable":true,"href":"https:\/\/www.europesays.com\/fr\/wp-json\/wp\/v2\/tags?post=489838"}],"curies":[{"name":"wp","href":"https:\/\/api.w.org\/{rel}","templated":true}]}}