{"id":48984,"date":"2025-04-24T10:56:10","date_gmt":"2025-04-24T10:56:10","guid":{"rendered":"https:\/\/www.europesays.com\/fr\/48984\/"},"modified":"2025-04-24T10:56:10","modified_gmt":"2025-04-24T10:56:10","slug":"grenoble-les-policiers-dejouent-lattaque-dun-fourgon-blinde","status":"publish","type":"post","link":"https:\/\/www.europesays.com\/fr\/48984\/","title":{"rendered":"Grenoble. Les policiers d\u00e9jouent l\u2019attaque d\u2019un fourgon blind\u00e9"},"content":{"rendered":"<p>Des malfaiteurs qui avaient manifestement pour projet d\u2019attaquer des transporteurs de fonds, ce jeudi 24 avril au matin, dans le centre de Grenoble \u2013 <a href=\"https:\/\/www.ledauphine.com\/faits-divers-justice\/2024\/10\/10\/un-fourgon-de-transport-de-fonds-attaque-a-la-kalachnikov-en-plein-centre-ville\" target=\"_blank\" rel=\"noopener\">comme le 10 octobre dernier<\/a> \u2013 ont fait chou blanc gr\u00e2ce \u00e0 la rapide intervention des forces de l\u2019ordre.<\/p>\n<p>Ce contenu est bloqu\u00e9 car vous n&rsquo;avez pas accept\u00e9 les cookies et autres traceurs.<\/p>\n<p>En cliquant sur \u00ab J\u2019accepte \u00bb, les cookies et autres traceurs seront d\u00e9pos\u00e9s et vous pourrez visualiser les contenus  (<a href=\"\" class=\"consentModule_policy\" target=\"_blank\" title=\"Consulter la politique de protection des donn\u00e9es du fournisseur\">plus d&rsquo;informations<\/a>).<\/p>\n<p>En cliquant sur \u00ab J\u2019accepte tous les cookies \u00bb, vous autorisez des d\u00e9p\u00f4ts de cookies et autres traceurs pour le stockage de vos donn\u00e9es sur nos sites et applications \u00e0 des fins de personnalisation et de ciblage publicitaire.<\/p>\n<p class=\"consentModule_secondaryText\">Vous gardez la possibilit\u00e9 de retirer votre consentement \u00e0 tout moment en consultant notre <a href=\"https:\/\/www.ledauphine.com\/protection-des-donnees\" target=\"_blank\" title=\"Consulter notre politique de protection des donn\u00e9es\" rel=\"noopener\">politique de protection des donn\u00e9es<\/a>. <br \/>&#13;<br \/>\n            <a href=\"https:\/\/www.ledauphine.com\/faits-divers-justice\/2025\/04\/24\/javascript:Didomi.notice.show()\" class=\"consentModule_cmp\" target=\"_blank\" rel=\"noopener\">G\u00e9rer mes choix<\/a>&#13;\n        <\/p>\n<p>&#13;<br \/>\n                        J&rsquo;accepte&#13;<br \/>\n            J&rsquo;accepte tous les cookies&#13;\n        <\/p>\n<p>Selon nos informations, ce seraient des passants, intrigu\u00e9s par la pr\u00e9sence de deux v\u00e9hicules gar\u00e9s boulevard \u00c9douard-Rey devant la Banque de France, avec \u00e0 leur bord des hommes encagoul\u00e9s, qui auraient alert\u00e9 les services de police vers 10 heures. Plusieurs \u00e9quipages de la brigade anticriminalit\u00e9 se sont imm\u00e9diatement rendus sur place. \u00c0 leur vue, les malfrats ont aussit\u00f4t d\u00e9marr\u00e9 et pris la fuite, avant m\u00eame que le fourgon blind\u00e9 qu\u2019ils visaient probablement ne sorte de l\u2019enceinte s\u00e9curis\u00e9e.<\/p>\n<p>Ils ont \u00e9t\u00e9 pris en chasse en direction de la Porte de France. Des recherches ont \u00e9t\u00e9 engag\u00e9es et se poursuivent, mobilisant gendarmes et policiers de l\u2019agglom\u00e9ration pour tenter de les retrouver.<\/p>\n","protected":false},"excerpt":{"rendered":"Des malfaiteurs qui avaient manifestement pour projet d\u2019attaquer des transporteurs de fonds, ce jeudi 24 avril au matin,&hellip;\n","protected":false},"author":2,"featured_media":48985,"comment_status":"","ping_status":"","sticky":false,"template":"","format":"standard","meta":{"footnotes":""},"categories":[9566],"tags":[1111,11,2430,271,272,112,1777,674,274,107,1011,27,2731,2732,108,12,25],"class_list":{"0":"post-48984","1":"post","2":"type-post","3":"status-publish","4":"format-standard","5":"has-post-thumbnail","7":"category-grenoble","8":"tag-actu","9":"tag-actualites","10":"tag-auvergne-rhone-alpes","11":"tag-crime","12":"tag-delit-et-contravention","13":"tag-edition-grenoble-agglomeration","14":"tag-eu","15":"tag-europe","16":"tag-faits-divers-justice","17":"tag-fil-info","18":"tag-fr","19":"tag-france","20":"tag-grenoble","21":"tag-grenoble-bassin","22":"tag-isere","23":"tag-news","24":"tag-republique-francaise"},"share_on_mastodon":{"url":"https:\/\/pubeurope.com\/@fr\/114392582362253327","error":""},"_links":{"self":[{"href":"https:\/\/www.europesays.com\/fr\/wp-json\/wp\/v2\/posts\/48984","targetHints":{"allow":["GET"]}}],"collection":[{"href":"https:\/\/www.europesays.com\/fr\/wp-json\/wp\/v2\/posts"}],"about":[{"href":"https:\/\/www.europesays.com\/fr\/wp-json\/wp\/v2\/types\/post"}],"author":[{"embeddable":true,"href":"https:\/\/www.europesays.com\/fr\/wp-json\/wp\/v2\/users\/2"}],"replies":[{"embeddable":true,"href":"https:\/\/www.europesays.com\/fr\/wp-json\/wp\/v2\/comments?post=48984"}],"version-history":[{"count":0,"href":"https:\/\/www.europesays.com\/fr\/wp-json\/wp\/v2\/posts\/48984\/revisions"}],"wp:featuredmedia":[{"embeddable":true,"href":"https:\/\/www.europesays.com\/fr\/wp-json\/wp\/v2\/media\/48985"}],"wp:attachment":[{"href":"https:\/\/www.europesays.com\/fr\/wp-json\/wp\/v2\/media?parent=48984"}],"wp:term":[{"taxonomy":"category","embeddable":true,"href":"https:\/\/www.europesays.com\/fr\/wp-json\/wp\/v2\/categories?post=48984"},{"taxonomy":"post_tag","embeddable":true,"href":"https:\/\/www.europesays.com\/fr\/wp-json\/wp\/v2\/tags?post=48984"}],"curies":[{"name":"wp","href":"https:\/\/api.w.org\/{rel}","templated":true}]}}