{"id":489854,"date":"2025-10-25T21:34:13","date_gmt":"2025-10-25T21:34:13","guid":{"rendered":"https:\/\/www.europesays.com\/fr\/489854\/"},"modified":"2025-10-25T21:34:13","modified_gmt":"2025-10-25T21:34:13","slug":"fin-du-vote-pour-lelection-presidentielle","status":"publish","type":"post","link":"https:\/\/www.europesays.com\/fr\/489854\/","title":{"rendered":"fin du vote pour l&rsquo;\u00e9lection pr\u00e9sidentielle"},"content":{"rendered":"<p>\n    Les bureaux de vote ont ferm\u00e9 samedi soir, apr\u00e8s une journ\u00e9e de vote sans grand engouement, pour un scrutin pr\u00e9sidentiel qui devrait d\u00e9boucher sur une r\u00e9\u00e9lection au premier tour d\u2019Alassane Ouattara, au pouvoir depuis 2011.<\/p>\n<p class=\"fig-paragraph\">Les Ivoiriens ont vot\u00e9 dans le calme samedi pour \u00e9lire leur pr\u00e9sident, dans un scrutin priv\u00e9 des leaders d\u2019opposition et boud\u00e9 par une partie de la population, qui devrait d\u00e9boucher sur la r\u00e9\u00e9lection d\u2019<a href=\"http:\/\/www.lefigaro.fr\/international\/au-pouvoir-depuis-2010-alassane-ouattara-brigue-un-quatrieme-mandat-en-cote-d-ivoire-20250730\" target=\"_blank\" data-fig-type=\"Article\" rel=\"noopener nofollow\" data-gtm-custom-categorie=\"navigation\" data-gtm-custom-action=\"crossclick\" data-gtm-custom-label=\"Contextuel\" data-gtm-event=\"customEventSPE\" data-fig-domain=\"LEFIGARO\">Alassane Ouattara<\/a>, au pouvoir depuis 2011. Pr\u00e8s de 9 millions d\u2019\u00e9lecteurs \u00e9taient appel\u00e9s \u00e0 voter pour d\u00e9partager cinq candidats \u00e0 la magistrature supr\u00eame dans ce pays, premier producteur mondial de cacao et p\u00f4le de stabilit\u00e9 d\u2019une r\u00e9gion secou\u00e9e par les putschs et les violences djihadistes.<\/p>\n<p class=\"fig-paragraph\">Mais le scrutin n\u2019a pas suscit\u00e9 de grand engouement\u00a0: si les \u00e9lecteurs du nord, r\u00e9gion pro-Ouattara se sont globalement mobilis\u00e9s, la participation est rest\u00e9e faible dans de nombreux bureaux du sud et de l\u2019ouest, plus acquis \u00e0 l\u2019opposition. \u00c0 Abidjan, la capitale \u00e9conomique, o\u00f9 les rues \u00e9taient d\u00e9sertes comme un jour f\u00e9ri\u00e9, de nombreux bureaux de vote visit\u00e9s par l\u2019AFP n\u2019ont pas vu plus de 25% de votants.<\/p>\n<p>                                    <a class=\"fig-a11y-skip a11y-hidden\" href=\"#fig-a11y-skip-main-inarticle\"><br \/>\n        Passer la publicit\u00e9<br \/>\n    <\/a><\/p>\n<p class=\"fig-paragraph\">\u00abJe n\u2019ai pas vot\u00e9, mon candidat est exclu. Ouattara est d\u00e9j\u00e0 \u00e9lu\u00bb, d\u00e9plore Olivier, un \u00e9tudiant de 26 ans, dans le quartier populaire de Blockhaus, critiquant \u00abla violence et la restriction de la libert\u00e9 d\u2019expression\u00bb des autorit\u00e9s. \u00abC\u2019est la premi\u00e8re fois que je vote et je suis content de pouvoir exprimer mon choix. C\u2019est l\u2019avenir de la jeunesse qui se joue aussi\u00bb, estime quant \u00e0 lui Ben Kon\u00e9, jeune \u00e9lecteur de Bouak\u00e9 (centre), deuxi\u00e8me ville du pays et porte d\u2019entr\u00e9e du nord ivoirien.<\/p>\n<p class=\"fig-body-link\">\n            \u00c0 lire aussi<br \/>\n        <a class=\"fig-body-link__link fig-premium-mark\" href=\"http:\/\/www.lefigaro.fr\/international\/dans-l-ouest-ivoirien-la-paix-sans-reconciliation-20251024\" target=\"_blank\" data-fig-type=\"Article\" rel=\"noopener nofollow\" data-gtm-custom-categorie=\"navigation\" data-gtm-custom-action=\"crossclick\" data-gtm-custom-label=\"Contextuel\" data-gtm-event=\"customEventSPE\" data-fig-domain=\"LEFIGARO\"><\/p>\n<p>        \u00abJ\u2019ai tout perdu\u00a0: ma maison, mon \u00e9levage, ma dignit\u00e9. Comment pardonner\u00a0?\u00bb\u00a0: dans l\u2019ouest de la C\u00f4te d\u2019Ivoire, la paix sans r\u00e9conciliation<br \/>\n    <\/a>\n<\/p>\n<p>D\u00e9sint\u00e9r\u00eat<\/p>\n<p class=\"fig-paragraph\">L\u00e0-bas, la mobilisation a \u00e9t\u00e9 importante, selon un journaliste de l\u2019AFP qui a constat\u00e9 qu\u2019une heure avant la fermeture des bureaux de vote \u00e0 18 heures (GMT et locales), des centaines de personnes faisaient encore la queue pour accomplir leur devoir citoyen. Certains bureaux dans le pays prolongeaient le vote de quelques heures en raison d\u2019un d\u00e9marrage tardif, le matin. Selon plusieurs analystes, l\u2019absence de candidat d\u2019opposition de premier plan et donc d\u2019enjeu r\u00e9el au scrutin, explique ce d\u00e9sint\u00e9r\u00eat.<\/p>\n<p class=\"fig-paragraph\">Car, les deux principaux rivaux d\u2019Alassane Ouattara, l\u2019ex-pr\u00e9sident Laurent Gbagbo et le banquier international Tidjane Thiam \u00e9taient hors course, samedi. Leur candidature a \u00e9t\u00e9 retoqu\u00e9e par le Conseil constitutionnel, en raison de leur radiation de la liste \u00e9lectorale, le premier pour une condamnation p\u00e9nale, le second pour des probl\u00e8mes de nationalit\u00e9.<\/p>\n<p class=\"fig-paragraph\">En octobre, leurs partis ont tent\u00e9 de mobiliser leur \u00e9lectorat en appelant \u00e0 manifester, Laurent Gbagbo \u00e9voquant mercredi un \u00abcoup d\u2019\u00c9tat civil\u00bb et un \u00abbraquage \u00e9lectoral\u00bb. Mais ces appels ont \u00e9t\u00e9 r\u00e9prim\u00e9s par les autorit\u00e9s qui ont interdit les manifestations pour \u00abprot\u00e9ger le pays du d\u00e9sordre\u00bb et en arr\u00eatant des centaines de personnes ayant voulu braver cette d\u00e9cision. Plusieurs dizaines de personnes ont \u00e9t\u00e9 condamn\u00e9es \u00e0 trois ans de prison ferme pour avoir particip\u00e9 \u00e0 des marches interdites. Un tour de vis critiqu\u00e9 par plusieurs organisations de d\u00e9fense des droits humains.<\/p>\n<p>Des incidents signal\u00e9s<\/p>\n<p class=\"fig-paragraph\">L\u2019\u00e9lection pr\u00e9sidentielle est toujours synonyme de tensions dans l\u2019esprit de nombreux Ivoiriens, apr\u00e8s les graves crises connues lors des scrutins de 2010 (3000 morts) et 2020 (85 morts). Cette ann\u00e9e, quatre personnes sont mortes depuis mi-octobre, dont un gendarme dans une embuscade, pr\u00e8s d\u2019Agboville (sud). Samedi, des incidents ont \u00e9t\u00e9 signal\u00e9s dans une dizaine de localit\u00e9s du sud et de l\u2019ouest, principalement du vol de mat\u00e9riel \u00e9lectoral, notamment \u00e0 Mama le village natal de Laurent Gbagbo, selon des observateurs du Conseil national des droits de l\u2019Homme (CNDH, soci\u00e9t\u00e9 civile).<\/p>\n<p>                                    <a class=\"fig-a11y-skip a11y-hidden\" href=\"#fig-a11y-skip-main-inarticle_mtf\"><br \/>\n        Passer la publicit\u00e9<br \/>\n    <\/a><\/p>\n<p class=\"fig-paragraph\">C\u2019est \u00e0 Lopou, village pr\u00e8s de Dabou (sud) que les plus gros heurts ont eu lieu, avec affrontements entre gendarmes et manifestants et blocages de voies, selon des journalistes de l\u2019AFP. \u00abCe quatri\u00e8me mandat, on n\u2019en veut pas\u00bb, criait une habitante de cette localit\u00e9, reprenant le credo martel\u00e9 par les opposants ces derni\u00e8res semaines. \u00c0 Gbougbo, dans la m\u00eame r\u00e9gion, \u00abil n\u2019y a pas eu de votes\u00bb, ont dit des habitants \u00e0 l\u2019AFP, apr\u00e8s des \u00e9chauffour\u00e9es avec les forces de l\u2019ordre. \u00abL\u2019\u00e9lection suscite toujours des passions (&#8230;). Mais c\u2019est marginal, (&#8230;) tout se passe tr\u00e8s bien\u00bb, a d\u00e9clar\u00e9 Ibrahime Kuibiert Coulibaly, le pr\u00e9sident de la Commission \u00e9lectorale ind\u00e9pendante, \u00e0 la mi-journ\u00e9e. \u00abJe constate avec cette \u00e9lection que la paix est venue\u00bb, avait dit de son c\u00f4t\u00e9 peu avant le pr\u00e9sident Ouattara, qui a vot\u00e9 \u00e0 Abidjan.<\/p>\n<p class=\"fig-paragraph\">Quatre candidats d\u2019opposition \u00e9taient en lice pour affronter le chef de l\u2019\u00c9tat, mais aucun n\u2019avait le soutien d\u2019un parti important, ni ne poss\u00e9dait les moyens colossaux du pouvoir. Ni l\u2019ex-ministre du Commerce Jean-Louis Billon, 60 ans et dissident du Parti d\u00e9mocratique de C\u00f4te d\u2019Ivoire la formation de Tidjane Thiam (PDCI, ancien parti unique) ni l\u2019ancienne Premi\u00e8re dame Simone Ehivet Gbagbo ne semblent \u00eatre en capacit\u00e9 d\u2019emmener M. Ouattara \u00e0 un second tour. Et cette derni\u00e8re a de plus d\u00fb composer avec la candidature d\u2019un candidat au programme similaire au sien, lui aussi issu de la gauche ivoirienne, le souverainiste proche des milieux russes Ahoua Don Mello. Henriette Lagou, opposante \u00abmod\u00e9r\u00e9e\u00bb, qui avait fait moins de 1% en 2015, compl\u00e9tait le casting.<\/p>\n<p class=\"fig-paragraph\">Si de nombreux Ivoiriens, y compris dans l\u2019opposition, saluent le bilan \u00e9conomique des 14 ans de gouvernance Ouattara, beaucoup d\u00e9plorent encore la chert\u00e9 de la vie et une croissance in\u00e9galement r\u00e9partie. Les r\u00e9sultats pourraient \u00eatre annonc\u00e9s d\u00e8s dimanche.<\/p>\n","protected":false},"excerpt":{"rendered":"Les bureaux de vote ont ferm\u00e9 samedi soir, apr\u00e8s une journ\u00e9e de vote sans grand engouement, pour un&hellip;\n","protected":false},"author":2,"featured_media":489855,"comment_status":"","ping_status":"","sticky":false,"template":"","format":"standard","meta":{"footnotes":""},"categories":[5],"tags":[11,1639,1011,27,14,12,3766,28],"class_list":{"0":"post-489854","1":"post","2":"type-post","3":"status-publish","4":"format-standard","5":"has-post-thumbnail","7":"category-international","8":"tag-actualites","9":"tag-cote-divoire","10":"tag-fr","11":"tag-france","12":"tag-international","13":"tag-news","14":"tag-presidentielle","15":"tag-world"},"share_on_mastodon":{"url":"","error":""},"_links":{"self":[{"href":"https:\/\/www.europesays.com\/fr\/wp-json\/wp\/v2\/posts\/489854","targetHints":{"allow":["GET"]}}],"collection":[{"href":"https:\/\/www.europesays.com\/fr\/wp-json\/wp\/v2\/posts"}],"about":[{"href":"https:\/\/www.europesays.com\/fr\/wp-json\/wp\/v2\/types\/post"}],"author":[{"embeddable":true,"href":"https:\/\/www.europesays.com\/fr\/wp-json\/wp\/v2\/users\/2"}],"replies":[{"embeddable":true,"href":"https:\/\/www.europesays.com\/fr\/wp-json\/wp\/v2\/comments?post=489854"}],"version-history":[{"count":0,"href":"https:\/\/www.europesays.com\/fr\/wp-json\/wp\/v2\/posts\/489854\/revisions"}],"wp:featuredmedia":[{"embeddable":true,"href":"https:\/\/www.europesays.com\/fr\/wp-json\/wp\/v2\/media\/489855"}],"wp:attachment":[{"href":"https:\/\/www.europesays.com\/fr\/wp-json\/wp\/v2\/media?parent=489854"}],"wp:term":[{"taxonomy":"category","embeddable":true,"href":"https:\/\/www.europesays.com\/fr\/wp-json\/wp\/v2\/categories?post=489854"},{"taxonomy":"post_tag","embeddable":true,"href":"https:\/\/www.europesays.com\/fr\/wp-json\/wp\/v2\/tags?post=489854"}],"curies":[{"name":"wp","href":"https:\/\/api.w.org\/{rel}","templated":true}]}}