{"id":489856,"date":"2025-10-25T21:35:11","date_gmt":"2025-10-25T21:35:11","guid":{"rendered":"https:\/\/www.europesays.com\/fr\/489856\/"},"modified":"2025-10-25T21:35:11","modified_gmt":"2025-10-25T21:35:11","slug":"un-elu-un-prof-et-un-informaticien-brigitte-macron-face-a-ses-harceleurs","status":"publish","type":"post","link":"https:\/\/www.europesays.com\/fr\/489856\/","title":{"rendered":"Un \u00e9lu, un prof et un informaticien\u2026 Brigitte Macron face \u00e0 ses harceleurs"},"content":{"rendered":"<p>      R\u00e9sum\u00e9<\/p>\n<p>Huit personnes, dont un \u00e9lu et un enseignant, sont jug\u00e9es \u00e0 Paris pour cyberharc\u00e8lement sexiste \u00e0 l&rsquo;encontre de Brigitte Macron, visant ses origines et sa vie priv\u00e9e.<\/p>\n<p>        Sommaire<\/p>\n<p>Ils ont entre 41 et 60 ans, viennent des quatre coins de France, et ont tous un point commun : <strong>ils ont rendez-vous ce lundi au tribunal correctionnel de Paris<\/strong>. En effet, un \u00e9lu, un galeriste, un enseignant, une m\u00e9dium ou encore un informaticien comparaissent ces lundi 27 et mardi 28 devant le tribunal, et sont poursuivies par Brigitte Macron pour \u00ab\u00a0cyberharc\u00e8lement sexiste\u00a0\u00bb.<\/p>\n<p>Ces huit personnes, mises en examen, <strong>sont soup\u00e7onn\u00e9es d&rsquo;avoir aliment\u00e9 un raid num\u00e9rique<\/strong> visant Brigitte Macron, et d&rsquo;avoir encha\u00een\u00e9 les propos malveillants sur son genre et sa sexualit\u00e9. Certains d&rsquo;entre eux n&rsquo;ont eu de cesse de laisser supposer que Brigitte Macron <strong>\u00e9tait n\u00e9e homme<\/strong>. D&rsquo;autres ont apparent\u00e9 sa relation avec Emmanuel Macron \u00e0 de la \u00ab\u00a0p\u00e9dophilie\u00a0\u00bb, selon le parquet de Paris.<\/p>\n<p>Brigitte Macron ne veut plus se laisser faire<\/p>\n<p><strong>La plainte de Brigitte Macron avait \u00e9t\u00e9 d\u00e9pos\u00e9e le 27 ao\u00fbt 2024<\/strong>. Confi\u00e9e \u00e0 la brigade de r\u00e9pression de la d\u00e9linquance contre la personne de Paris, elle a permis d&rsquo;interpeller plusieurs personnes. Parmi elles, on retrouve le publicitaire <strong>Aur\u00e9lien Poirson-Atlan<\/strong>, plus connu <a href=\"https:\/\/vsd.fr\/52721-sebastien-cauet-il-porte-plainte-pour-tentative-dextorsion-de-fonds-en-bande-organisee\/\" target=\"_blank\" rel=\"noopener\">sous le pseudonyme de Zo\u00e9 Sagan<\/a> sur X. Si son compte est d\u00e9sormais suspendu, il en a depuis cr\u00e9\u00e9 de nouveaux, comme Lia Sagan par exemple.<\/p>\n<p>Delphine J. m\u00e9dium, journaliste et lanceuse d&rsquo;alertes sous le pseudonyme d&rsquo;Amandine Roy, est elle aussi cit\u00e9e \u00e0 compara\u00eetre. Elle est connue pour avoir \u00e9t\u00e9 l&rsquo;une des premi\u00e8res \u00e0 alimenter la rumeur selon laquelle <strong>Brigitte Macron et son fr\u00e8re Jean-Michel Trogneux<\/strong> ne feraient qu&rsquo;une seule et m\u00eame personne. Mais pour son conseil, Me Maud Marian, Delphine J. \u00ab\u00a0n&rsquo;a fait que rebondir sur l&rsquo;actualit\u00e9\u00a0\u00bb, sans intention de nuire \u00e0 l&rsquo;image et \u00e0 l&rsquo;int\u00e9grit\u00e9 de Brigitte Macron.<\/p>\n<p>Depuis 2017, Brigitte Macron fait effectivement face \u00e0 <a href=\"https:\/\/www.public.fr\/brigitte-macron-son-identite-modifiee-sur-le-site-des-impots-la-premiere-dame-porte-plainte\" target=\"_blank\" rel=\"noopener\">une vague de fake news transphobes<\/a>, qui abondent m\u00eame outre-Atlantique. Il y a quelques mois, la premi\u00e8re dame a <a href=\"https:\/\/www.public.fr\/candace-owens-apres-les-attaques-envers-brigitte-macron-elle-revient-avec-une-sordide-affaire-dinceste\" target=\"_blank\" rel=\"noopener\">attaqu\u00e9 en justice<\/a> <strong>Candace Owens, une militante d&rsquo;extr\u00eame-droite<\/strong>. Celle-ci a cr\u00e9\u00e9 un podcast baptis\u00e9 Becoming Brigitte, dans lequel elle assure d\u00e9montrer que la septuag\u00e9naire est un homme.<\/p>\n<p>\n          Hits &amp; People en continu\n        <\/p>\n<p>\n          Public Radio\n        <\/p>\n<p>      Mentionn\u00e9s dans cet article<\/p>\n<p>      Sur le m\u00eame sujet<\/p>\n","protected":false},"excerpt":{"rendered":"R\u00e9sum\u00e9 Huit personnes, dont un \u00e9lu et un enseignant, sont jug\u00e9es \u00e0 Paris pour cyberharc\u00e8lement sexiste \u00e0 l&rsquo;encontre&hellip;\n","protected":false},"author":2,"featured_media":489857,"comment_status":"","ping_status":"","sticky":false,"template":"","format":"standard","meta":{"footnotes":""},"categories":[4],"tags":[11,986,1073,1011,27,3668,8717,303,12,2634,2694,25,10657],"class_list":{"0":"post-489856","1":"post","2":"type-post","3":"status-publish","4":"format-standard","5":"has-post-thumbnail","7":"category-france","8":"tag-actualites","9":"tag-brigitte-macron","10":"tag-emmanuel-macron","11":"tag-fr","12":"tag-france","13":"tag-harcelement","14":"tag-homophobie","15":"tag-justice","16":"tag-news","17":"tag-plainte","18":"tag-proces","19":"tag-republique-francaise","20":"tag-transgenre"},"share_on_mastodon":{"url":"https:\/\/pubeurope.com\/@fr\/115436960141947030","error":""},"_links":{"self":[{"href":"https:\/\/www.europesays.com\/fr\/wp-json\/wp\/v2\/posts\/489856","targetHints":{"allow":["GET"]}}],"collection":[{"href":"https:\/\/www.europesays.com\/fr\/wp-json\/wp\/v2\/posts"}],"about":[{"href":"https:\/\/www.europesays.com\/fr\/wp-json\/wp\/v2\/types\/post"}],"author":[{"embeddable":true,"href":"https:\/\/www.europesays.com\/fr\/wp-json\/wp\/v2\/users\/2"}],"replies":[{"embeddable":true,"href":"https:\/\/www.europesays.com\/fr\/wp-json\/wp\/v2\/comments?post=489856"}],"version-history":[{"count":0,"href":"https:\/\/www.europesays.com\/fr\/wp-json\/wp\/v2\/posts\/489856\/revisions"}],"wp:featuredmedia":[{"embeddable":true,"href":"https:\/\/www.europesays.com\/fr\/wp-json\/wp\/v2\/media\/489857"}],"wp:attachment":[{"href":"https:\/\/www.europesays.com\/fr\/wp-json\/wp\/v2\/media?parent=489856"}],"wp:term":[{"taxonomy":"category","embeddable":true,"href":"https:\/\/www.europesays.com\/fr\/wp-json\/wp\/v2\/categories?post=489856"},{"taxonomy":"post_tag","embeddable":true,"href":"https:\/\/www.europesays.com\/fr\/wp-json\/wp\/v2\/tags?post=489856"}],"curies":[{"name":"wp","href":"https:\/\/api.w.org\/{rel}","templated":true}]}}