{"id":489860,"date":"2025-10-25T21:37:37","date_gmt":"2025-10-25T21:37:37","guid":{"rendered":"https:\/\/www.europesays.com\/fr\/489860\/"},"modified":"2025-10-25T21:37:37","modified_gmt":"2025-10-25T21:37:37","slug":"pourquoi-le-fourgon-amenage-seduit-de-plus-en-plus-de-clients","status":"publish","type":"post","link":"https:\/\/www.europesays.com\/fr\/489860\/","title":{"rendered":"pourquoi le fourgon am\u00e9nag\u00e9 s\u00e9duit de plus en plus de clients"},"content":{"rendered":"<p>L\u2019engouement des Fran\u00e7ais pour le tourisme itin\u00e9rant ne se d\u00e9ment pas et les chiffres r\u00e9cents t\u00e9moignent de la bonne sant\u00e9 du secteur.<\/p>\n<p>Selon les derni\u00e8res donn\u00e9es de l\u2019UNI VDL (Union nationale des v\u00e9hicules de loisirs), plus de 25\u00a0600 immatriculations neuves (camping-cars, fourgons et vans) ont \u00e9t\u00e9 enregistr\u00e9es en 2024, marquant une progression notable de +8\u00a0% par rapport \u00e0 2023.<\/p>\n<p>Les vans et fourgons restent la locomotive du march\u00e9, repr\u00e9sentant pr\u00e8s de 56\u00a0% des ventes neuves, avec environ 14\u00a0500 unit\u00e9s \u00e9coul\u00e9es en 2024. L\u2019occasion est toujours pl\u00e9biscit\u00e9e, enregistrant environ 66\u00a0000 transactions sur l\u2019ann\u00e9e.<\/p>\n<p>Le salon de Saint-Etienne propose une large s\u00e9lection de v\u00e9hicules et les visiteurs ne se privent pas, depuis jeudi, de comparer les mod\u00e8les, des vans compacts aux camping-cars spacieux et luxueux \u00e9quip\u00e9s des derni\u00e8res technologies.<\/p>\n<p>Ces derniers attiraient forc\u00e9ment la client\u00e8le, mais plus par curiosit\u00e9 que pour un achat. Le prix, qui d\u00e9passe souvent\u00a0les 100\u00a0000\u00a0\u20ac, et la longueur des v\u00e9hicules sont souvent un frein. En ce premier jour de salon, les all\u00e9es \u00e9taient surtout remplies par de \u00ab\u00a0jeunes\u00a0\u00bb retrait\u00e9s.<\/p>\n<p>  \u00ab\u00a0S\u2019\u00e9vader quand on le souhaite, mais avec du confort\u00a0\u00bb<\/p>\n<p>Bernard, 63 ans, et Martine, 64 ans, sont venus de Roanne et cherchent un utilitaire am\u00e9nag\u00e9. \u00ab\u00a0Il y a trois ans, j\u2019ai am\u00e9nag\u00e9 un trafic tout seul, explique Bernard. On \u00e9tait d\u00e9j\u00e0 des adeptes du camping en toile de tente, mais avec l\u2019\u00e2ge, un peu plus de confort ne fait pas de mal.\u00a0\u00bb<\/p>\n<p>Aujourd\u2019hui, ils sont \u00e0 la recherche \u00ab\u00a0d\u2019un fourgon am\u00e9nag\u00e9 par un professionnel. Le confort sera plus optimal. On ne veut pas d\u2019un camping-car, c\u2019est trop encombrant, m\u00eame pour le remiser, ce n\u2019est pas simple et, sur les petites routes, sa conduite n\u2019est pas toujours \u00e9vidente. Avec un fourgon, on ne payera pas plus cher sur les autoroutes et on continuera \u00e0 pouvoir s\u2019\u00e9vader d\u00e8s que le beau temps sera l\u00e0\u00a0\u00bb.<\/p>\n<p>Plus loin, c\u2019est un groupe de quatre amis, eux aussi retrait\u00e9s, qui se baladent entre les v\u00e9hicules. Les camping-cars, \u00e7a les conna\u00eet, et ils n\u2019h\u00e9sitent pas \u00e0 conseiller les n\u00e9ophytes qui semblent int\u00e9ress\u00e9s par un v\u00e9hicule. \u00ab\u00a0Vous avez bien regard\u00e9, la charge utile n\u2019est que de 300\u00a0kg. Une fois votre bouteille de gaz et votre eau install\u00e9es, il ne va plus rester grand-chose avant d\u2019\u00eatre en surcharge. Et si vous \u00eates contr\u00f4l\u00e9s, l\u2019amende est sal\u00e9e\u00a0!\u00a0\u00bb Et on parle encore motorisation, mais aussi \u00e9l\u00e9ments de cuisine, confort du lit et m\u00eame vignette Crit\u2019air.<\/p>\n<p>Denis, directeur commercial chez Vans Loisirs 42, confirme\u00a0: \u00ab\u00a0Nos clients cherchent en m\u00eame temps l\u2019\u00e9vasion et le confort. Le fourgon am\u00e9nag\u00e9 a la cote. Il passe partout, il est plus maniable. Les camping-cars int\u00e9ressent vraiment ceux qui ont besoin de plus d\u2019autonomie. C\u2019est vrai qu\u2019apr\u00e8s le Covid, les gens ont eu besoin d\u2019\u00e9vasion sans trop de contraintes. Mais notre client\u00e8le reste celle de seniors actifs, une fois les enfants partis et la maison finie de payer.\u00a0\u00bb<\/p>\n<p class=\"note\">Salon du camping-car, dimanche 26\u00a0octobre de 10 \u00e0 18\u00a0heures. Tarif d\u2019entr\u00e9e\u00a0: 5\u00a0\u20ac (gratuit pour les moins de 16 ans)<\/p>\n","protected":false},"excerpt":{"rendered":"L\u2019engouement des Fran\u00e7ais pour le tourisme itin\u00e9rant ne se d\u00e9ment pas et les chiffres r\u00e9cents t\u00e9moignent de la&hellip;\n","protected":false},"author":2,"featured_media":489861,"comment_status":"","ping_status":"","sticky":false,"template":"","format":"standard","meta":{"footnotes":""},"categories":[9653],"tags":[1111,11,2430,1687,33,7539,1777,674,107,1685,1011,27,3367,12,25,4001,7538,273,602],"class_list":{"0":"post-489860","1":"post","2":"type-post","3":"status-publish","4":"format-standard","5":"has-post-thumbnail","7":"category-saint-etienne","8":"tag-actu","9":"tag-actualites","10":"tag-auvergne-rhone-alpes","11":"tag-culture-loisirs","12":"tag-economie","13":"tag-edition-loire-sud","14":"tag-eu","15":"tag-europe","16":"tag-fil-info","17":"tag-foire-et-salon","18":"tag-fr","19":"tag-france","20":"tag-loire","21":"tag-news","22":"tag-republique-francaise","23":"tag-saint-etienne","24":"tag-saint-etienne-ville","25":"tag-selection-de-la-redaction","26":"tag-tourisme"},"share_on_mastodon":{"url":"https:\/\/pubeurope.com\/@fr\/115436967909151363","error":""},"_links":{"self":[{"href":"https:\/\/www.europesays.com\/fr\/wp-json\/wp\/v2\/posts\/489860","targetHints":{"allow":["GET"]}}],"collection":[{"href":"https:\/\/www.europesays.com\/fr\/wp-json\/wp\/v2\/posts"}],"about":[{"href":"https:\/\/www.europesays.com\/fr\/wp-json\/wp\/v2\/types\/post"}],"author":[{"embeddable":true,"href":"https:\/\/www.europesays.com\/fr\/wp-json\/wp\/v2\/users\/2"}],"replies":[{"embeddable":true,"href":"https:\/\/www.europesays.com\/fr\/wp-json\/wp\/v2\/comments?post=489860"}],"version-history":[{"count":0,"href":"https:\/\/www.europesays.com\/fr\/wp-json\/wp\/v2\/posts\/489860\/revisions"}],"wp:featuredmedia":[{"embeddable":true,"href":"https:\/\/www.europesays.com\/fr\/wp-json\/wp\/v2\/media\/489861"}],"wp:attachment":[{"href":"https:\/\/www.europesays.com\/fr\/wp-json\/wp\/v2\/media?parent=489860"}],"wp:term":[{"taxonomy":"category","embeddable":true,"href":"https:\/\/www.europesays.com\/fr\/wp-json\/wp\/v2\/categories?post=489860"},{"taxonomy":"post_tag","embeddable":true,"href":"https:\/\/www.europesays.com\/fr\/wp-json\/wp\/v2\/tags?post=489860"}],"curies":[{"name":"wp","href":"https:\/\/api.w.org\/{rel}","templated":true}]}}