{"id":489866,"date":"2025-10-25T21:42:10","date_gmt":"2025-10-25T21:42:10","guid":{"rendered":"https:\/\/www.europesays.com\/fr\/489866\/"},"modified":"2025-10-25T21:42:10","modified_gmt":"2025-10-25T21:42:10","slug":"la-victime-demande-la-suspension-du-directeur-general-et-du-drh","status":"publish","type":"post","link":"https:\/\/www.europesays.com\/fr\/489866\/","title":{"rendered":"la victime demande la suspension du directeur g\u00e9n\u00e9ral et du DRH"},"content":{"rendered":"<p>            Par<br \/>\n        <strong><br \/>\n            <a href=\"https:\/\/actu.fr\/auteur\/pierre-emile-bouchy-actu-fr\" title=\"Consulter tous les articles de Paul-Emile Bouchy\" target=\"_blank\" rel=\"noopener\">Paul-Emile Bouchy<\/a><br \/>\n        <\/strong><\/p>\n<p>        Publi\u00e9 le<\/p>\n<p>            24 oct. 2025 \u00e0 17h33<br \/>\n        ; mis \u00e0 jour le 24 oct. 2025 \u00e0 19h02    <\/p>\n<p>Mercredi 15\u00a0octobre, <a href=\"https:\/\/actu.fr\/grand-est\/nancy_54395\/nancy-une-salariee-tente-de-se-suicider-en-sautant-par-la-fenetre-fo-denonce-un-management-toxique_63306956.html\" target=\"_blank\" rel=\"noopener\">une salari\u00e9e d\u2019une quarantaine d\u2019ann\u00e9es a saut\u00e9 depuis une fen\u00eatre<\/a> situ\u00e9e au 1\u1d49\u02b3 \u00e9tage <strong>du si\u00e8ge de l\u2019Office m\u00e9tropolitain de l\u2019habitat du Grand Nancy (OMh Grand Nancy)<\/strong>, rue Saint-L\u00e9on, pr\u00e8s de la <a href=\"https:\/\/actu.fr\/tag\/gare-de-nancy\" target=\"_blank\" rel=\"noopener\">gare de Nancy<\/a>. Cet acte est arriv\u00e9 apr\u00e8s la r\u00e9ception d\u2019<strong>un mail reprochant son management par le directeur g\u00e9n\u00e9ral de l\u2019office<\/strong>.<\/p>\n<p class=\" wall-content\">Apr\u00e8s avoir rencontr\u00e9 les repr\u00e9sentants du personnel, <a href=\"https:\/\/actu.fr\/tag\/mathieu-klein\" target=\"_blank\" rel=\"noopener\">Mathieu Klein<\/a>, en tant que pr\u00e9sident de l\u2019OMh Grand Nancy, a annonc\u00e9 que <strong>deux enqu\u00eates conduites par des audits externes allaient \u00eatre men\u00e9es<\/strong>.<\/p>\n<p>\u00ab\u2009\u00c7a a \u00e9t\u00e9 une injustice de plus que je n\u2019ai pas su g\u00e9rer\u2009\u00bb, affirme la victime<\/p>\n<p class=\" wall-content\">Contact\u00e9e au t\u00e9l\u00e9phone par\u00a0Lorraine Actu, la victime qui est toujours hospitalis\u00e9e se veut rassurante\u2009: \u00ab\u2009Psychologiquement, \u00e7a va. J\u2019ai re\u00e7u beaucoup de messages de soutien. <strong>Physiquement, le puzzle est en train de se remettre en place<\/strong>. J\u2019ai d\u00e9j\u00e0 eu deux op\u00e9rations et il m\u2019en reste une pour le bassin. Si celle-ci se passe bien, je pourrai entamer la r\u00e9\u00e9ducation.\u2009\u00bb<\/p>\n<p class=\" wall-content\">Elle affirme n\u2019avoir<strong> \u00ab\u2009jamais eu envie de mourir\u2009\u00bb<\/strong>\u2009: \u00ab\u2009Ce mail, \u00e7a a \u00e9t\u00e9 une injustice de plus que je n\u2019ai pas su g\u00e9rer. Le directeur g\u00e9n\u00e9ral me reproche d\u2019avoir mis quelqu\u2019un de c\u00f4t\u00e9 lors d\u2019un repas de direction alors que <strong>c\u2019\u00e9tait un repas, en dehors du temps de travail, pour le d\u00e9part en retraite d\u2019un coll\u00e8gue et que je n\u2019ai pas organis\u00e9. <\/strong>Je n\u2019ai jamais voulu \u00e9carter quelqu\u2019un.\u00a0Ses accusations sont totalement infond\u00e9es.\u2009\u00bb<\/p>\n<p>Sauv\u00e9e gr\u00e2ce au geste d\u2019une coll\u00e8gue<\/p>\n<p class=\" wall-content\">Imm\u00e9diatement, elle s\u2019est rendue dans le bureau du directeur des ressources humaines (DRH) qui \u00e9tait en copie du mail\u2009: \u00ab\u2009Il n\u2019\u00e9tait pas l\u00e0 donc j\u2019ai \u00e9t\u00e9 dans le bureau d\u2019une de ses collaboratrices. Elle a su me dire les mots pour me calmer. Et l\u00e0 mon DRH est arriv\u00e9 et au lieu de m\u2019expliquer calmement, il m\u2019a dit\u2009:\u2009\u00a0\u00bbPrends tes affaires et rentre chez toi\u00a0\u00bb. Je suis remont\u00e9 dans mon bureau pour prendre mes affaires et pas pour sauter. <strong>Il m\u2019a suivi avec deux autres personnes et je me suis sentie accul\u00e9e et la fen\u00eatre m\u2019a sembl\u00e9 \u00eatre la seule sortie.<\/strong>\u2009\u00bb<\/p>\n<blockquote class=\"ac-article-quote wall-content\">\n<p>Quand j&rsquo;ai gliss\u00e9 du rebord de la fen\u00eatre, j&rsquo;ai une coll\u00e8gue qui \u00e9tait l\u00e0 et qui m&rsquo;a rattrap\u00e9e. C&rsquo;est elle qui a frein\u00e9 ma chute. Si je suis encore en vie aujourd&rsquo;hui, c&rsquo;est parce qu&rsquo;elle a essay\u00e9 de me donner la main. <\/p>\n<p>    <strong>La salari\u00e9e de l&rsquo;OMh du Grand Nancy<\/strong>\n            <\/p><\/blockquote>\n<p>\u00ab\u2009Ils doivent \u00eatre suspendus le temps de l\u2019enqu\u00eate sinon rien ne changera\u2009\u00bb<\/p>\n<p class=\" wall-content\">Selon elle, de nombreux salari\u00e9s et des cadres subissent <strong>beaucoup de pression et une sorte de harc\u00e8lement<\/strong>, notamment \u00e0 cause de la feuille de route pour redresser les finances de l\u2019office et qui a men\u00e9 \u00e0 une r\u00e9duction du nombre de salari\u00e9s.<\/p>\n<p>Votre r\u00e9gion, votre actu !<\/p>\n<p>Recevez chaque jour les infos qui comptent pour vous.<\/p>\n<p>\t<a href=\"https:\/\/actu.fr\/newsletter\" class=\"ac-btn ac-btn--corner ac-btn--medium ac-btn--blue800\" target=\"_blank\" rel=\"noopener\">S&rsquo;incrire<\/a><\/p>\n<p class=\" wall-content\">Interrog\u00e9e sur les enqu\u00eates qui vont \u00eatre men\u00e9es, elle reconna\u00eet que <strong>c\u2019est positif mais craint que cela ne soit pas suffisant si le directeur g\u00e9n\u00e9ral et le directeur des ressources humaines ne sont pas suspendus<\/strong> pendant celles-ci\u2009: \u00ab\u2009La parole ne se lib\u00e9rera pas tant qu\u2019ils r\u00f4deront au sein de l\u2019office et que les salari\u00e9s ne se sentiront pas libres de parler.\u2009\u00bb<\/p>\n<p>Un mail \u00ab\u2009ni vexatoire ni diffamatoire\u2009\u00bb, affirme le directeur g\u00e9n\u00e9ral<\/p>\n<p class=\" wall-content\">Rencontr\u00e9 jeudi soir, Mathieu Klein, en pr\u00e9sence de J\u00e9r\u00f4me Dal Borgo, le directeur g\u00e9n\u00e9ral de l\u2019OMh Grand Nancy, a d\u00e9taill\u00e9 les mesures mises en place \u00e0 la suite de cette d\u00e9fenestration\u2009: \u00ab\u2009Une cellule psychologique et une permanence t\u00e9l\u00e9phone ont \u00e9t\u00e9 mises en place et sont toujours actives. Ensuite, <strong>deux enqu\u00eates, chacune externalis\u00e9e,<\/strong> vont \u00eatre conduites\u2009: <strong>la premi\u00e8re sur l\u2019arbre des causes<\/strong> pour identifier les causes de ce drame pour que cela ne se reproduise pas, <strong>la deuxi\u00e8me sur les risques psychosociaux<\/strong> pour analyser les conditions et les risques au travail.\u2009\u00bb<\/p>\n<blockquote class=\"ac-article-quote wall-content\">\n<p>Je ne veux pas me lancer dans une analyse des causes au doigt mouill\u00e9. Si j&rsquo;ai souhait\u00e9 mettre en place ces dispositifs, c&rsquo;est justement pour pouvoir objectiver au mieux parce que nous devons ce qui se rapprochera au plus de la v\u00e9rit\u00e9 \u00e0 tous les salari\u00e9s de l&rsquo;Omh.<\/p>\n<p>    <strong>Mathieu Klein<\/strong><br \/>\n        Pr\u00e9sident de l&rsquo;Office m\u00e9tropolitain de l&rsquo;habitat du Grand Nancy    <\/p><\/blockquote>\n<p class=\" wall-content\">Le directeur g\u00e9n\u00e9ral reconna\u00eet avoir envoy\u00e9 ce mail \u00e0 la salari\u00e9e\u2009: \u00ab\u2009<strong>Il n\u2019\u00e9tait ni vexatoire, ni diffamatoire.<\/strong> Il avait simplement vocation \u00e0 alerter. [\u2026] Il n\u2019avait aucun caract\u00e8re de harc\u00e8lement, c\u2019\u00e9tait de la pr\u00e9vention et de l\u2019inqui\u00e9tude. Apr\u00e8s, <strong>par rapport au message que j\u2019ai voulu faire passer et la perception par la collaboratrice et l\u2019acte derri\u00e8re, bien entendu que je n\u2019imaginais pas cette onde de choc et je ne l\u2019ai jamais souhait\u00e9.<\/strong>\u2009\u00bb<\/p>\n<p class=\" wall-content\">Personnalisez votre actualit\u00e9 en ajoutant vos villes et m\u00e9dias en favori avec <a href=\"https:\/\/moncompte.actu.fr\" title=\"D\u00e9couvez Mon Actu\" rel=\"nofollow noopener\" data-trk=\"{&quot;cta&quot;:{&quot;action&quot;:&quot;https:\\\/\\\/moncompte.actu.fr&quot;,&quot;category&quot;:&quot;mon compte&quot;,&quot;from&quot;:&quot;article footer&quot;,&quot;name&quot;:&quot;Mon actu&quot;,&quot;type&quot;:&quot;cta&quot;}}\" target=\"_blank\">Mon Actu<\/a>.<\/p>\n","protected":false},"excerpt":{"rendered":"Par Paul-Emile Bouchy Publi\u00e9 le 24 oct. 2025 \u00e0 17h33 ; mis \u00e0 jour le 24 oct. 2025&hellip;\n","protected":false},"author":2,"featured_media":467874,"comment_status":"","ping_status":"","sticky":false,"template":"","format":"standard","meta":{"footnotes":""},"categories":[9635],"tags":[1111,11,1777,674,118,1011,27,775,10375,1702,12,25],"class_list":{"0":"post-489866","1":"post","2":"type-post","3":"status-publish","4":"format-standard","5":"has-post-thumbnail","7":"category-nancy","8":"tag-actu","9":"tag-actualites","10":"tag-eu","11":"tag-europe","12":"tag-faits-divers","13":"tag-fr","14":"tag-france","15":"tag-grand-est","16":"tag-grand-nancy","17":"tag-nancy","18":"tag-news","19":"tag-republique-francaise"},"share_on_mastodon":{"url":"https:\/\/pubeurope.com\/@fr\/115436987642241812","error":""},"_links":{"self":[{"href":"https:\/\/www.europesays.com\/fr\/wp-json\/wp\/v2\/posts\/489866","targetHints":{"allow":["GET"]}}],"collection":[{"href":"https:\/\/www.europesays.com\/fr\/wp-json\/wp\/v2\/posts"}],"about":[{"href":"https:\/\/www.europesays.com\/fr\/wp-json\/wp\/v2\/types\/post"}],"author":[{"embeddable":true,"href":"https:\/\/www.europesays.com\/fr\/wp-json\/wp\/v2\/users\/2"}],"replies":[{"embeddable":true,"href":"https:\/\/www.europesays.com\/fr\/wp-json\/wp\/v2\/comments?post=489866"}],"version-history":[{"count":0,"href":"https:\/\/www.europesays.com\/fr\/wp-json\/wp\/v2\/posts\/489866\/revisions"}],"wp:featuredmedia":[{"embeddable":true,"href":"https:\/\/www.europesays.com\/fr\/wp-json\/wp\/v2\/media\/467874"}],"wp:attachment":[{"href":"https:\/\/www.europesays.com\/fr\/wp-json\/wp\/v2\/media?parent=489866"}],"wp:term":[{"taxonomy":"category","embeddable":true,"href":"https:\/\/www.europesays.com\/fr\/wp-json\/wp\/v2\/categories?post=489866"},{"taxonomy":"post_tag","embeddable":true,"href":"https:\/\/www.europesays.com\/fr\/wp-json\/wp\/v2\/tags?post=489866"}],"curies":[{"name":"wp","href":"https:\/\/api.w.org\/{rel}","templated":true}]}}