{"id":489867,"date":"2025-10-25T21:43:10","date_gmt":"2025-10-25T21:43:10","guid":{"rendered":"https:\/\/www.europesays.com\/fr\/489867\/"},"modified":"2025-10-25T21:43:10","modified_gmt":"2025-10-25T21:43:10","slug":"futsal-laval-en-gestion-totale-a-toulon-sport","status":"publish","type":"post","link":"https:\/\/www.europesays.com\/fr\/489867\/","title":{"rendered":"Futsal.\u00a0Laval en gestion totale \u00e0 Toulon . Sport"},"content":{"rendered":"<p>Laval, qui restait sur six succ\u00e8s d\u2019affil\u00e9e avec plus de cinq buts d\u2019\u00e9cart de moyenne contre Toulon, a fait un tout petit moins bien hier en s\u2019imposant 5-1 dans le Var. Mais cela suffit bien au bonheur des hommes de Manolo Moya, \u00e0 quatre jours de leur entr\u00e9e au tour principal de la Ligue des champions contre Palma. \u00ab<strong>\u00a0Ce sera un gros test d\u2019entr\u00e9e, et cette victoire nous met en confiance\u00a0\u00bb,<\/strong> assure Ouassini Guirio.<\/p>\n<p>L\u2019ailier international a inscrit le quatri\u00e8me but hier, celui qui a enterr\u00e9 les derniers espoirs toulonnais. Comment\u00a0? En r\u00e9cup\u00e9rant un ballon perdu par Pasquier apr\u00e8s avoir press\u00e9 tr\u00e8s haut sur le power-play adverse (1-4, 37e). <strong>\u00ab\u00a0C\u2019est travaill\u00e9, on laisse un trois contre deux dans la zone haute, avec un joueur qui flotte entre les lignes au cas o\u00f9. J\u2019ai anticip\u00e9 et \u00e7a m\u2019a souri\u00a0\u00bb,<\/strong> raconte-t-il.<\/p>\n<p>Il reconna\u00eet aussi que son \u00e9quipe, priv\u00e9e de Mouhoudine mais qui d\u00e9roule un futsal d\u2019\u00e9cole, a longtemps gal\u00e9r\u00e9. <strong>\u00ab\u00a0C\u2019est notre probl\u00e8me cette saison, on ne trouve pas de solution face \u00e0 un bloc bas. Puis on a su mettre plus de rythme et on a \u00e9t\u00e9 plus lucide devant la cage\u00a0\u00bb,<\/strong> explique Guirio.<\/p>\n<p>Laval a ouvert le score sur une magnifique combinaison en touche, avec El Mesrar \u00e0 la conclusion (0-1, 12e). Toulon, qui a \u00e9galis\u00e9 sur penalty apr\u00e8s une faute d\u2019Anas Bakkali sur Gustavo, a fini par craquer. Megrous a d\u2019abord nettoy\u00e9 la lucarne apr\u00e8s une perte de balle de Ramada (1-2, 28e). Puis Mohammed a sanctionn\u00e9 la sup\u00e9riorit\u00e9 num\u00e9rique cons\u00e9cutive \u00e0 l\u2019expulsion d\u2019Ordo\u00f1ez pour un tacle trop appuy\u00e9 sur Lutin (1-3, 34e). Il ne restait plus qu\u2019aux co\u00e9quipiers de Bilal Bakkali, dernier buteur du jour sur jet franc, de g\u00e9rer les derni\u00e8res minutes. Ce qu\u2019ils ont fait sans trembler.<\/p>\n<p><strong>TOULON \u2013 LAVAL\u00a0: 1-5 <\/strong>(1-1)<\/p>\n<p>550\u00a0spectateurs environ.<\/p>\n<p>Arbitres\u00a0: MM. David, Deidda.<\/p>\n<p><strong>Buts\u00a0:<\/strong> Toulon\u00a0: Pupa (19\u201948\u2019\u2019sp). Laval\u00a0: El Mesrar (11\u201940\u2019\u2019), Megrous (27\u201917\u2019\u2019), Mohammed (33\u201939\u2019\u2019), Guirio (36\u201925\u2019\u2019), B. Bakkali (38\u201904\u2019\u2019).<\/p>\n<p><strong>Avertissement\u00a0:<\/strong> Toulon\u00a0: Snoussi (39\u2019).<\/p>\n<p><strong>Expulsion\u00a0:<\/strong> Toulon\u00a0: Ordo\u00f1ez (33\u2019).<\/p>\n<p><strong>Toulon\u00a0:<\/strong> Quiles (14\u00a0arr\u00eats) \u2013 Ordo\u00f1ez, Pupa (cap), Villaverde, Caio Adrio, puis Gustavo, Pasquier, Ramada, Boutaleb, Skora, Snoussi. Entr.\u00a0: Sergue\u00ef Padalinski.<\/p>\n<p><strong>Laval\u00a0:<\/strong> Marquet (cap, 10\u00a0arr\u00eats) \u2013 B. Bakkali, El Mesrar, Lutin, Mohammed, puis Guirio, A. Bakkali, Morice, T. Kolski, Megrous. Entr\u00a0: Manolo Moya.<\/p>\n<p>\u00a0<\/p>\n","protected":false},"excerpt":{"rendered":"Laval, qui restait sur six succ\u00e8s d\u2019affil\u00e9e avec plus de cinq buts d\u2019\u00e9cart de moyenne contre Toulon, a&hellip;\n","protected":false},"author":2,"featured_media":489868,"comment_status":"","ping_status":"","sticky":false,"template":"","format":"standard","meta":{"footnotes":""},"categories":[9619],"tags":[1111,11,3809,1465,1777,674,63,1011,27,1792,1922,12,882,25,479,517,2310,1470],"class_list":{"0":"post-489867","1":"post","2":"type-post","3":"status-publish","4":"format-standard","5":"has-post-thumbnail","7":"category-toulon","8":"tag-actu","9":"tag-actualites","10":"tag-ball","11":"tag-basket","12":"tag-eu","13":"tag-europe","14":"tag-football","15":"tag-fr","16":"tag-france","17":"tag-handball","18":"tag-info","19":"tag-news","20":"tag-provence-alpes-cote-dazur","21":"tag-republique-francaise","22":"tag-rugby","23":"tag-sport","24":"tag-toulon","25":"tag-volley"},"share_on_mastodon":{"url":"https:\/\/pubeurope.com\/@fr\/115436991627827328","error":""},"_links":{"self":[{"href":"https:\/\/www.europesays.com\/fr\/wp-json\/wp\/v2\/posts\/489867","targetHints":{"allow":["GET"]}}],"collection":[{"href":"https:\/\/www.europesays.com\/fr\/wp-json\/wp\/v2\/posts"}],"about":[{"href":"https:\/\/www.europesays.com\/fr\/wp-json\/wp\/v2\/types\/post"}],"author":[{"embeddable":true,"href":"https:\/\/www.europesays.com\/fr\/wp-json\/wp\/v2\/users\/2"}],"replies":[{"embeddable":true,"href":"https:\/\/www.europesays.com\/fr\/wp-json\/wp\/v2\/comments?post=489867"}],"version-history":[{"count":0,"href":"https:\/\/www.europesays.com\/fr\/wp-json\/wp\/v2\/posts\/489867\/revisions"}],"wp:featuredmedia":[{"embeddable":true,"href":"https:\/\/www.europesays.com\/fr\/wp-json\/wp\/v2\/media\/489868"}],"wp:attachment":[{"href":"https:\/\/www.europesays.com\/fr\/wp-json\/wp\/v2\/media?parent=489867"}],"wp:term":[{"taxonomy":"category","embeddable":true,"href":"https:\/\/www.europesays.com\/fr\/wp-json\/wp\/v2\/categories?post=489867"},{"taxonomy":"post_tag","embeddable":true,"href":"https:\/\/www.europesays.com\/fr\/wp-json\/wp\/v2\/tags?post=489867"}],"curies":[{"name":"wp","href":"https:\/\/api.w.org\/{rel}","templated":true}]}}