{"id":489875,"date":"2025-10-25T21:49:10","date_gmt":"2025-10-25T21:49:10","guid":{"rendered":"https:\/\/www.europesays.com\/fr\/489875\/"},"modified":"2025-10-25T21:49:10","modified_gmt":"2025-10-25T21:49:10","slug":"coupe-de-france-apres-lexploit-contre-rouen-lus-alencon-eliminee-par-oissel","status":"publish","type":"post","link":"https:\/\/www.europesays.com\/fr\/489875\/","title":{"rendered":"Coupe de France. Apr\u00e8s l\u2019exploit contre Rouen, l\u2019US Alen\u00e7on \u00e9limin\u00e9e par Oissel"},"content":{"rendered":"<p>            Par<br \/>\n        <strong><br \/>\n            <a href=\"https:\/\/actu.fr\/auteur\/romaric-larue\" title=\"Consulter tous les articles de Romaric Larue\" target=\"_blank\" rel=\"noopener\">Romaric Larue<\/a><br \/>\n        <\/strong><\/p>\n<p>        Publi\u00e9 le<\/p>\n<p>            25 oct. 2025 \u00e0 22h34        <\/p>\n<p>Le parcours s\u2019arr\u00eate ici. Deux semaines <a href=\"https:\/\/actu.fr\/normandie\/alencon_61001\/coupe-de-france-lus-alencon-realise-lexploit-et-elimine-le-fc-rouen-leader-de-national_63288163.html\" target=\"_blank\" rel=\"noopener\">apr\u00e8s l\u2019exploit contre le FC Rouen<\/a>, <b>l\u2019US Alen\u00e7on <\/b>a \u00e9t\u00e9 <b>\u00e9limin\u00e9e<\/b> de la <b>Coupe de France<\/b>, samedi 25\u00a0octobre, par <b>Oissel <\/b>(1-0). Les Verts ne verront donc pas le septi\u00e8me tour, synonyme d\u2019entr\u00e9e en lice des clubs de Ligue\u00a02.<\/p>\n<p>Une premi\u00e8re p\u00e9riode rat\u00e9e<\/p>\n<p class=\" wall-content\">Le duel, opposant deux formations de National\u00a03, a pench\u00e9 en faveur des locaux. Les Seinomarins ont ouvert la marque \u00e0 la demi-heure de jeu par l\u2019interm\u00e9diaire de Lassine Fofana (1-0, 33\u2032).<\/p>\n<p class=\" wall-content\">\u00c0 \u00e9couter son entra\u00eeneur, l\u2019USA a<b> loup\u00e9 <\/b>sa <b>premi\u00e8re p\u00e9riode<\/b>. \u00ab\u2009En coupe, on a disput\u00e9 quatre matchs et huit mi-temps. On en a oubli\u00e9 une, la premi\u00e8re aujourd\u2019hui\u2009\u00bb, tan\u00e7ait Vincent Laigneau, apr\u00e8s le coup de sifflet final. \u00ab\u2009On n\u2019a pas eu l\u2019attitude d\u2019un match de Coupe de France, pas en mouvement, trop de pertes de balle. On n\u2019y \u00e9tait pas et on s\u2019est fait punir.\u2009\u00bb<\/p>\n<p>\u00ab\u2009On a tendu la joue\u2009\u00bb<\/p>\n<p class=\" wall-content\">Le coach des Verts note le meilleur \u00ab\u2009visage\u2009\u00bb de ses troupes dans le second acte. Les Ornais ont eu plusieurs cartouches pour revenir au score, touchant m\u00eame le montant sur une t\u00eate d\u2019Amaury Tessier (60\u2032). En vain. \u00ab\u2009Oissel m\u00e9rite sa victoire. Ils ont marqu\u00e9 et tenu le match\u2009\u00bb, reconna\u00eet Vincent Laigneau, d\u00e9\u00e7u de cette \u00e9limination. \u00ab\u2009\u00c7a m\u2019emb\u00eate s\u00e9rieusement de voir mon \u00e9quipe sombrer apr\u00e8s avoir montr\u00e9 des attitudes positives durant notre parcours. On n\u2019a pas fait le m\u00eame match que contre Vire et Rouen. On a tendu la joue et on s\u2019est pris une claque. C\u2019est malheureux de sortir au sixi\u00e8me tour.\u2009\u00bb<\/p>\n<p class=\" wall-content\">D\u00e9j\u00e0 il y a trois ans, l\u2019US Alen\u00e7on avait fait sensation <a href=\"https:\/\/actu.fr\/normandie\/alencon_61001\/football-coupe-de-france-lus-alencon-cree-lexploit-contre-le-havre-et-poursuit-sa-route_54866657.html\" target=\"_blank\" rel=\"noopener\">en sortant un cador<\/a>, Le\u00a0Havre (Ligue\u00a02), <a href=\"https:\/\/actu.fr\/normandie\/alencon_61001\/football-coupe-de-france-les-alenconnais-elimines_55327532.html\" target=\"_blank\" rel=\"noopener\">sans faire prolonger le plaisir au tour suivant<\/a>. Hakim El Hamdaoui et les siens se concentreront d\u00e9sormais sur le championnat, duquel ils occupent actuellement la 9e place.<\/p>\n<p>La fiche technique<\/p>\n<p>CMS Oissel &#8211; US Alen\u00e7on : 1-0 (1-0)<br \/>&#13;<br \/>\nArbitre : Jonathan Lenoble.But : Fofana (33&prime;) pour Oissel.<br \/>&#13;<br \/>\nOissel : Yabusele, Coulibaly (Gobron 60&prime;), Fauvel, Gomis, Obambi, Littr\u00e9, Savan\u00e9, Tyburn, Fofana (Niakat\u00e9 67&prime;), Nakoubi (Ehouman 67&prime;), Landr\u00e9. Entra\u00eeneur : Dramane Dillain.<br \/>&#13;<br \/>\nAlen\u00e7on : Duval, Salibur, Lepage (Douglas 80&prime;), Laigneau, Dias Ferreira, Ndalla (Beaulavon 75&prime;), Toufiqui, Traor\u00e9, H. El Hamdaoui, Tessier, Dhoifirou (Camillo 60&prime;). Entra\u00eeneur : Vincent Laigneau.<\/p>\n<p>Vid\u00e9os : en ce moment sur Actu<\/p>\n<p>Prochain match\u2009: US Alen\u00e7on \u2013 Milizac, samedi 1er\u00a0novembre \u00e0 18\u2009h, stade Jacques-Fould.<\/p>\n<p class=\" wall-content\">Personnalisez votre actualit\u00e9 en ajoutant vos villes et m\u00e9dias en favori avec <a href=\"https:\/\/moncompte.actu.fr\" title=\"D\u00e9couvez Mon Actu\" rel=\"nofollow noopener\" data-trk=\"{&quot;cta&quot;:{&quot;action&quot;:&quot;https:\\\/\\\/moncompte.actu.fr&quot;,&quot;category&quot;:&quot;mon compte&quot;,&quot;from&quot;:&quot;article footer&quot;,&quot;name&quot;:&quot;Mon actu&quot;,&quot;type&quot;:&quot;cta&quot;}}\" target=\"_blank\">Mon Actu<\/a>.<\/p>\n","protected":false},"excerpt":{"rendered":"Par Romaric Larue Publi\u00e9 le 25 oct. 2025 \u00e0 22h34 Le parcours s\u2019arr\u00eate ici. Deux semaines apr\u00e8s l\u2019exploit&hellip;\n","protected":false},"author":2,"featured_media":489876,"comment_status":"","ping_status":"","sticky":false,"template":"","format":"standard","meta":{"footnotes":""},"categories":[9587],"tags":[1111,11,83,1777,674,63,1011,27,12,5161,25,9590,60,57269],"class_list":{"0":"post-489875","1":"post","2":"type-post","3":"status-publish","4":"format-standard","5":"has-post-thumbnail","7":"category-rouen","8":"tag-actu","9":"tag-actualites","10":"tag-coupe-de-france","11":"tag-eu","12":"tag-europe","13":"tag-football","14":"tag-fr","15":"tag-france","16":"tag-news","17":"tag-normandie","18":"tag-republique-francaise","19":"tag-rouen","20":"tag-sports","21":"tag-us-alencon"},"share_on_mastodon":{"url":"https:\/\/pubeurope.com\/@fr\/115437015071963319","error":""},"_links":{"self":[{"href":"https:\/\/www.europesays.com\/fr\/wp-json\/wp\/v2\/posts\/489875","targetHints":{"allow":["GET"]}}],"collection":[{"href":"https:\/\/www.europesays.com\/fr\/wp-json\/wp\/v2\/posts"}],"about":[{"href":"https:\/\/www.europesays.com\/fr\/wp-json\/wp\/v2\/types\/post"}],"author":[{"embeddable":true,"href":"https:\/\/www.europesays.com\/fr\/wp-json\/wp\/v2\/users\/2"}],"replies":[{"embeddable":true,"href":"https:\/\/www.europesays.com\/fr\/wp-json\/wp\/v2\/comments?post=489875"}],"version-history":[{"count":0,"href":"https:\/\/www.europesays.com\/fr\/wp-json\/wp\/v2\/posts\/489875\/revisions"}],"wp:featuredmedia":[{"embeddable":true,"href":"https:\/\/www.europesays.com\/fr\/wp-json\/wp\/v2\/media\/489876"}],"wp:attachment":[{"href":"https:\/\/www.europesays.com\/fr\/wp-json\/wp\/v2\/media?parent=489875"}],"wp:term":[{"taxonomy":"category","embeddable":true,"href":"https:\/\/www.europesays.com\/fr\/wp-json\/wp\/v2\/categories?post=489875"},{"taxonomy":"post_tag","embeddable":true,"href":"https:\/\/www.europesays.com\/fr\/wp-json\/wp\/v2\/tags?post=489875"}],"curies":[{"name":"wp","href":"https:\/\/api.w.org\/{rel}","templated":true}]}}