{"id":489877,"date":"2025-10-25T21:51:14","date_gmt":"2025-10-25T21:51:14","guid":{"rendered":"https:\/\/www.europesays.com\/fr\/489877\/"},"modified":"2025-10-25T21:51:14","modified_gmt":"2025-10-25T21:51:14","slug":"auto-dans-des-conditions-tres-difficiles-la-legende-jean-marie-cuoq-gagne-un-nouveau-rallye-de-la-noix-de-grenoble","status":"publish","type":"post","link":"https:\/\/www.europesays.com\/fr\/489877\/","title":{"rendered":"Auto. Dans des conditions tr\u00e8s difficiles, la l\u00e9gende Jean-Marie Cuoq gagne un nouveau rallye de la Noix de Grenoble"},"content":{"rendered":"<p>L\u2019\u00e9dition 2025 du rallye national de la Noix de Grenoble devait \u00eatre arros\u00e9e. A Chatte, avec une arriv\u00e9e en plein c\u0153ur du village du sud-Gr\u00e9sivaudan (Is\u00e8re) et un mini feu d\u2019artifice tir\u00e9 \u00e0 l\u2019entr\u00e9e de la commune is\u00e9roise, pour f\u00eater l\u2019arriv\u00e9e de chaque \u00e9quipage finisseur de ce 20e anniversaire.<\/p>\n<p>Elle l\u2019aura \u00e9t\u00e9, aussi, sur les routes du pays saint-marcellinois et des Chambarans, assaillies de mani\u00e8re sporadique par les averses de pluie tout cette journ\u00e9e de samedi\u00a0; et ainsi rendues glissantes, a fortiori avec les traces de terre laiss\u00e9es par les engins agricoles du secteur\u2026 ou le passage ce samedi des autos du rallye.<\/p>\n<p>  Cuoq, oui, mais pas compl\u00e8tement imp\u00e9rial<\/p>\n<p>Pour autant, la logique sportive aura \u00e9t\u00e9 respect\u00e9e avec la victoire finale de Jean-Marie Cuoq et Eric Vallon. Le pilote ard\u00e9chois (57 ans) de Bor\u00e9e (nord de l\u2019Ard\u00e8che) et son co-pilote is\u00e9rois ont repouss\u00e9 \u00e0 plus d\u2019une minute toute la concurrence au terme des neuf \u00e9preuves sp\u00e9ciales du rallye (69,4 km).<\/p>\n<p>Pour Cuoq, pilote de l\u00e9gende qui traverse les d\u00e9cennies sur les routes du sport automobile, il s\u2019agit de la cinqui\u00e8me victoire au Rallye de la Noix de Grenoble (apr\u00e8s (2010, 2011, 2011 et 2023).<\/p>\n<p>Ceci dit, l\u2019Ard\u00e9chois et sa Citro\u00ebn C4 WRC n\u2019ont pas r\u00e9alis\u00e9 le Grand chelem. La premi\u00e8re ES (Murinais-Chevri\u00e8res-Roybon, 11 km) avait \u00e9t\u00e9 remport\u00e9e tr\u00e8s t\u00f4t samedi matin par Fabrice Bect, Arnaud Michal (Alpine A110), finale 3e du classement final\u00a0; la 8e ES (Roybon-Bourgonni\u00e8re, 8,3 km), en d\u00e9but de soir\u00e9e, a \u00e9t\u00e9 l\u2019apanage d\u2019Alexandre B\u00e9rard, Lo\u00efc Milesi (Skoda Fabia Evo), finalement 2e du g\u00e9n\u00e9ral.<\/p>\n<p>  Dans la famille Caillat, voici le fils<\/p>\n<p>Et la toute derni\u00e8re \u00e9preuve sp\u00e9ciale du jour (Montagne,Saint-Bonnet-Chatte, 16,7 km), dans la nuit is\u00e9roise et dans des conditions de pilotage vraiment compliqu\u00e9es, est tomb\u00e9e dans l\u2019escarcelle de Jordan Caillat (copilot\u00e9 par Lenny De Castro, sur Ford Fiesta), fils du fondateur de l\u2019\u00e9preuve (Richard Caillat) et 6e du g\u00e9n\u00e9ral final. Quelle perf\u2019, \u00e0 seulement 23 ans\u00a0!<\/p>\n<p>Cette \u00e9dition anniversaire a r\u00e9uni 170 \u00e9quipages (record de la 1re \u00e9dition \u00e9gal\u00e9). Mais seulement 113 ont pu finir l\u2019\u00e9preuve.<\/p>\n","protected":false},"excerpt":{"rendered":"L\u2019\u00e9dition 2025 du rallye national de la Noix de Grenoble devait \u00eatre arros\u00e9e. A Chatte, avec une arriv\u00e9e&hellip;\n","protected":false},"author":2,"featured_media":489878,"comment_status":"","ping_status":"","sticky":false,"template":"","format":"standard","meta":{"footnotes":""},"categories":[9566],"tags":[1111,11,1976,2430,61255,17657,3827,114,1777,674,1701,1011,27,2731,108,12,25,7387,7388,517],"class_list":{"0":"post-489877","1":"post","2":"type-post","3":"status-publish","4":"format-standard","5":"has-post-thumbnail","7":"category-grenoble","8":"tag-actu","9":"tag-actualites","10":"tag-auto-moto","11":"tag-auvergne-rhone-alpes","12":"tag-boree","13":"tag-chatte","14":"tag-edition-annonay-nord-ardeche","15":"tag-edition-voiron-saint-marcellin","16":"tag-eu","17":"tag-europe","18":"tag-fil-info-sport","19":"tag-fr","20":"tag-france","21":"tag-grenoble","22":"tag-isere","23":"tag-news","24":"tag-republique-francaise","25":"tag-saint-marcellin","26":"tag-saint-marcellin-bassin","27":"tag-sport"},"share_on_mastodon":{"url":"https:\/\/pubeurope.com\/@fr\/115437023325757821","error":""},"_links":{"self":[{"href":"https:\/\/www.europesays.com\/fr\/wp-json\/wp\/v2\/posts\/489877","targetHints":{"allow":["GET"]}}],"collection":[{"href":"https:\/\/www.europesays.com\/fr\/wp-json\/wp\/v2\/posts"}],"about":[{"href":"https:\/\/www.europesays.com\/fr\/wp-json\/wp\/v2\/types\/post"}],"author":[{"embeddable":true,"href":"https:\/\/www.europesays.com\/fr\/wp-json\/wp\/v2\/users\/2"}],"replies":[{"embeddable":true,"href":"https:\/\/www.europesays.com\/fr\/wp-json\/wp\/v2\/comments?post=489877"}],"version-history":[{"count":0,"href":"https:\/\/www.europesays.com\/fr\/wp-json\/wp\/v2\/posts\/489877\/revisions"}],"wp:featuredmedia":[{"embeddable":true,"href":"https:\/\/www.europesays.com\/fr\/wp-json\/wp\/v2\/media\/489878"}],"wp:attachment":[{"href":"https:\/\/www.europesays.com\/fr\/wp-json\/wp\/v2\/media?parent=489877"}],"wp:term":[{"taxonomy":"category","embeddable":true,"href":"https:\/\/www.europesays.com\/fr\/wp-json\/wp\/v2\/categories?post=489877"},{"taxonomy":"post_tag","embeddable":true,"href":"https:\/\/www.europesays.com\/fr\/wp-json\/wp\/v2\/tags?post=489877"}],"curies":[{"name":"wp","href":"https:\/\/api.w.org\/{rel}","templated":true}]}}