{"id":489880,"date":"2025-10-25T21:53:29","date_gmt":"2025-10-25T21:53:29","guid":{"rendered":"https:\/\/www.europesays.com\/fr\/489880\/"},"modified":"2025-10-25T21:53:29","modified_gmt":"2025-10-25T21:53:29","slug":"a-rennes-a-la-veille-du-marathon-vert-la-course-se-conjugue-au-feminin-sport","status":"publish","type":"post","link":"https:\/\/www.europesays.com\/fr\/489880\/","title":{"rendered":"\u00c0\u00a0Rennes, \u00e0 la veille du Marathon Vert, la course se conjugue au f\u00e9minin . Sport"},"content":{"rendered":"<p><strong>\u00ab\u00a0Elles sont importantes, ces courses entre femmes\u00a0! M\u00eame si on n\u2019a pas les m\u00eames attributs que les hommes, on peut montrer notre capacit\u00e9 \u00e0 se d\u00e9passer en \u00e9tant toutes solidaires\u00a0\u00bb<\/strong>, explique Solenn, participante de La F\u00e9minine Yves Rocher, une des courses <a href=\"https:\/\/rennes.maville.com\/sport\/detail_-running.-pourquoi-le-marathon-vert-attire-t-il-autant-les-athletes-elites-_7-7036417_actu.Htm\" target=\"_blank\" rel=\"noopener\">du Marathon Vert de Rennes (Ille-et-Vilaine<\/a>).<\/p>\n<p><strong>Lire aussi : <\/strong> <a href=\"https:\/\/rennes.maville.com\/sport\/detail_-affluence-record-pour-le-marathon-vert-plus-de-18-000-coureurs-attendus-ce-week-end-a-rennes-_7-7033813_actu.Htm\" target=\"_blank\" rel=\"noopener\">Affluence record pour le Marathon vert : plus de 18 000 coureurs attendus ce week-end \u00e0 Rennes<\/a><\/p>\n<p>\t<img decoding=\"async\" src=\"https:\/\/www.europesays.com\/fr\/wp-content\/uploads\/2025\/10\/P35544632D7037056G_px_640_.jpg\" alt=\"photo ce samedi 25\u00a0octobre 2025, apr\u00e8s s\u2019\u00eatre inscrites sur la base d\u2019une blague, solenn et anne ont couru la f\u00e9minine yves rocher, une course de 5\u00a0km organis\u00e9e par le marathon vert, \u00e0 rennes (ille-et-vilaine).  \u00a9  ouest-france\" width=\"640\" title=\" Ce samedi 25\u00a0octobre 2025, apr\u00e8s s\u2019\u00eatre inscrites sur la base d\u2019une blague, Solenn et Anne ont couru La F\u00e9minine Yves Rocher, une course de 5\u00a0km organis\u00e9e par le Marathon Vert, \u00e0 Rennes (Ille-et-Vilaine).   Ouest-France \"\/><\/p>\n<p class=\"elmt-legende\"> Ce samedi 25\u00a0octobre 2025, apr\u00e8s s\u2019\u00eatre inscrites sur la base d\u2019une blague, Solenn et Anne ont couru La F\u00e9minine Yves Rocher, une course de 5\u00a0km organis\u00e9e par le Marathon Vert, \u00e0 Rennes (Ille-et-Vilaine).   Ouest-France <\/p>\n<p>Ce samedi 25\u00a0octobre 2025, elles \u00e9taient 2\u00a0426\u00a0\u00e0 prendre le d\u00e9part sur le mail Fran\u00e7ois-Mitterrand. Dans une ambiance d\u00e9tendue, sportive et chaleureuse, ces femmes sont venues passer un moment de sport ensemble.<\/p>\n<p>Solenn est venue accompagn\u00e9e de sa copine Anne, qui n\u2019a pas l\u2019habitude de ce genre d\u2019\u00e9v\u00e8nements.<strong> \u00ab\u00a0En juin, \u00e0 l\u2019occasion de mon anniversaire, on s\u2019est inscrites sur une blague \u00e0 la base<\/strong>, sourit Anne. <strong>Je ne cours jamais, mais maintenant il faut que j\u2019assume\u00a0!\u00a0\u00bb <\/strong>De son c\u00f4t\u00e9, Solenn a pr\u00e9f\u00e9r\u00e9 s\u2019entra\u00eener. <strong>\u00ab\u00a0Depuis qu\u2019on s\u2019est inscrites, j\u2019essaye d\u2019y aller une fois par semaine. Peut-\u00eatre qu\u2019apr\u00e8s la course, tu vas t\u2019y mettre \u00e0 fond\u00a0\u00bb<\/strong>, lance-t-elle \u00e0 Anne, qui commence \u00e0 stresser \u00e0 quelques minutes du d\u00e9part.<\/p>\n<p>\t<img decoding=\"async\" src=\"https:\/\/www.europesays.com\/fr\/wp-content\/uploads\/2025\/10\/P35544633D7037056G_px_640_.jpg\" alt=\"photo ce samedi 25\u00a0octobre 2025, \u00e0 la veille du marathon vert, 2\u00a0426\u00a0coureuses \u00e9taient sur la ligne de d\u00e9part du 5\u00a0km sur le mail fran\u00e7ois-mitterrand \u00e0 rennes (ille-et-vilaine).  \u00a9  ouest-france\" width=\"640\" title=\" Ce samedi 25\u00a0octobre 2025, \u00e0 la veille du Marathon Vert, 2\u00a0426\u00a0coureuses \u00e9taient sur la ligne de d\u00e9part du 5\u00a0km sur le mail Fran\u00e7ois-Mitterrand \u00e0 Rennes (Ille-et-Vilaine).   Ouest-France \"\/><\/p>\n<p class=\"elmt-legende\"> Ce samedi 25\u00a0octobre 2025, \u00e0 la veille du Marathon Vert, 2\u00a0426\u00a0coureuses \u00e9taient sur la ligne de d\u00e9part du 5\u00a0km sur le mail Fran\u00e7ois-Mitterrand \u00e0 Rennes (Ille-et-Vilaine).   Ouest-France <\/p>\n<p>De leur c\u00f4t\u00e9, Marie, Morgane, Muriel, Julie et Am\u00e9lie n\u2019en sont pas \u00e0 leur coup d\u2019essai. Ces cinq habitantes de Domloup font du basket et de la zumba ensemble. <strong>\u00ab\u00a0\u00c7a nous permet de se retrouver entre nous,<\/strong> explique Marie tout en s\u2019\u00e9chauffant.<strong> Le seul objectif\u00a0? C\u2019est de courir entre copines\u00a0!\u00a0\u00bb<\/strong><\/p>\n<p>\u00a0<\/p>\n","protected":false},"excerpt":{"rendered":"\u00ab\u00a0Elles sont importantes, ces courses entre femmes\u00a0! M\u00eame si on n\u2019a pas les m\u00eames attributs que les hommes,&hellip;\n","protected":false},"author":2,"featured_media":489881,"comment_status":"","ping_status":"","sticky":false,"template":"","format":"standard","meta":{"footnotes":""},"categories":[2821],"tags":[1111,11,1438,3809,1465,829,1777,674,63,1011,27,1792,1922,12,584,25,479,517,1470],"class_list":{"0":"post-489880","1":"post","2":"type-post","3":"status-publish","4":"format-standard","5":"has-post-thumbnail","7":"category-rennes","8":"tag-actu","9":"tag-actualites","10":"tag-angers","11":"tag-ball","12":"tag-basket","13":"tag-bretagne","14":"tag-eu","15":"tag-europe","16":"tag-football","17":"tag-fr","18":"tag-france","19":"tag-handball","20":"tag-info","21":"tag-news","22":"tag-rennes","23":"tag-republique-francaise","24":"tag-rugby","25":"tag-sport","26":"tag-volley"},"share_on_mastodon":{"url":"https:\/\/pubeurope.com\/@fr\/115437031561927048","error":""},"_links":{"self":[{"href":"https:\/\/www.europesays.com\/fr\/wp-json\/wp\/v2\/posts\/489880","targetHints":{"allow":["GET"]}}],"collection":[{"href":"https:\/\/www.europesays.com\/fr\/wp-json\/wp\/v2\/posts"}],"about":[{"href":"https:\/\/www.europesays.com\/fr\/wp-json\/wp\/v2\/types\/post"}],"author":[{"embeddable":true,"href":"https:\/\/www.europesays.com\/fr\/wp-json\/wp\/v2\/users\/2"}],"replies":[{"embeddable":true,"href":"https:\/\/www.europesays.com\/fr\/wp-json\/wp\/v2\/comments?post=489880"}],"version-history":[{"count":0,"href":"https:\/\/www.europesays.com\/fr\/wp-json\/wp\/v2\/posts\/489880\/revisions"}],"wp:featuredmedia":[{"embeddable":true,"href":"https:\/\/www.europesays.com\/fr\/wp-json\/wp\/v2\/media\/489881"}],"wp:attachment":[{"href":"https:\/\/www.europesays.com\/fr\/wp-json\/wp\/v2\/media?parent=489880"}],"wp:term":[{"taxonomy":"category","embeddable":true,"href":"https:\/\/www.europesays.com\/fr\/wp-json\/wp\/v2\/categories?post=489880"},{"taxonomy":"post_tag","embeddable":true,"href":"https:\/\/www.europesays.com\/fr\/wp-json\/wp\/v2\/tags?post=489880"}],"curies":[{"name":"wp","href":"https:\/\/api.w.org\/{rel}","templated":true}]}}