{"id":489886,"date":"2025-10-25T21:57:21","date_gmt":"2025-10-25T21:57:21","guid":{"rendered":"https:\/\/www.europesays.com\/fr\/489886\/"},"modified":"2025-10-25T21:57:21","modified_gmt":"2025-10-25T21:57:21","slug":"stade-rennais-beye-vire-apres-nice-une-tendance-se-degage","status":"publish","type":"post","link":"https:\/\/www.europesays.com\/fr\/489886\/","title":{"rendered":"Stade Rennais : Beye vir\u00e9 apr\u00e8s Nice, une tendance se d\u00e9gage"},"content":{"rendered":"<p><strong>Habib Beye pourrait \u00eatre d\u00e9mis de ses fonctions en cas de revers ce dimanche du Stade Rennais contre l\u2019OGC Nice. <\/strong><\/p>\n<p>Habib Beye vit peut-\u00eatre ses derniers jours sur le banc du <a href=\"https:\/\/www.butfootballclub.fr\/actualites\/ligue-1\/stade-rennais\/\" data-type=\"link\" data-id=\"https:\/\/www.butfootballclub.fr\/actualites\/ligue-1\/stade-rennais\/\" target=\"_blank\" rel=\"noopener\">Stade Rennais<\/a>. L\u2019entra\u00eeneur fran\u00e7ais pourrait payer les mauvais r\u00e9sultats du club Rouge et Noir, qui n\u2019est que neuvi\u00e8me au classement apr\u00e8s huit journ\u00e9es de Ligue 1 disput\u00e9es malgr\u00e9 de gros investissements faits cet \u00e9t\u00e9 par les dirigeants. <\/p>\n<p>Nice, dernier match de Beye \u00e0 la t\u00eate de Rennes ? <\/p>\n<p>La r\u00e9ception ce dimanche (17h15) de l\u2019<a href=\"https:\/\/www.butfootballclub.fr\/actualites\/ligue-1\/ogc-nice\/\" data-type=\"link\" data-id=\"https:\/\/www.butfootballclub.fr\/actualites\/ligue-1\/ogc-nice\/\" target=\"_blank\" rel=\"noopener\">OGC Nice<\/a> appara\u00eet comme un match crucial pour l\u2019ancien coach du Red Star. Selon L\u2019\u00c9quipe, qui a fait un point sur son avenir \u00e0 la veille de cette rencontre, Habib Beye aurait toujours des chances de rester sur le banc rennais, l\u2019\u00e9tat-major du <a href=\"https:\/\/www.butfootballclub.fr\/actualites\/ligue-1\/stade-rennais\/\" data-type=\"link\" data-id=\"https:\/\/www.butfootballclub.fr\/actualites\/ligue-1\/stade-rennais\/\" target=\"_blank\" rel=\"noopener\">Stade Rennais<\/a> n\u2019ayant pas encore pris sa d\u00e9cision. Mais en cas de d\u00e9faite face au Gym, la situation pourrait vite \u00eatre r\u00e9gl\u00e9e et les dirigeants pourraient intensifier les discussions pour changer d\u2019entra\u00eeneur, et ainsi limoger Habib Beye. L\u2019ancien lat\u00e9ral droit de l\u2019Olympique de Marseille va donc jouer tr\u00e8s gros ce week-end dernier face aux Aiglons. <\/p>\n<p>De son c\u00f4t\u00e9, le principal int\u00e9ress\u00e9 reste serein malgr\u00e9 les rumeurs de limogeage \u00e0 son sujet. \u00ab\u00a0Je ne me pose pas la question de savoir si je suis plus menac\u00e9 qu\u2019il y a une semaine. C\u2019est inh\u00e9rent \u00e0 mon m\u00e9tier. Je dois faire en sorte que cette \u00e9quipe gagne et enclenche cette dynamique tr\u00e8s positive. On n\u2019a pas perdu depuis cinq matchs. Il faut convertir cela par une victoire. Une \u00e9quipe qui ne perd pas reste stable \u00e9motionnellement\u00a0\u00bb, a-t-il confi\u00e9 ce vendredi en conf\u00e9rence de presse d\u2019avant-match. <\/p>\n","protected":false},"excerpt":{"rendered":"Habib Beye pourrait \u00eatre d\u00e9mis de ses fonctions en cas de revers ce dimanche du Stade Rennais contre&hellip;\n","protected":false},"author":2,"featured_media":489887,"comment_status":"","ping_status":"","sticky":false,"template":"","format":"standard","meta":{"footnotes":""},"categories":[2819],"tags":[1111,11,448,1777,674,63,1011,27,66,3388,12,2401,882,25,10662],"class_list":{"0":"post-489886","1":"post","2":"type-post","3":"status-publish","4":"format-standard","5":"has-post-thumbnail","7":"category-nice","8":"tag-actu","9":"tag-actualites","10":"tag-champions-league","11":"tag-eu","12":"tag-europe","13":"tag-football","14":"tag-fr","15":"tag-france","16":"tag-ligue-1","17":"tag-matchs","18":"tag-news","19":"tag-nice","20":"tag-provence-alpes-cote-dazur","21":"tag-republique-francaise","22":"tag-transferts"},"share_on_mastodon":{"url":"https:\/\/pubeurope.com\/@fr\/115437046534574371","error":""},"_links":{"self":[{"href":"https:\/\/www.europesays.com\/fr\/wp-json\/wp\/v2\/posts\/489886","targetHints":{"allow":["GET"]}}],"collection":[{"href":"https:\/\/www.europesays.com\/fr\/wp-json\/wp\/v2\/posts"}],"about":[{"href":"https:\/\/www.europesays.com\/fr\/wp-json\/wp\/v2\/types\/post"}],"author":[{"embeddable":true,"href":"https:\/\/www.europesays.com\/fr\/wp-json\/wp\/v2\/users\/2"}],"replies":[{"embeddable":true,"href":"https:\/\/www.europesays.com\/fr\/wp-json\/wp\/v2\/comments?post=489886"}],"version-history":[{"count":0,"href":"https:\/\/www.europesays.com\/fr\/wp-json\/wp\/v2\/posts\/489886\/revisions"}],"wp:featuredmedia":[{"embeddable":true,"href":"https:\/\/www.europesays.com\/fr\/wp-json\/wp\/v2\/media\/489887"}],"wp:attachment":[{"href":"https:\/\/www.europesays.com\/fr\/wp-json\/wp\/v2\/media?parent=489886"}],"wp:term":[{"taxonomy":"category","embeddable":true,"href":"https:\/\/www.europesays.com\/fr\/wp-json\/wp\/v2\/categories?post=489886"},{"taxonomy":"post_tag","embeddable":true,"href":"https:\/\/www.europesays.com\/fr\/wp-json\/wp\/v2\/tags?post=489886"}],"curies":[{"name":"wp","href":"https:\/\/api.w.org\/{rel}","templated":true}]}}