{"id":489888,"date":"2025-10-25T21:59:02","date_gmt":"2025-10-25T21:59:02","guid":{"rendered":"https:\/\/www.europesays.com\/fr\/489888\/"},"modified":"2025-10-25T21:59:02","modified_gmt":"2025-10-25T21:59:02","slug":"sainte-luce-sur-loire-lhistoire-oubliee-des-mauvaises-filles-du-theatre-engage-et","status":"publish","type":"post","link":"https:\/\/www.europesays.com\/fr\/489888\/","title":{"rendered":"Sainte-Luce-sur-Loire. L\u2019histoire oubli\u00e9e des \u00ab\u00a0mauvaises filles\u00a0\u00bb: du th\u00e9\u00e2tre engag\u00e9 et"},"content":{"rendered":"<p><strong>\u00ab\u00a0Elles s\u2019appellent Annick, Christine, \u00c9velyne, Fran\u00e7oise, Josiane ou Marie-Christine.\u00a0Elles <\/strong><strong>voulaient manger, courir, faire le mur, l\u2019amour ou au moins le tour du jardin. Enferm\u00e9es du XIXe\u00a0si\u00e8cle <\/strong><strong>aux ann\u00e9es 1980, parce que leur choix de vie, leur sexualit\u00e9 ou leur statut de fille <\/strong><strong>pauvre en faisaient de \u201cmauvaises\u00a0<\/strong><strong>filles\u201d<\/strong><strong><\/strong><strong><strong>,<\/strong> elles racontent leur vie\u00a0longtemps <\/strong><strong>pass\u00e9e sous silence\u00a0\u00bb,<\/strong> expliquent les com\u00e9diennes.\u00a0La troupe de th\u00e9\u00e2tre \u00c0 la tomb\u00e9e des nues s\u2019est empar\u00e9e de ce pan d\u2019un\u00a0pass\u00e9 peu connu, pour monter un spectacle.<\/p>\n<p>\u00c0 partir de t\u00e9moignages de femmes concern\u00e9es et d\u2019archives administratives et religieuses, la compagnie fait entendre ces voix enfouies et met en lumi\u00e8re plus de 150\u00a0ans d\u2019enfermement arbitraire de jeunes filles, sous couvert de traitement de maladies mentales.<\/p>\n<p>Une cr\u00e9ation \u00e0 la crois\u00e9e du th\u00e9\u00e2tre documentaire et du t\u00e9moignage. Ce spectacle, \u00ab\u00a0Il y avait tellement de silence, j\u2019ai m\u00eame pas entendu les oiseaux\u00a0\u00bb (anciennement intitul\u00e9 \u00ab\u00a0Mauvaises filles\u00a0\u00bb) est en cr\u00e9ation en r\u00e9sidence \u00e0 Sainte-Luce, depuis 2022. La Ville accueille la toute premi\u00e8re repr\u00e9sentation de ce th\u00e9\u00e2tre engag\u00e9 et sensible.<\/p>\n<p><strong>Mardi 4\u00a0novembre, <\/strong>\u00e0 20\u00a0h, \u00e0 Lig\u00e9ria. Tarif\u00a0: de 7 \u00e0 17\u00a0\u20ac. Billetterie sur sainte-luce-loire.com.<\/p>\n<p>\u00a0<\/p>\n","protected":false},"excerpt":{"rendered":"\u00ab\u00a0Elles s\u2019appellent Annick, Christine, \u00c9velyne, Fran\u00e7oise, Josiane ou Marie-Christine.\u00a0Elles voulaient manger, courir, faire le mur, l\u2019amour ou au&hellip;\n","protected":false},"author":2,"featured_media":489889,"comment_status":"","ping_status":"","sticky":false,"template":"","format":"standard","meta":{"footnotes":""},"categories":[2818],"tags":[1111,11,12708,1777,674,10485,1011,27,937,61257,766,12,61256,2636,25,3272,5974,35446,1347],"class_list":{"0":"post-489888","1":"post","2":"type-post","3":"status-publish","4":"format-standard","5":"has-post-thumbnail","7":"category-nantes","8":"tag-actu","9":"tag-actualites","10":"tag-engage","11":"tag-eu","12":"tag-europe","13":"tag-filles","14":"tag-fr","15":"tag-france","16":"tag-histoire","17":"tag-mauvaises","18":"tag-nantes","19":"tag-news","20":"tag-oubliee","21":"tag-pays-de-la-loire","22":"tag-republique-francaise","23":"tag-saint-nazaire","24":"tag-sainte-luce-sur-loire","25":"tag-sensible","26":"tag-theatre"},"share_on_mastodon":{"url":"","error":""},"_links":{"self":[{"href":"https:\/\/www.europesays.com\/fr\/wp-json\/wp\/v2\/posts\/489888","targetHints":{"allow":["GET"]}}],"collection":[{"href":"https:\/\/www.europesays.com\/fr\/wp-json\/wp\/v2\/posts"}],"about":[{"href":"https:\/\/www.europesays.com\/fr\/wp-json\/wp\/v2\/types\/post"}],"author":[{"embeddable":true,"href":"https:\/\/www.europesays.com\/fr\/wp-json\/wp\/v2\/users\/2"}],"replies":[{"embeddable":true,"href":"https:\/\/www.europesays.com\/fr\/wp-json\/wp\/v2\/comments?post=489888"}],"version-history":[{"count":0,"href":"https:\/\/www.europesays.com\/fr\/wp-json\/wp\/v2\/posts\/489888\/revisions"}],"wp:featuredmedia":[{"embeddable":true,"href":"https:\/\/www.europesays.com\/fr\/wp-json\/wp\/v2\/media\/489889"}],"wp:attachment":[{"href":"https:\/\/www.europesays.com\/fr\/wp-json\/wp\/v2\/media?parent=489888"}],"wp:term":[{"taxonomy":"category","embeddable":true,"href":"https:\/\/www.europesays.com\/fr\/wp-json\/wp\/v2\/categories?post=489888"},{"taxonomy":"post_tag","embeddable":true,"href":"https:\/\/www.europesays.com\/fr\/wp-json\/wp\/v2\/tags?post=489888"}],"curies":[{"name":"wp","href":"https:\/\/api.w.org\/{rel}","templated":true}]}}