{"id":489910,"date":"2025-10-25T22:15:14","date_gmt":"2025-10-25T22:15:14","guid":{"rendered":"https:\/\/www.europesays.com\/fr\/489910\/"},"modified":"2025-10-25T22:15:14","modified_gmt":"2025-10-25T22:15:14","slug":"mma-le-combat-gane-aspinall-declare-sans-vainqueur-apres-une-blessure-a-loeil-de-langlais","status":"publish","type":"post","link":"https:\/\/www.europesays.com\/fr\/489910\/","title":{"rendered":"MMA\u00a0: le combat Gane-Aspinall d\u00e9clar\u00e9 sans vainqueur apr\u00e8s une blessure \u00e0 l\u2019\u0153il de l\u2019Anglais"},"content":{"rendered":"<p class=\"paragraph text_align_left lp-f-body-02\">Cela aurait pu \u00eatre le plus beau jour de sa vie. Mais en fin de premier round, un mauvais geste non intentionnel de <a href=\"https:\/\/www.leparisien.fr\/sports\/mma\/tout-ce-que-je-fais-cest-une-quete-personnelle-ciryl-gane-pret-pour-decrocher-le-titre-ufc-24-10-2025-MOO6SST25FARLF4N2GYUHMHIJY.php\" target=\"_self\" rel=\"noopener\">Ciryl Gane<\/a> a provoqu\u00e9 un \u00ab No contest \u00bb, c\u2019est-\u00e0-dire un arr\u00eat pr\u00e9matur\u00e9 de la rencontre sans vainqueur d\u00e9clar\u00e9. Tom Aspinall a demand\u00e9 de stopper le combat apr\u00e8s avoir re\u00e7u les doigts du Fran\u00e7ais dans les yeux, d\u2019une mani\u00e8re jug\u00e9e involontaire par les arbitres.<\/p>\n<p class=\"paragraph text_align_left lp-f-body-02\">Selon les r\u00e8gles unifi\u00e9es du MMA, le no contest s\u2019applique lorsqu\u2019un \u00ab combat est interrompu pr\u00e9matur\u00e9ment en raison d\u2019une blessure accidentelle et qui ne laisse pas suffisamment de temps pour rendre une d\u00e9cision via les cartes de score \u00bb.<\/p>\n<p class=\"paragraph text_align_left lp-f-body-02\"><a href=\"https:\/\/www.leparisien.fr\/sports\/mma\/direct-mma-ciryl-gane-contre-tom-aspinall-a-lufc-321-qui-est-le-francais-quel-enjeu-pour-ce-combat-posez-nous-toutes-vos-questions-23-10-2025-AEJ4G4HMYFAMVG7CQ7KY7DVHTY.php\" target=\"_self\" rel=\"noopener\">Bon Gamin<\/a> n\u2019est ainsi d\u00e9clar\u00e9 ni gagnant ni perdant, mais c\u2019est bien le Britannique, champion en titre, qui conserve sa ceinture des poids lourds de l\u2019<a href=\"https:\/\/www.leparisien.fr\/sports\/mma\/\" target=\"_self\" rel=\"noopener\">UFC<\/a>.<\/p>\n<p class=\"paragraph text_align_left lp-f-body-02\">\u00c0 35 ans, le Vend\u00e9en avait tout fait pour repartir avec cette ceinture. Cet UFC 321 \u00e9tait coch\u00e9 depuis bien longtemps. Il s\u2019\u00e9tait tellement <a href=\"https:\/\/www.leparisien.fr\/sports\/mma\/tout-ce-que-je-fais-cest-une-quete-personnelle-ciryl-gane-pret-pour-decrocher-le-titre-ufc-24-10-2025-MOO6SST25FARLF4N2GYUHMHIJY.php\" target=\"_self\" rel=\"noopener\">pr\u00e9par\u00e9 pour <\/a>cela, avait pass\u00e9 six semaines \u00e0 Duba\u00ef loin de sa si ch\u00e8re famille, s\u2019\u00e9tait attard\u00e9 sur chaque domaine dans lequel il avait des lacunes. \u00ab Des sacrifices \u00bb parce qu\u2019il \u00ab voulait plus que jamais le titre \u00bb.<\/p>\n<p class=\"paragraph text_align_left lp-f-body-02\">Malgr\u00e9 cette fin sans saveur, il a montr\u00e9 ce soir que sa pr\u00e9paration n\u2019\u00e9tait pas vaine. Son adversaire restait sur trois victoires par KO en mois de deux minutes. L\u00e0, c\u2019est en toute fin de premier round qu\u2019il a re\u00e7u les doigts du Fran\u00e7ais dans les yeux et demand\u00e9 \u00e0 stopper le combat.<\/p>\n<p class=\"paragraph text_align_left lp-f-body-02\">Gane n\u2019a donc pas r\u00e9ussi \u00e0 devenir le premier Fran\u00e7ais champion \u00e0 l\u2019UFC. Pas ce soir. Vous connaissez l\u2019adage ? Jamais deux sans trois ? Il ne l\u2019a pas fait mentir. Mais il n\u2019a pas perdu pour autant. Il \u00e9tait bien parti alors\u2026 \u00c0 charge de revanche ?<\/p>\n","protected":false},"excerpt":{"rendered":"Cela aurait pu \u00eatre le plus beau jour de sa vie. Mais en fin de premier round, un&hellip;\n","protected":false},"author":2,"featured_media":489911,"comment_status":"","ping_status":"","sticky":false,"template":"","format":"standard","meta":{"footnotes":""},"categories":[1888],"tags":[1111,1928,11,1927,1777,674,1011,27,1847,12,1926,626,1925,25,60],"class_list":{"0":"post-489910","1":"post","2":"type-post","3":"status-publish","4":"format-standard","5":"has-post-thumbnail","7":"category-paris","8":"tag-actu","9":"tag-actu-paris","10":"tag-actualites","11":"tag-actualites-paris","12":"tag-eu","13":"tag-europe","14":"tag-fr","15":"tag-france","16":"tag-mma","17":"tag-news","18":"tag-news-paris","19":"tag-paris","20":"tag-paris-news","21":"tag-republique-francaise","22":"tag-sports"},"share_on_mastodon":{"url":"https:\/\/pubeurope.com\/@fr\/115437117299709102","error":""},"_links":{"self":[{"href":"https:\/\/www.europesays.com\/fr\/wp-json\/wp\/v2\/posts\/489910","targetHints":{"allow":["GET"]}}],"collection":[{"href":"https:\/\/www.europesays.com\/fr\/wp-json\/wp\/v2\/posts"}],"about":[{"href":"https:\/\/www.europesays.com\/fr\/wp-json\/wp\/v2\/types\/post"}],"author":[{"embeddable":true,"href":"https:\/\/www.europesays.com\/fr\/wp-json\/wp\/v2\/users\/2"}],"replies":[{"embeddable":true,"href":"https:\/\/www.europesays.com\/fr\/wp-json\/wp\/v2\/comments?post=489910"}],"version-history":[{"count":0,"href":"https:\/\/www.europesays.com\/fr\/wp-json\/wp\/v2\/posts\/489910\/revisions"}],"wp:featuredmedia":[{"embeddable":true,"href":"https:\/\/www.europesays.com\/fr\/wp-json\/wp\/v2\/media\/489911"}],"wp:attachment":[{"href":"https:\/\/www.europesays.com\/fr\/wp-json\/wp\/v2\/media?parent=489910"}],"wp:term":[{"taxonomy":"category","embeddable":true,"href":"https:\/\/www.europesays.com\/fr\/wp-json\/wp\/v2\/categories?post=489910"},{"taxonomy":"post_tag","embeddable":true,"href":"https:\/\/www.europesays.com\/fr\/wp-json\/wp\/v2\/tags?post=489910"}],"curies":[{"name":"wp","href":"https:\/\/api.w.org\/{rel}","templated":true}]}}