{"id":489918,"date":"2025-10-25T22:19:31","date_gmt":"2025-10-25T22:19:31","guid":{"rendered":"https:\/\/www.europesays.com\/fr\/489918\/"},"modified":"2025-10-25T22:19:31","modified_gmt":"2025-10-25T22:19:31","slug":"la-france-va-livrer-des-missiles-aster-et-des-avions-mirage-supplementaires-a-lukraine-annonce-emmanuel-macron","status":"publish","type":"post","link":"https:\/\/www.europesays.com\/fr\/489918\/","title":{"rendered":"La France va livrer des missiles Aster et des avions Mirage suppl\u00e9mentaires \u00e0 l\u2019Ukraine, annonce Emmanuel Macron"},"content":{"rendered":"<p>\u00abIl est tr\u00e8s important de poursuivre notre effort de soutien \u00e0 l&rsquo;Ukraine et de pressions sur la Russie\u00bb, a interpell\u00e9 <a href=\"https:\/\/www.capital.fr\/votre-retraite\/reforme-sur-les-retraites-les-perspectives-de-referendum-sont-possibles-affirme-emmanuel-macron-1519856\" target=\"_blank\" rel=\"noopener\">Emmanuel Macron<\/a> devant les dirigeants de la Coalition des volontaires, qui comprend 26 pays, dont la plupart \u00e9tant des alli\u00e9s europ\u00e9ens. Le pr\u00e9sident fran\u00e7ais a \u00e9galement annonc\u00e9 que l\u2019arm\u00e9e fran\u00e7ais allait livrer des missiles Aster &#8211; antia\u00e9rien et antibalistique &#8211; ainsi que des avions Mirage \u00e0 l\u2019Ukraine.<\/p>\n<p>Cette livraison s\u2019effectuera dans les \u00abprochains jours\u00bb et comprendra \u00e9galement \u00abde nouveaux programmes de formation\u00bb, a pr\u00e9sent\u00e9 Emmanuel Macron depuis Paris, sans davantage de pr\u00e9cisions. Pour l\u2019heure, la France a livr\u00e9 trois Mirage 2000 \u00e0 l&rsquo;Ukraine sur les six promis, en raison notamment des besoins de formation des pilotes ukrainiens. Mais un a \u00e9t\u00e9 abattu en juillet dernier.<\/p>\n<p>\u00abNous \u00e9tudions de nouvelles pistes\u00bb<\/p>\n<p>Du c\u00f4t\u00e9 des missiles Aster, produits en coop\u00e9ration avec le voisin italien, le nombre d\u00e9j\u00e0 fourni n\u2019a pas \u00e9t\u00e9 pr\u00e9cis\u00e9 par les deux pays. Emmanuel Macron a signal\u00e9 que de nouvelles pistes d\u2019aide \u00e0 l\u2019Ukraine allaient \u00eatre \u00e9tudi\u00e9es mais que, pour le moment, les priorit\u00e9s concernaient <a href=\"https:\/\/www.capital.fr\/economie-politique\/pourquoi-le-missile-tomahawk-es-il-aussi-important-pour-l-ukraine-1519750\" target=\"_blank\" rel=\"noopener\">ces missiles<\/a> Aster, l\u2019envoi de Mirage et la formation.<\/p>\n<p>En conf\u00e9rence de presse aux c\u00f4t\u00e9s de Volodymyr Zelensky, \u00e0 la suite de la r\u00e9union, le Premier ministre britannique Keir Starmer a appel\u00e9 \u00e0 intensifier les sanctions sur les hydrocarbures russes : \u00abNous allons agir pour retirer le p\u00e9trole et le gaz russes du march\u00e9 mondial. La semaine derni\u00e8re, le Royaume-Uni est devenu le premier pays \u00e0 sanctionner toutes les grandes compagnies russes. Mercredi, les \u00c9tats-Unis nous ont rejoints et l&rsquo;Union europ\u00e9enne a adopt\u00e9 de nouvelles sanctions. Donc nous \u00e9touffons la machine de guerre russe\u00bb. Ce samedi 25 octobre, le conflit en est \u00e0 son 1.340e jour depuis l\u2019invasion russe.<\/p>\n","protected":false},"excerpt":{"rendered":"\u00abIl est tr\u00e8s important de poursuivre notre effort de soutien \u00e0 l&rsquo;Ukraine et de pressions sur la Russie\u00bb,&hellip;\n","protected":false},"author":2,"featured_media":489919,"comment_status":"","ping_status":"","sticky":false,"template":"","format":"standard","meta":{"footnotes":""},"categories":[1591],"tags":[11,9929,1073,1887,131,12,1885,1886,132],"class_list":{"0":"post-489918","1":"post","2":"type-post","3":"status-publish","4":"format-standard","5":"has-post-thumbnail","7":"category-russie","8":"tag-actualites","9":"tag-du00e9fense","10":"tag-emmanuel-macron","11":"tag-federation-de-russie","12":"tag-guerre-en-ukraine","13":"tag-news","14":"tag-russia","15":"tag-russian-federation","16":"tag-russie"},"share_on_mastodon":{"url":"https:\/\/pubeurope.com\/@fr\/115437133119037002","error":""},"_links":{"self":[{"href":"https:\/\/www.europesays.com\/fr\/wp-json\/wp\/v2\/posts\/489918","targetHints":{"allow":["GET"]}}],"collection":[{"href":"https:\/\/www.europesays.com\/fr\/wp-json\/wp\/v2\/posts"}],"about":[{"href":"https:\/\/www.europesays.com\/fr\/wp-json\/wp\/v2\/types\/post"}],"author":[{"embeddable":true,"href":"https:\/\/www.europesays.com\/fr\/wp-json\/wp\/v2\/users\/2"}],"replies":[{"embeddable":true,"href":"https:\/\/www.europesays.com\/fr\/wp-json\/wp\/v2\/comments?post=489918"}],"version-history":[{"count":0,"href":"https:\/\/www.europesays.com\/fr\/wp-json\/wp\/v2\/posts\/489918\/revisions"}],"wp:featuredmedia":[{"embeddable":true,"href":"https:\/\/www.europesays.com\/fr\/wp-json\/wp\/v2\/media\/489919"}],"wp:attachment":[{"href":"https:\/\/www.europesays.com\/fr\/wp-json\/wp\/v2\/media?parent=489918"}],"wp:term":[{"taxonomy":"category","embeddable":true,"href":"https:\/\/www.europesays.com\/fr\/wp-json\/wp\/v2\/categories?post=489918"},{"taxonomy":"post_tag","embeddable":true,"href":"https:\/\/www.europesays.com\/fr\/wp-json\/wp\/v2\/tags?post=489918"}],"curies":[{"name":"wp","href":"https:\/\/api.w.org\/{rel}","templated":true}]}}