{"id":489922,"date":"2025-10-25T22:21:12","date_gmt":"2025-10-25T22:21:12","guid":{"rendered":"https:\/\/www.europesays.com\/fr\/489922\/"},"modified":"2025-10-25T22:21:12","modified_gmt":"2025-10-25T22:21:12","slug":"kamala-harris-pourrait-se-presenter-a-nouveau-a-la-maison-blanche","status":"publish","type":"post","link":"https:\/\/www.europesays.com\/fr\/489922\/","title":{"rendered":"Kamala Harris pourrait se pr\u00e9senter \u00e0 nouveau \u00e0 la Maison Blanche"},"content":{"rendered":"<p>\n    Ses propos \u00e0 la BBC constituent l\u2019indice le plus fort \u00e0 ce jour que Harris pourrait tenter d\u2019obtenir l\u2019investiture du Parti d\u00e9mocrate pour l\u2019\u00e9lection de 2028.<\/p>\n<p class=\"fig-paragraph\">L&rsquo;ancienne vice-pr\u00e9sidente am\u00e9ricaine\u00a0<a href=\"http:\/\/www.lefigaro.fr\/international\/c-etait-de-l-inconscience-de-laisser-joe-biden-se-presenter-a-la-presidentielle-americaine-fustige-kamala-harris-20250910\" data-fig-type=\"NewsFlash\" data-gtm-custom-categorie=\"navigation\" data-gtm-custom-action=\"crossclick\" data-gtm-custom-label=\"Contextuel\" data-gtm-event=\"customEventSPE\" data-fig-domain=\"LEFIGARO\" target=\"_blank\" rel=\"noopener\">Kamala Harris<\/a>\u00a0a d\u00e9clar\u00e9, dans un extrait d&rsquo;interview t\u00e9l\u00e9vis\u00e9e diffus\u00e9 samedi au Royaume-Uni, qu&rsquo;elle pourrait \u00ab\u00e9ventuellement\u00bb se pr\u00e9senter \u00e0 nouveau \u00e0 la pr\u00e9sidence.<\/p>\n<p class=\"fig-paragraph\">Kamala Harris, qui a remplac\u00e9 Joe Biden comme candidate d\u00e9mocrate \u00e0 l&rsquo;\u00e9lection pr\u00e9sidentielle de 2024 mais a \u00e9t\u00e9 battue par Donald Trump, a confi\u00e9 \u00e0 la BBC qu&rsquo;elle n&rsquo;avait pas encore d\u00e9cid\u00e9 si elle se pr\u00e9senterait \u00e0 nouveau \u00e0 la Maison Blanche.<\/p>\n<p>                                    <a class=\"fig-a11y-skip a11y-hidden\" href=\"#fig-a11y-skip-main-inarticle\"><br \/>\n        Passer la publicit\u00e9<br \/>\n    <\/a><\/p>\n<p class=\"fig-paragraph\">Mais l&rsquo;ancienne s\u00e9natrice \u00e2g\u00e9e de 61 ans a insist\u00e9 sur le fait qu&rsquo;elle n&rsquo;avait pas \u00abtermin\u00e9\u00bb sa carri\u00e8re politique et que ses jeunes petites-ni\u00e8ces verraient une femme pr\u00e9sidente au Bureau ovale \u00abde leur vivant, c&rsquo;est certain\u00bb. \u00abJ&rsquo;ai consacr\u00e9 toute ma carri\u00e8re au service public, c&rsquo;est ancr\u00e9 en moi, et il y a de nombreuses fa\u00e7ons de servir\u00bb, a dit Mme Harris \u00e0 la cha\u00eene britannique dans une interview qui doit \u00eatre diffus\u00e9e int\u00e9gralement dimanche. \u00abJe n&rsquo;ai pas encore d\u00e9cid\u00e9 ce que je ferai \u00e0 l&rsquo;avenir\u00bb, a-t-elle ajout\u00e9.<\/p>\n<p>\u00abNombreux sont ceux qui ont capitul\u00e9\u00bb<\/p>\n<p class=\"fig-paragraph\">Ces propos constituent l&rsquo;indice le plus fort \u00e0 ce jour que Harris pourrait tenter d&rsquo;obtenir l&rsquo;investiture du Parti d\u00e9mocrate pour l&rsquo;\u00e9lection de 2028. Elle a \u00e9galement minimis\u00e9 l&rsquo;importance des sondages qui lui donnent peu de chances de succ\u00e8s. \u00abIl y a toutes sortes de sondages qui disent des choses tr\u00e8s diff\u00e9rentes\u00bb, a fait valoir l&rsquo;ancienne s\u00e9natrice de Californie, dont la carri\u00e8re politique a d\u00e9but\u00e9 comme procureure de San Francisco. \u00abSi j&rsquo;avais \u00e9cout\u00e9 les sondages, je ne me serais pas pr\u00e9sent\u00e9e \u00e0 mon premier mandat ni \u00e0 mon deuxi\u00e8me.\u00bb<\/p>\n<p class=\"fig-paragraph\">Harris a \u00e9galement critiqu\u00e9 la conduite de Donald Trump au cours des dix premiers mois de son second mandat, et a fustig\u00e9 les chefs d&rsquo;entreprise et les institutions am\u00e9ricaines, qu&rsquo;elle accuse de c\u00e9der trop facilement \u00e0 ses exigences. \u00abNombreux sont ceux qui ont capitul\u00e9 d\u00e8s le premier jour, qui se prosternent devant un tyran, pour de nombreuses raisons, je crois\u00bb, a-t-elle dit \u00e0 la BBC. Parmi ces raisons, elle a cit\u00e9 le d\u00e9sir \u00abd&rsquo;\u00eatre proche du pouvoir, parce qu&rsquo;ils veulent peut-\u00eatre faire approuver une fusion ou \u00e9viter une enqu\u00eate\u00bb.<\/p>\n<p class=\"fig-paragraph\">Cette interview fait suite \u00e0 la publication de ses m\u00e9moires le mois dernier, dans lesquelles elle affirmait qu&rsquo;il \u00e9tait \u00abimprudent\u00bb de laisser Joe Biden, dont l&rsquo;\u00e9tat de sant\u00e9 \u00e9tait incertain, se pr\u00e9senter pour un second mandat pr\u00e9sidentiel. Elle a \u00e9galement accus\u00e9 son \u00e9quipe \u00e0 la Maison Blanche de ne pas l&rsquo;avoir soutenue lorsqu&rsquo;elle \u00e9tait sa vice-pr\u00e9sidente, et de l&rsquo;avoir parfois activement entrav\u00e9e.<\/p>\n","protected":false},"excerpt":{"rendered":"Ses propos \u00e0 la BBC constituent l\u2019indice le plus fort \u00e0 ce jour que Harris pourrait tenter d\u2019obtenir&hellip;\n","protected":false},"author":2,"featured_media":489923,"comment_status":"","ping_status":"","sticky":false,"template":"","format":"standard","meta":{"footnotes":""},"categories":[1589],"tags":[11,73,1866,458,12,1864,1865,1863,308],"class_list":{"0":"post-489922","1":"post","2":"type-post","3":"status-publish","4":"format-standard","5":"has-post-thumbnail","7":"category-etats-unis","8":"tag-actualites","9":"tag-etats-unis","10":"tag-etats-unis-damerique","11":"tag-kamala-harris","12":"tag-news","13":"tag-united-states","14":"tag-united-states-of-america","15":"tag-us","16":"tag-usa"},"share_on_mastodon":{"url":"https:\/\/pubeurope.com\/@fr\/115437141010247088","error":""},"_links":{"self":[{"href":"https:\/\/www.europesays.com\/fr\/wp-json\/wp\/v2\/posts\/489922","targetHints":{"allow":["GET"]}}],"collection":[{"href":"https:\/\/www.europesays.com\/fr\/wp-json\/wp\/v2\/posts"}],"about":[{"href":"https:\/\/www.europesays.com\/fr\/wp-json\/wp\/v2\/types\/post"}],"author":[{"embeddable":true,"href":"https:\/\/www.europesays.com\/fr\/wp-json\/wp\/v2\/users\/2"}],"replies":[{"embeddable":true,"href":"https:\/\/www.europesays.com\/fr\/wp-json\/wp\/v2\/comments?post=489922"}],"version-history":[{"count":0,"href":"https:\/\/www.europesays.com\/fr\/wp-json\/wp\/v2\/posts\/489922\/revisions"}],"wp:featuredmedia":[{"embeddable":true,"href":"https:\/\/www.europesays.com\/fr\/wp-json\/wp\/v2\/media\/489923"}],"wp:attachment":[{"href":"https:\/\/www.europesays.com\/fr\/wp-json\/wp\/v2\/media?parent=489922"}],"wp:term":[{"taxonomy":"category","embeddable":true,"href":"https:\/\/www.europesays.com\/fr\/wp-json\/wp\/v2\/categories?post=489922"},{"taxonomy":"post_tag","embeddable":true,"href":"https:\/\/www.europesays.com\/fr\/wp-json\/wp\/v2\/tags?post=489922"}],"curies":[{"name":"wp","href":"https:\/\/api.w.org\/{rel}","templated":true}]}}