{"id":489926,"date":"2025-10-25T22:23:12","date_gmt":"2025-10-25T22:23:12","guid":{"rendered":"https:\/\/www.europesays.com\/fr\/489926\/"},"modified":"2025-10-25T22:23:12","modified_gmt":"2025-10-25T22:23:12","slug":"le-magnifique-centre-de-chaibi-video","status":"publish","type":"post","link":"https:\/\/www.europesays.com\/fr\/489926\/","title":{"rendered":"Le magnifique centre de Chaibi ! (vid\u00e9o)"},"content":{"rendered":"<p><strong\/><\/p>\n<p><strong>Far\u00e9s Chaibi s&rsquo;est offert une nouvelle passe, devenant<br \/>\nle meilleur passeur de Bundesliga avec cinq unit\u00e9s, devant Luis<br \/>\nDiaz, Andrej Ilic et Hary Kane !<\/strong><\/p>\n<p>L&rsquo;Eintracht de Francfort recevait le Sankt Pauli de Hambourg<br \/>\npour la 8e journ\u00e9e de championnat et l&rsquo;\u00e9quipe de Dino Toppmoller<br \/>\ns&rsquo;est impos\u00e9 apr\u00e8s trois d\u00e9faites et un match nul.<\/p>\n<p>C\u00a0\u00bbest le buteur maison Jonathan Burkardt qui ouvre la marque<br \/>\ntout seul \u00e0 la 35e minute, avant que <strong>Far\u00e9s Chaibi ne lui<br \/>\noffre le doubl\u00e9 \u00e0 la 55e. L&rsquo;international alg\u00e9rien qui a jou\u00e9 comme<br \/>\nmilieu droit, envoie un magnifique centre envelopp\u00e9 de plus de 30<br \/>\nm\u00e8tres qui arrive au second poteau; Burkardt r\u00e9siste et<br \/>\nmarque.<\/strong><\/p>\n<p>Avec cette victoire 2-0, l&rsquo;Eintrach occupe la 6e place au<br \/>\nclassement.<\/p>\n<blockquote class=\"twitter-tweet\"><p><a class=\"twitter-link\" rel=\"noindex, nofollow noopener\" href=\"https:\/\/twitter.com\/IshaqChebli\/status\/1982108627621056537\" target=\"_blank\"><\/p><\/blockquote>\n<p style=\"text-align: right;\">DZfoot<\/p>\n<p><script async src=\"https:\/\/platform.twitter.com\/widgets.js\" charset=\"utf-8\"><\/script><\/p>\n","protected":false},"excerpt":{"rendered":"Far\u00e9s Chaibi s&rsquo;est offert une nouvelle passe, devenant le meilleur passeur de Bundesliga avec cinq unit\u00e9s, devant Luis&hellip;\n","protected":false},"author":2,"featured_media":489927,"comment_status":"","ping_status":"","sticky":false,"template":"","format":"standard","meta":{"footnotes":""},"categories":[1587],"tags":[11,672,1804,1805,1803,1777,674,1801,12,1802],"class_list":{"0":"post-489926","1":"post","2":"type-post","3":"status-publish","4":"format-standard","5":"has-post-thumbnail","7":"category-allemagne","8":"tag-actualites","9":"tag-allemagne","10":"tag-bundesrepublik-deutschland","11":"tag-de","12":"tag-deutschland","13":"tag-eu","14":"tag-europe","15":"tag-germany","16":"tag-news","17":"tag-republique-federale-dallemagne"},"share_on_mastodon":{"url":"https:\/\/pubeurope.com\/@fr\/115437148841205046","error":""},"_links":{"self":[{"href":"https:\/\/www.europesays.com\/fr\/wp-json\/wp\/v2\/posts\/489926","targetHints":{"allow":["GET"]}}],"collection":[{"href":"https:\/\/www.europesays.com\/fr\/wp-json\/wp\/v2\/posts"}],"about":[{"href":"https:\/\/www.europesays.com\/fr\/wp-json\/wp\/v2\/types\/post"}],"author":[{"embeddable":true,"href":"https:\/\/www.europesays.com\/fr\/wp-json\/wp\/v2\/users\/2"}],"replies":[{"embeddable":true,"href":"https:\/\/www.europesays.com\/fr\/wp-json\/wp\/v2\/comments?post=489926"}],"version-history":[{"count":0,"href":"https:\/\/www.europesays.com\/fr\/wp-json\/wp\/v2\/posts\/489926\/revisions"}],"wp:featuredmedia":[{"embeddable":true,"href":"https:\/\/www.europesays.com\/fr\/wp-json\/wp\/v2\/media\/489927"}],"wp:attachment":[{"href":"https:\/\/www.europesays.com\/fr\/wp-json\/wp\/v2\/media?parent=489926"}],"wp:term":[{"taxonomy":"category","embeddable":true,"href":"https:\/\/www.europesays.com\/fr\/wp-json\/wp\/v2\/categories?post=489926"},{"taxonomy":"post_tag","embeddable":true,"href":"https:\/\/www.europesays.com\/fr\/wp-json\/wp\/v2\/tags?post=489926"}],"curies":[{"name":"wp","href":"https:\/\/api.w.org\/{rel}","templated":true}]}}