{"id":489938,"date":"2025-10-25T22:29:15","date_gmt":"2025-10-25T22:29:15","guid":{"rendered":"https:\/\/www.europesays.com\/fr\/489938\/"},"modified":"2025-10-25T22:29:15","modified_gmt":"2025-10-25T22:29:15","slug":"le-coup-parfait-de-maxime-radureau-a-hossegor","status":"publish","type":"post","link":"https:\/\/www.europesays.com\/fr\/489938\/","title":{"rendered":"Le coup parfait de Maxime Radureau \u00e0 Hossegor"},"content":{"rendered":"<p>\t\t\t\t\t\t<img width=\"770\" height=\"556\" src=\"https:\/\/www.europesays.com\/fr\/wp-content\/uploads\/2025\/10\/radureau-bernard-dugros-770x556.jpg\" class=\"img-responsive wp-post-image\" alt=\"\" decoding=\"async\" fetchpriority=\"high\"  \/>\t\t\t\t\t<\/p>\n<p>\t\t\t\t\t\t Partager cet article <\/p>\n<p class=\"screen-reader-text juiz_sps_maybe_hidden_text\">Partager la publication \u00ab\u00a0Le coup parfait de Maxime Radureau \u00e0 Hossegor\u00a0\u00bb<\/p>\n<p><strong>Gr\u00e2ce \u00e0 sa victoire lors de la finale du circuit, Maxime Radureau a remport\u00e9 l\u2019ordre du m\u00e9rite du French Golf Tour Road to Ark\u00e9a.<\/strong><\/p>\n<p>\t\t\t\t\t<a id=\"188677\" href=\"https:\/\/www.mazaganbeachresort.com\/fr\/golfer-getaway\" target=\"_blank\" rel=\"sponsorised nofollow noopener\"><img decoding=\"async\" src=\"data:image\/svg+xml,%3Csvg%20xmlns=\" http:=\"\" class=\"img-responsive\" alt=\"\" data-lazy-src=\"https:\/\/www.europesays.com\/fr\/wp-content\/uploads\/2025\/10\/mazagan-e01-evasion-golfique-1170x275-1.jpeg\"\/><\/a><\/p>\n<p>Malgr\u00e9 la temp\u00eate qui a frapp\u00e9 la c\u00f4te atlantique ce jeudi, les participants de la troisi\u00e8me et derni\u00e8re \u00e9preuve de la saison du <strong>French Golf Tour<\/strong> ont profit\u00e9 d\u2019un <strong>Golf d\u2019Hossegor<\/strong> (40) en parfaites conditions. Sur le trac\u00e9 landais aux nombreux arbres, <strong>Maxime Radureau<\/strong> a tir\u00e9 son \u00e9pingle du jeu dans ce tournoi disput\u00e9 en alliance.<\/p>\n<p>Apr\u00e8s son premier tour boucl\u00e9 en 67 (-4), le natif de Poitiers a confirm\u00e9 ce samedi avec une belle carte de 66 (-5), empochant les 3 000 \u20ac promis au meilleur pro dans un tournoi dot\u00e9 de 15 600 \u20ac. Le vainqueur de l\u2019<strong>Open de Roissy 2023<\/strong> s\u2019est impos\u00e9 avec deux longueurs d\u2019avance sur<strong> Victor Tr\u00e9het<\/strong> et trois sur <strong>Marine Griffaut. <\/strong>Cette derni\u00e8re \u00e9tait accompagn\u00e9e d\u2019une autre joueuse du LETAS, <strong>Charlotte Liautier.<\/strong><\/p>\n<p>Gr\u00e2ce \u00e0 ce succ\u00e8s, <strong>Maxime Radureau<\/strong> a \u00e9galement remport\u00e9 la <strong>Road to Ark\u00e9a<\/strong>, nom donn\u00e9 au classement g\u00e9n\u00e9ral du circuit. Il a devanc\u00e9 d\u2019un rien <strong>Mathis Pansart<\/strong>, titr\u00e9 au <strong>Vaudreuil<\/strong>, et s\u2019est offert par la m\u00eame occasion la prime de 2 000 \u20ac offerte au meilleur joueur de la saison.<\/p>\n<blockquote class=\"instagram-media\" style=\"background: #FFF; border: 0; border-radius: 3px; box-shadow: 0 0 1px 0 rgba(0,0,0,0.5),0 1px 10px 0 rgba(0,0,0,0.15); margin: 1px; max-width: 540px; min-width: 326px; padding: 0; width: calc(100% - 2px);\" data-instgrm-captioned=\"\" data-instgrm-permalink=\"https:\/\/www.instagram.com\/reel\/DQO4iqkjRVT\/?utm_source=ig_embed&amp;utm_campaign=loading\" data-instgrm-version=\"14\"><p>&#13;<br \/>\n&#13;\n<\/p><\/blockquote>\n<p>Rendez-vous en 2026<\/p>\n<p>Directeur et cr\u00e9ateur du <strong>French Golf Tour, Xavier Dutrieu<\/strong> s\u2019est montr\u00e9 heureux de la troisi\u00e8me ann\u00e9e de son mini-circuit. \u00ab Je suis tr\u00e8s content de cette nouvelle saison, nous avons fait quasiment champ complet sur toutes les \u00e9preuves, s\u2019est-il f\u00e9licit\u00e9. C\u2019est pr\u00e8s de 400 joueurs qui sont venus sur notre circuit en 2025. Il y a \u00e9galement un renouvellement de joueurs et de g\u00e9n\u00e9rations, avec notamment des jeunes issus des circuits satellites qui viennent se confronter \u00e0 des joueurs plus exp\u00e9riment\u00e9s. \u00bb<\/p>\n<p>Il l\u2019a d\u2019ores et d\u00e9j\u00e0 annonc\u00e9, le <strong>French Golf Tour<\/strong> sera de retour avec au minimum trois \u00e9preuves l\u2019an prochain. \u00ab Pour 2026, on va repartir au minimum sur les m\u00eames bases, a-t-il confirm\u00e9. C\u2019est tr\u00e8s positif car \u00e7a veut dire que la formule marche, que l\u2019on arrive \u00e0 avoir l\u2019adh\u00e9sion des professionnels et des amateurs, mais aussi des sponsors que je remercie. Il y a l\u2019envie de faire des tournois suppl\u00e9mentaires ; pour cela, il va falloir convaincre de nouveaux partenaires. Je souhaiterais faire une \u00e9preuve de tr\u00e8s belle structure dans le Sud-Est. Je r\u00e9fl\u00e9chis \u00e9galement \u00e0 un format innovant en match-play. \u00bb<\/p>\n<p>Le circuit est notamment port\u00e9 par <strong>Ark\u00e9a Banque Entreprises &amp; Institutionnels<\/strong><a href=\"https:\/\/www.golfplanete.com\/actualites\/arkea-banque-lun-des-nouveaux-acteurs-majeurs-du-golf-francais\/\" rel=\"nofollow noopener\" target=\"_blank\">. Ce nouvel acteur important du golf fran\u00e7ais<\/a> va \u00e9galement continuer son partenariat avec le circuit l\u2019an prochain. \u00ab C\u2019\u00e9tait une belle ann\u00e9e 2025 pour ce circuit, notamment avec l\u2019\u00e9preuve tr\u00e8s appr\u00e9ci\u00e9e chez Jean-Claude Forestier (au Vaudreuil), a soulign\u00e9 <strong>Bertrand Blanpain<\/strong>, pr\u00e9sident du directoire du groupe mutualiste. La finale a tenu toutes ses promesses sur ce magnifique parcours d\u2019Hossegor. Donc oui, ravi de cette \u00e9dition 2025 et en route pour 2026, en esp\u00e9rant que d\u2019autres sponsors nous rejoignent pour faire encore plus d\u2019\u00e9preuves pour les joueurs professionnels fran\u00e7ais. \u00bb<\/p>\n<p>\t\t\t\t<img loading=\"lazy\" decoding=\"async\" src=\"data:image\/svg+xml,%3Csvg%20xmlns=\" http:=\"\" attributionsrc=\"\" border=\"0\" height=\"1\" width=\"1\" alt=\"Advertisement\" data-lazy-src=\"https:\/\/www.europesays.com\/fr\/wp-content\/uploads\/2025\/10\/B33047934.424844126;dc_trk_aid=615928068;dc_trk_cid=236605808;ord=[timestamp];dc_lat=;dc_rdid=;tag_f.gif\"\/><\/p>\n<p>\t\t\t\t\t<a id=\"179412\" href=\"https:\/\/ad.doubleclick.net\/ddm\/trackclk\/N1153799.3770024GOLFPLANATE\/B33047934.424844126;dc_trk_aid=615928068;dc_trk_cid=236605808;dc_lat=;dc_rdid=;tag_for_child_directed_treatment=;tfua=;gdpr=${GDPR};gdpr_consent=${GDPR_CONSENT_755};ltd=;dc_tdv=1\" target=\"_blank\" rel=\"sponsorised nofollow noopener\"><img decoding=\"async\" src=\"data:image\/svg+xml,%3Csvg%20xmlns=\" http:=\"\" class=\"img-responsive\" alt=\"\" data-lazy-src=\"https:\/\/www.europesays.com\/fr\/wp-content\/uploads\/2025\/07\/callaway-e01-apex-v1-1170x275-1.jpg\"\/><\/a><br \/>\nLe leaderboard<\/p>\n<p><img loading=\"lazy\" decoding=\"async\" class=\"alignnone wp-image-189965 size-large\" src=\"data:image\/svg+xml,%3Csvg%20xmlns=\" http:=\"\" alt=\"\" width=\"770\" height=\"563\" data-lazy- data-lazy- data-lazy-src=\"https:\/\/www.europesays.com\/fr\/wp-content\/uploads\/2025\/10\/capture-decran-2025-10-25-a-19.51.19-770x563.png\"\/><\/p>\n<p>\u00a9Bernard Dugros\/French Golf Tour<\/p>\n<p>\t\t\t<script async src=\"\/\/www.instagram.com\/embed.js\"><\/script><\/p>\n","protected":false},"excerpt":{"rendered":"Partager cet article Partager la publication \u00ab\u00a0Le coup parfait de Maxime Radureau \u00e0 Hossegor\u00a0\u00bb Gr\u00e2ce \u00e0 sa victoire&hellip;\n","protected":false},"author":2,"featured_media":489939,"comment_status":"","ping_status":"","sticky":false,"template":"","format":"standard","meta":{"footnotes":""},"categories":[1418],"tags":[1011,27,1472,60],"class_list":{"0":"post-489938","1":"post","2":"type-post","3":"status-publish","4":"format-standard","5":"has-post-thumbnail","7":"category-golf","8":"tag-fr","9":"tag-france","10":"tag-golf","11":"tag-sports"},"share_on_mastodon":{"url":"https:\/\/pubeurope.com\/@fr\/115437172581296693","error":""},"_links":{"self":[{"href":"https:\/\/www.europesays.com\/fr\/wp-json\/wp\/v2\/posts\/489938","targetHints":{"allow":["GET"]}}],"collection":[{"href":"https:\/\/www.europesays.com\/fr\/wp-json\/wp\/v2\/posts"}],"about":[{"href":"https:\/\/www.europesays.com\/fr\/wp-json\/wp\/v2\/types\/post"}],"author":[{"embeddable":true,"href":"https:\/\/www.europesays.com\/fr\/wp-json\/wp\/v2\/users\/2"}],"replies":[{"embeddable":true,"href":"https:\/\/www.europesays.com\/fr\/wp-json\/wp\/v2\/comments?post=489938"}],"version-history":[{"count":0,"href":"https:\/\/www.europesays.com\/fr\/wp-json\/wp\/v2\/posts\/489938\/revisions"}],"wp:featuredmedia":[{"embeddable":true,"href":"https:\/\/www.europesays.com\/fr\/wp-json\/wp\/v2\/media\/489939"}],"wp:attachment":[{"href":"https:\/\/www.europesays.com\/fr\/wp-json\/wp\/v2\/media?parent=489938"}],"wp:term":[{"taxonomy":"category","embeddable":true,"href":"https:\/\/www.europesays.com\/fr\/wp-json\/wp\/v2\/categories?post=489938"},{"taxonomy":"post_tag","embeddable":true,"href":"https:\/\/www.europesays.com\/fr\/wp-json\/wp\/v2\/tags?post=489938"}],"curies":[{"name":"wp","href":"https:\/\/api.w.org\/{rel}","templated":true}]}}