{"id":489942,"date":"2025-10-25T22:31:19","date_gmt":"2025-10-25T22:31:19","guid":{"rendered":"https:\/\/www.europesays.com\/fr\/489942\/"},"modified":"2025-10-25T22:31:19","modified_gmt":"2025-10-25T22:31:19","slug":"pas-beaucoup-despoir-blesse-avec-lubb-jalibert-vers-un-forfait-en-bleu","status":"publish","type":"post","link":"https:\/\/www.europesays.com\/fr\/489942\/","title":{"rendered":"\u00abPas beaucoup d\u2019espoir\u2026\u00bb, bless\u00e9 avec l\u2019UBB, Jalibert vers un forfait en bleu"},"content":{"rendered":"<p>\n    Touch\u00e9 \u00e0 une cuisse, Matthieu Jalibert a quitt\u00e9 la pelouse \u00e0 la 76e minute de la rencontre entre l\u2019UBB et Bayonne, ce samedi soir.<\/p>\n<p class=\"fig-paragraph\">La grimace am\u00e8re n\u2019augurait rien de bon. \u00c0 quatre minutes de la fin du choc de Top 14 entre l\u2019UBB et l\u2019Aviron Bayonnais,\u00a0<a href=\"https:\/\/www.lefigaro.fr\/sports\/rugby\/live\/top-14\/2026\/947978\/bordeaux-begles-bayonne\" data-fig-type=\"Live\" data-gtm-custom-categorie=\"navigation\" data-gtm-custom-action=\"crossclick\" data-gtm-custom-label=\"Contextuel\" data-gtm-event=\"customEventSPE\" data-fig-domain=\"LEFIGARO\" rel=\"nofollow noopener\" target=\"_blank\">largement remport\u00e9 par les champions d\u2019Europe 41-12\u00a0<\/a>ce samedi soir \u00e0 Bordeaux, Matthieu Jalibert a demand\u00e9 \u00e0 quitter la pelouse, se plaignant de la cuisse droite.<\/p>\n<p class=\"fig-paragraph\">Quelques minutes plus tard, l\u2019ouvreur girondin confirmait la mauvaise impression au micro de Canal +. \u00abJ\u2019ai senti un truc bizarre \u00e0 la cuisse o\u00f9 j\u2019ai des ant\u00e9c\u00e9dents depuis plusieurs ann\u00e9es. Au ressenti, je n\u2019ai pas l\u2019impression que ce soit tr\u00e8s positif\u00bb, confiait-il, t\u00eate basse.<\/p>\n<p>\u00ab Je sais que c\u2019est une zone sensible chez moi. Honn\u00eatement je n\u2019ai pas beaucoup d\u2019espoir.\u00a0\u00bb<\/p>\n<p>                                    <a class=\"fig-a11y-skip a11y-hidden\" href=\"#fig-a11y-skip-main-inarticle\"><br \/>\n        Passer la publicit\u00e9<br \/>\n    <\/a><\/p>\n<p class=\"fig-paragraph\">Une blessure r\u00e9currente aux ischio-jambiers qui l\u2019avait contraint, entre autres, de disputer la finale du Top 14 2024 tr\u00e8s amoindri. \u00abJe sais que c\u2019est une zone sensible chez moi. Honn\u00eatement je n\u2019ai pas beaucoup d\u2019espoir. \u00c7a me g\u00e2che la f\u00eate ce soir\u00bb, reconnaissait Matthieu Jalibert.<\/p>\n<p class=\"fig-paragraph\">Il est donc fort probable que le num\u00e9ro 10 doive d\u00e9clarer forfait pour\u00a0<a href=\"http:\/\/www.lefigaro.fr\/sports\/rugby\/xv-de-france\/xv-de-france-brau-boirie-gourgues-capilla-cramont-la-liste-des-42-bleus-pour-la-tournee-de-novembre-20251022\" data-fig-type=\"NewsFlash\" data-gtm-custom-categorie=\"navigation\" data-gtm-custom-action=\"crossclick\" data-gtm-custom-label=\"Contextuel\" data-gtm-event=\"customEventSPE\" data-fig-domain=\"LEFIGARO\" rel=\"nofollow noopener\" target=\"_blank\">le rassemblement du XV de France<\/a>, ce dimanche \u00e0 Marcoussis. Les Bleus vont y d\u00e9buter la pr\u00e9paration du premier test-match de la tourn\u00e9e de novembre, l\u2019explosive revanche contre les champions du monde sud-africains, le 8 novembre au Stade de France.<\/p>\n<p>Vers un forfait contre l\u2019Afrique du Sud<\/p>\n<p class=\"fig-paragraph\">Une d\u00e9ception \u00e0 la mesure de ses espoirs. Matthieu Jalibert r\u00e9alisait un excellent d\u00e9but de saison avec l\u2019UBB, pouvant pr\u00e9tendre \u00e0 une place de titulaire face aux Springboks. \u00abJ\u2019esp\u00e8re que ce n\u2019est pas grave pour sa cuisse car il m\u00e9rite vraiment de participer \u00e0 cette p\u00e9riode internationale apr\u00e8s tous les efforts qu\u2019il a faits et sa transformation aussi sur le plan physique\u00bb, a appuy\u00e9 le manager de l\u2019UBB, Yannick Bru, en conf\u00e9rence de presse.<\/p>\n<p class=\"fig-paragraph\">Dans le groupe retenu par Fabien Galthi\u00e9, il resterait deux ouvreurs, le Toulousain Romain Ntamack et le Bayonnais Joris Segonds. Si le forfait du Bordelais devait se confirmer, le Rochelais Antoine Hastoy est en pole position pour \u00eatre appel\u00e9.<\/p>\n","protected":false},"excerpt":{"rendered":"Touch\u00e9 \u00e0 une cuisse, Matthieu Jalibert a quitt\u00e9 la pelouse \u00e0 la 76e minute de la rencontre entre&hellip;\n","protected":false},"author":2,"featured_media":489943,"comment_status":"","ping_status":"","sticky":false,"template":"","format":"standard","meta":{"footnotes":""},"categories":[1416],"tags":[1011,27,24802,479,1468,60,478,4364],"class_list":{"0":"post-489942","1":"post","2":"type-post","3":"status-publish","4":"format-standard","5":"has-post-thumbnail","7":"category-rugby","8":"tag-fr","9":"tag-france","10":"tag-matthieu-jalibert","11":"tag-rugby","12":"tag-rugby-football","13":"tag-sports","14":"tag-top-14","15":"tag-ubb"},"share_on_mastodon":{"url":"https:\/\/pubeurope.com\/@fr\/115437180307475662","error":""},"_links":{"self":[{"href":"https:\/\/www.europesays.com\/fr\/wp-json\/wp\/v2\/posts\/489942","targetHints":{"allow":["GET"]}}],"collection":[{"href":"https:\/\/www.europesays.com\/fr\/wp-json\/wp\/v2\/posts"}],"about":[{"href":"https:\/\/www.europesays.com\/fr\/wp-json\/wp\/v2\/types\/post"}],"author":[{"embeddable":true,"href":"https:\/\/www.europesays.com\/fr\/wp-json\/wp\/v2\/users\/2"}],"replies":[{"embeddable":true,"href":"https:\/\/www.europesays.com\/fr\/wp-json\/wp\/v2\/comments?post=489942"}],"version-history":[{"count":0,"href":"https:\/\/www.europesays.com\/fr\/wp-json\/wp\/v2\/posts\/489942\/revisions"}],"wp:featuredmedia":[{"embeddable":true,"href":"https:\/\/www.europesays.com\/fr\/wp-json\/wp\/v2\/media\/489943"}],"wp:attachment":[{"href":"https:\/\/www.europesays.com\/fr\/wp-json\/wp\/v2\/media?parent=489942"}],"wp:term":[{"taxonomy":"category","embeddable":true,"href":"https:\/\/www.europesays.com\/fr\/wp-json\/wp\/v2\/categories?post=489942"},{"taxonomy":"post_tag","embeddable":true,"href":"https:\/\/www.europesays.com\/fr\/wp-json\/wp\/v2\/tags?post=489942"}],"curies":[{"name":"wp","href":"https:\/\/api.w.org\/{rel}","templated":true}]}}