{"id":489946,"date":"2025-10-25T22:36:24","date_gmt":"2025-10-25T22:36:24","guid":{"rendered":"https:\/\/www.europesays.com\/fr\/489946\/"},"modified":"2025-10-25T22:36:24","modified_gmt":"2025-10-25T22:36:24","slug":"doubs-les-champions-cyclistes-juliette-labous-et-clement-berthet-se-sont-dit-oui-pour-la-vie","status":"publish","type":"post","link":"https:\/\/www.europesays.com\/fr\/489946\/","title":{"rendered":"Doubs. Les champions cyclistes Juliette Labous et Cl\u00e9ment Berthet se sont dit oui pour la vie"},"content":{"rendered":"<p>\u00ab\u00a0F\u00e9licitations \u00e0 Juliette et Cl\u00e9ment de la part des Falcomontais.\u00a0\u00bb En ce samedi apr\u00e8s-midi gris et humide, Montfaucon affiche la couleur\u00a0: Juliette Labous et Cl\u00e9ment Berthet ont choisi cette commune de 1600 habitants situ\u00e9e sur les hauteurs de Besan\u00e7on o\u00f9 ils r\u00e9sident depuis cinq ans pour unir leurs destin\u00e9es.<\/p>\n<p>Un privil\u00e8ge pour le maire Pierre Contoz qui boucle ainsi en beaut\u00e9 son quatri\u00e8me et dernier mandat \u00e0 la t\u00eate de la commune. \u00ab\u00a0Je suis heureux de vous accueillir dans votre mairie et fier que vous ayez choisi votre commune de r\u00e9sidence pour vous marier alors que vous aviez d\u2019autres possibilit\u00e9s [\u2026]. Ce n\u2019est pas tous les jours que l\u2019on marie deux sportifs de haut niveau\u00a0!\u00a0\u00bb.<\/p>\n<p>  Roues de v\u00e9lo et clarines<\/p>\n<p>En couple depuis 2016, <a href=\"https:\/\/www.estrepublicain.fr\/sport\/2025\/10\/22\/juliette-labous-meilleure-francaise-de-la-saison-son-equipe-au-sommet\" target=\"_blank\" rel=\"noopener\">la Doubienne<\/a> originaire de Roche-lez-Beaupr\u00e9 et <a href=\"https:\/\/www.estrepublicain.fr\/sport\/2025\/10\/10\/l-espoir-de-romain-gregoire-et-l-adieu-de-clement-berthet\" target=\"_blank\" rel=\"noopener\">le haut Jurassien<\/a> de Longchaumois ont en effet acquis une maison dans ce bourg cossu il y a cinq ans et se sont depuis totalement fondu dans le paysage local. \u00ab\u00a0C\u2019est un couple super qui a d\u00e9clench\u00e9 un vrai \u00e9lan de sympathie imm\u00e9diatement apr\u00e8s son installation ici, pr\u00e9cise Pierre Contoz. Leur emploi du temps fait qu\u2019ils ne sont pas toujours \u00e0 Montfaucon mais quand ils y sont, <a href=\"https:\/\/www.estrepublicain.fr\/sport\/2025\/03\/19\/juliette-labous-et-clement-berthet-ont-roule-avec-les-jeunes-du-vc-morteau-montbenoit\" target=\"_blank\" rel=\"noopener\">ils ont toujours un mot pour chacun et Juliette est m\u00eame intervenue \u00e0 l\u2019\u00e9cole pour y faire une causerie.<\/a> \u00a0\u00bb Le temps d\u2019un samedi, Montfaucon a toutefois d\u00e9rog\u00e9 \u00e0 son habituelle qui\u00e9tude pour c\u00e9l\u00e9brer le mariage de ses deux champions en compagnie de nombreuses personnalit\u00e9s du milieu cycliste\u00a0: sur la place de la mairie, on a pu croiser L\u00e9a Curnier, \u00c9glantine Rayer et \u00c9vita Muzic, actuelles co\u00e9quipi\u00e8res de la mari\u00e9e, mais aussi Joshua Dubau et Jean-Baptiste Quiclet, amis du mari\u00e9.<\/p>\n<p>Tout ce petit monde s\u2019est ainsi retrouv\u00e9 pour une bruyante haie d\u2019honneur aux deux \u00e9poux \u00e0 grand renfort de roues de v\u00e9lo et de clarines. Le couple a ensuite pris place dans un Hummer rutilant pour y poursuivre la journ\u00e9e et la soir\u00e9e avant de mettre le cap sur les rives de la M\u00e9diterran\u00e9e o\u00f9 l\u2019attendent des vacances bien m\u00e9rit\u00e9es.<\/p>\n","protected":false},"excerpt":{"rendered":"\u00ab\u00a0F\u00e9licitations \u00e0 Juliette et Cl\u00e9ment de la part des Falcomontais.\u00a0\u00bb En ce samedi apr\u00e8s-midi gris et humide, Montfaucon&hellip;\n","protected":false},"author":2,"featured_media":489947,"comment_status":"","ping_status":"","sticky":false,"template":"","format":"standard","meta":{"footnotes":""},"categories":[1411],"tags":[9223,49704,1154,207,8026,14383,1011,27,1930,61262,11058,104,60,11098],"class_list":{"0":"post-489946","1":"post","2":"type-post","3":"status-publish","4":"format-standard","5":"has-post-thumbnail","7":"category-cyclisme","8":"tag-carnet-du-jour","9":"tag-cu-du-grand-besancon-metropole-25a","10":"tag-cycling","11":"tag-cyclisme","12":"tag-doubs","13":"tag-edition-besancon","14":"tag-fr","15":"tag-france","16":"tag-mariage","17":"tag-montfaucon","18":"tag-region-franche-comte","19":"tag-societe","20":"tag-sports","21":"tag-tour-de-france-femmes"},"share_on_mastodon":{"url":"https:\/\/pubeurope.com\/@fr\/115437199935999057","error":""},"_links":{"self":[{"href":"https:\/\/www.europesays.com\/fr\/wp-json\/wp\/v2\/posts\/489946","targetHints":{"allow":["GET"]}}],"collection":[{"href":"https:\/\/www.europesays.com\/fr\/wp-json\/wp\/v2\/posts"}],"about":[{"href":"https:\/\/www.europesays.com\/fr\/wp-json\/wp\/v2\/types\/post"}],"author":[{"embeddable":true,"href":"https:\/\/www.europesays.com\/fr\/wp-json\/wp\/v2\/users\/2"}],"replies":[{"embeddable":true,"href":"https:\/\/www.europesays.com\/fr\/wp-json\/wp\/v2\/comments?post=489946"}],"version-history":[{"count":0,"href":"https:\/\/www.europesays.com\/fr\/wp-json\/wp\/v2\/posts\/489946\/revisions"}],"wp:featuredmedia":[{"embeddable":true,"href":"https:\/\/www.europesays.com\/fr\/wp-json\/wp\/v2\/media\/489947"}],"wp:attachment":[{"href":"https:\/\/www.europesays.com\/fr\/wp-json\/wp\/v2\/media?parent=489946"}],"wp:term":[{"taxonomy":"category","embeddable":true,"href":"https:\/\/www.europesays.com\/fr\/wp-json\/wp\/v2\/categories?post=489946"},{"taxonomy":"post_tag","embeddable":true,"href":"https:\/\/www.europesays.com\/fr\/wp-json\/wp\/v2\/tags?post=489946"}],"curies":[{"name":"wp","href":"https:\/\/api.w.org\/{rel}","templated":true}]}}